{"id":35748,"date":"2017-11-28T18:25:59","date_gmt":"2017-11-28T17:25:59","guid":{"rendered":"http:\/\/inmocosta.com\/la-costa-brava-lany-1926\/"},"modified":"2018-06-29T10:26:58","modified_gmt":"2018-06-29T09:26:58","slug":"la-costa-brava-lany-1926","status":"publish","type":"post","link":"https:\/\/inmocosta.com\/en\/la-costa-brava-lany-1926\/","title":{"rendered":"The Costa Brava on  1926"},"content":{"rendered":"<h2>LLafranch, Aiguablava, Begur, L&#8217;Estartit, L&#8217;Escala, Badia de Roses, Cadaqu\u00e9s, Port de la Selva i LLan\u00e7\u00e0.<\/h2>\n<p>Preci\u00f3s video que ha arribat a les meves mans gr\u00e0cies a la meva mare.<\/p>\n<div class=\"video-container\"><iframe width=\"1200\" height=\"900\" src=\"https:\/\/www.youtube.com\/embed\/ew7keKpXp_c?feature=oembed\" frameborder=\"0\" allow=\"autoplay; encrypted-media\" allowfullscreen><\/iframe><\/div>\n","protected":false},"excerpt":{"rendered":"<p>LLafranch, Aiguablava, Begur, L&#8217;Estartit, L&#8217;Escala, Badia de Roses, Cadaqu\u00e9s, Port de la Selva i LLan\u00e7\u00e0. Preci\u00f3s video que ha arribat a les meves mans gr\u00e0cies a la meva mare.<\/p>\n","protected":false},"author":1,"featured_media":35744,"comment_status":"closed","ping_status":"open","sticky":false,"template":"","format":"standard","meta":{"footnotes":""},"categories":[263,421,300,309],"tags":[556,557,558,559,551,550,562,563,564,1809,1000,1808],"class_list":["post-35748","post","type-post","status-publish","format-standard","has-post-thumbnail","hentry","category-api","category-compra-vivendes-en","category-decoration","category-surroundings","tag-aiguablava-en","tag-badia-de-roses-en","tag-begur-en","tag-cadaques-en","tag-lescala","tag-lestartit","tag-llafranch-en","tag-llanca-en","tag-port-de-la-selva-en","tag-the-costa-brava-on-1926","tag-video","tag-watching"],"yoast_head":"<!-- This site is optimized with the Yoast SEO plugin v21.8 - https:\/\/yoast.com\/wordpress\/plugins\/seo\/ -->\n<title>LLafranch, Aiguablava, Begur, L&#039;Estartit, L&#039;Escala, Roses, Cadaques<\/title>\n<meta name=\"description\" content=\"LLafranch, Aiguablava, Begur, L&#039;Estartit, L&#039;Escala, Badia de Roses, Cadaqu\u00e9s, Port de la Selva i LLan\u00e7\u00e0. Inmocosta API L&#039;Estartit\" \/>\n<meta name=\"robots\" content=\"index, follow, max-snippet:-1, max-image-preview:large, max-video-preview:-1\" \/>\n<link rel=\"canonical\" href=\"https:\/\/inmocosta.com\/en\/la-costa-brava-lany-1926\/\" \/>\n<meta property=\"og:locale\" content=\"en_US\" \/>\n<meta property=\"og:type\" content=\"article\" \/>\n<meta property=\"og:title\" content=\"LLafranch, Aiguablava, Begur, L&#039;Estartit, L&#039;Escala, Roses, Cadaques\" \/>\n<meta property=\"og:description\" content=\"LLafranch, Aiguablava, Begur, L&#039;Estartit, L&#039;Escala, Badia de Roses, Cadaqu\u00e9s, Port de la Selva i LLan\u00e7\u00e0. Inmocosta API L&#039;Estartit\" \/>\n<meta property=\"og:url\" content=\"https:\/\/inmocosta.com\/en\/la-costa-brava-lany-1926\/\" \/>\n<meta property=\"og:site_name\" content=\"Inmocosta API l&#039;Estartit\" \/>\n<meta property=\"article:publisher\" content=\"https:\/\/www.facebook.com\/inmocostaapi\/\" \/>\n<meta property=\"article:published_time\" content=\"2017-11-28T17:25:59+00:00\" \/>\n<meta property=\"article:modified_time\" content=\"2018-06-29T09:26:58+00:00\" \/>\n<meta property=\"og:image\" content=\"https:\/\/inmocosta.com\/wp-content\/uploads\/2017\/11\/llevantina.jpg\" \/>\n\t<meta property=\"og:image:width\" content=\"576\" \/>\n\t<meta property=\"og:image:height\" content=\"417\" \/>\n\t<meta property=\"og:image:type\" content=\"image\/jpeg\" \/>\n<meta name=\"author\" content=\"info@inmocosta.com\" \/>\n<meta name=\"twitter:card\" content=\"summary_large_image\" \/>\n<meta name=\"twitter:label1\" content=\"Written by\" \/>\n\t<meta name=\"twitter:data1\" content=\"info@inmocosta.com\" \/>\n<script type=\"application\/ld+json\" class=\"yoast-schema-graph\">{\"@context\":\"https:\/\/schema.org\",\"@graph\":[{\"@type\":\"Article\",\"@id\":\"https:\/\/inmocosta.com\/en\/la-costa-brava-lany-1926\/#article\",\"isPartOf\":{\"@id\":\"https:\/\/inmocosta.com\/en\/la-costa-brava-lany-1926\/\"},\"author\":{\"name\":\"info@inmocosta.com\",\"@id\":\"https:\/\/inmocosta.com\/en\/#\/schema\/person\/c1158d0f764ec40f4b366ff7afc7ddd8\"},\"headline\":\"The Costa Brava on 1926\",\"datePublished\":\"2017-11-28T17:25:59+00:00\",\"dateModified\":\"2018-06-29T09:26:58+00:00\",\"mainEntityOfPage\":{\"@id\":\"https:\/\/inmocosta.com\/en\/la-costa-brava-lany-1926\/\"},\"wordCount\":44,\"publisher\":{\"@id\":\"https:\/\/inmocosta.com\/en\/#organization\"},\"keywords\":[\"Aiguablava\",\"badia de Roses\",\"Begur\",\"Cadaqu\u00e9s\",\"L'Escala\",\"l'estartit\",\"LLafranch\",\"Llan\u00e7\u00e0\",\"Port de la Selva\",\"The Costa Brava on 1926\",\"vid\u00e9o\",\"watching\"],\"articleSection\":[\"API\",\"Compra Vivendes\",\"decoration\",\"surroundings\"],\"inLanguage\":\"en-US\"},{\"@type\":\"WebPage\",\"@id\":\"https:\/\/inmocosta.com\/en\/la-costa-brava-lany-1926\/\",\"url\":\"https:\/\/inmocosta.com\/en\/la-costa-brava-lany-1926\/\",\"name\":\"LLafranch, Aiguablava, Begur, L'Estartit, L'Escala, Roses, Cadaques\",\"isPartOf\":{\"@id\":\"https:\/\/inmocosta.com\/en\/#website\"},\"datePublished\":\"2017-11-28T17:25:59+00:00\",\"dateModified\":\"2018-06-29T09:26:58+00:00\",\"description\":\"LLafranch, Aiguablava, Begur, L'Estartit, L'Escala, Badia de Roses, Cadaqu\u00e9s, Port de la Selva i LLan\u00e7\u00e0. Inmocosta API L'Estartit\",\"breadcrumb\":{\"@id\":\"https:\/\/inmocosta.com\/en\/la-costa-brava-lany-1926\/#breadcrumb\"},\"inLanguage\":\"en-US\",\"potentialAction\":[{\"@type\":\"ReadAction\",\"target\":[\"https:\/\/inmocosta.com\/en\/la-costa-brava-lany-1926\/\"]}]},{\"@type\":\"BreadcrumbList\",\"@id\":\"https:\/\/inmocosta.com\/en\/la-costa-brava-lany-1926\/#breadcrumb\",\"itemListElement\":[{\"@type\":\"ListItem\",\"position\":1,\"name\":\"Home\",\"item\":\"https:\/\/inmocosta.com\/en\/\"},{\"@type\":\"ListItem\",\"position\":2,\"name\":\"The Costa Brava on 1926\"}]},{\"@type\":\"WebSite\",\"@id\":\"https:\/\/inmocosta.com\/en\/#website\",\"url\":\"https:\/\/inmocosta.com\/en\/\",\"name\":\"Inmocosta API l&#039;Estartit\",\"description\":\"Ag\u00e8ncia immobiliaria dedicada exclusivament a la compra venda d\u00b4immobles . L&#039;assessorem en la compra del seu habitatge. Comprar cases, pisos, apartaments.\",\"publisher\":{\"@id\":\"https:\/\/inmocosta.com\/en\/#organization\"},\"potentialAction\":[{\"@type\":\"SearchAction\",\"target\":{\"@type\":\"EntryPoint\",\"urlTemplate\":\"https:\/\/inmocosta.com\/en\/?s={search_term_string}\"},\"query-input\":\"required name=search_term_string\"}],\"inLanguage\":\"en-US\"},{\"@type\":\"Organization\",\"@id\":\"https:\/\/inmocosta.com\/en\/#organization\",\"name\":\"Inmocosta API L'Estartit\",\"url\":\"https:\/\/inmocosta.com\/en\/\",\"logo\":{\"@type\":\"ImageObject\",\"inLanguage\":\"en-US\",\"@id\":\"https:\/\/inmocosta.com\/en\/#\/schema\/logo\/image\/\",\"url\":\"https:\/\/inmocosta.com\/wp-content\/uploads\/2025\/01\/imatge_usuari.png\",\"contentUrl\":\"https:\/\/inmocosta.com\/wp-content\/uploads\/2025\/01\/imatge_usuari.png\",\"width\":500,\"height\":500,\"caption\":\"Inmocosta API L'Estartit\"},\"image\":{\"@id\":\"https:\/\/inmocosta.com\/en\/#\/schema\/logo\/image\/\"},\"sameAs\":[\"https:\/\/www.facebook.com\/inmocostaapi\/\",\"https:\/\/www.instagram.com\/inmocosta_api\/\",\"https:\/\/www.youtube.com\/channel\/UCidmbkY6BpJG9MA_OQUZgYQ\"]},{\"@type\":\"Person\",\"@id\":\"https:\/\/inmocosta.com\/en\/#\/schema\/person\/c1158d0f764ec40f4b366ff7afc7ddd8\",\"name\":\"info@inmocosta.com\",\"image\":{\"@type\":\"ImageObject\",\"inLanguage\":\"en-US\",\"@id\":\"https:\/\/inmocosta.com\/en\/#\/schema\/person\/image\/\",\"url\":\"https:\/\/secure.gravatar.com\/avatar\/6fcb462a4ecd1323c01cea6303344762c4ebd0c5a2d8936b060b9188b467a7e9?s=96&d=mm&r=g\",\"contentUrl\":\"https:\/\/secure.gravatar.com\/avatar\/6fcb462a4ecd1323c01cea6303344762c4ebd0c5a2d8936b060b9188b467a7e9?s=96&d=mm&r=g\",\"caption\":\"info@inmocosta.com\"}}]}<\/script>\n<!-- \/ Yoast SEO plugin. -->","yoast_head_json":{"title":"LLafranch, Aiguablava, Begur, L'Estartit, L'Escala, Roses, Cadaques","description":"LLafranch, Aiguablava, Begur, L'Estartit, L'Escala, Badia de Roses, Cadaqu\u00e9s, Port de la Selva i LLan\u00e7\u00e0. Inmocosta API L'Estartit","robots":{"index":"index","follow":"follow","max-snippet":"max-snippet:-1","max-image-preview":"max-image-preview:large","max-video-preview":"max-video-preview:-1"},"canonical":"https:\/\/inmocosta.com\/en\/la-costa-brava-lany-1926\/","og_locale":"en_US","og_type":"article","og_title":"LLafranch, Aiguablava, Begur, L'Estartit, L'Escala, Roses, Cadaques","og_description":"LLafranch, Aiguablava, Begur, L'Estartit, L'Escala, Badia de Roses, Cadaqu\u00e9s, Port de la Selva i LLan\u00e7\u00e0. Inmocosta API L'Estartit","og_url":"https:\/\/inmocosta.com\/en\/la-costa-brava-lany-1926\/","og_site_name":"Inmocosta API l&#039;Estartit","article_publisher":"https:\/\/www.facebook.com\/inmocostaapi\/","article_published_time":"2017-11-28T17:25:59+00:00","article_modified_time":"2018-06-29T09:26:58+00:00","og_image":[{"width":576,"height":417,"url":"https:\/\/inmocosta.com\/wp-content\/uploads\/2017\/11\/llevantina.jpg","type":"image\/jpeg"}],"author":"info@inmocosta.com","twitter_card":"summary_large_image","twitter_misc":{"Written by":"info@inmocosta.com"},"schema":{"@context":"https:\/\/schema.org","@graph":[{"@type":"Article","@id":"https:\/\/inmocosta.com\/en\/la-costa-brava-lany-1926\/#article","isPartOf":{"@id":"https:\/\/inmocosta.com\/en\/la-costa-brava-lany-1926\/"},"author":{"name":"info@inmocosta.com","@id":"https:\/\/inmocosta.com\/en\/#\/schema\/person\/c1158d0f764ec40f4b366ff7afc7ddd8"},"headline":"The Costa Brava on 1926","datePublished":"2017-11-28T17:25:59+00:00","dateModified":"2018-06-29T09:26:58+00:00","mainEntityOfPage":{"@id":"https:\/\/inmocosta.com\/en\/la-costa-brava-lany-1926\/"},"wordCount":44,"publisher":{"@id":"https:\/\/inmocosta.com\/en\/#organization"},"keywords":["Aiguablava","badia de Roses","Begur","Cadaqu\u00e9s","L'Escala","l'estartit","LLafranch","Llan\u00e7\u00e0","Port de la Selva","The Costa Brava on 1926","vid\u00e9o","watching"],"articleSection":["API","Compra Vivendes","decoration","surroundings"],"inLanguage":"en-US"},{"@type":"WebPage","@id":"https:\/\/inmocosta.com\/en\/la-costa-brava-lany-1926\/","url":"https:\/\/inmocosta.com\/en\/la-costa-brava-lany-1926\/","name":"LLafranch, Aiguablava, Begur, L'Estartit, L'Escala, Roses, Cadaques","isPartOf":{"@id":"https:\/\/inmocosta.com\/en\/#website"},"datePublished":"2017-11-28T17:25:59+00:00","dateModified":"2018-06-29T09:26:58+00:00","description":"LLafranch, Aiguablava, Begur, L'Estartit, L'Escala, Badia de Roses, Cadaqu\u00e9s, Port de la Selva i LLan\u00e7\u00e0. Inmocosta API L'Estartit","breadcrumb":{"@id":"https:\/\/inmocosta.com\/en\/la-costa-brava-lany-1926\/#breadcrumb"},"inLanguage":"en-US","potentialAction":[{"@type":"ReadAction","target":["https:\/\/inmocosta.com\/en\/la-costa-brava-lany-1926\/"]}]},{"@type":"BreadcrumbList","@id":"https:\/\/inmocosta.com\/en\/la-costa-brava-lany-1926\/#breadcrumb","itemListElement":[{"@type":"ListItem","position":1,"name":"Home","item":"https:\/\/inmocosta.com\/en\/"},{"@type":"ListItem","position":2,"name":"The Costa Brava on 1926"}]},{"@type":"WebSite","@id":"https:\/\/inmocosta.com\/en\/#website","url":"https:\/\/inmocosta.com\/en\/","name":"Inmocosta API l&#039;Estartit","description":"Ag\u00e8ncia immobiliaria dedicada exclusivament a la compra venda d\u00b4immobles . L&#039;assessorem en la compra del seu habitatge. Comprar cases, pisos, apartaments.","publisher":{"@id":"https:\/\/inmocosta.com\/en\/#organization"},"potentialAction":[{"@type":"SearchAction","target":{"@type":"EntryPoint","urlTemplate":"https:\/\/inmocosta.com\/en\/?s={search_term_string}"},"query-input":"required name=search_term_string"}],"inLanguage":"en-US"},{"@type":"Organization","@id":"https:\/\/inmocosta.com\/en\/#organization","name":"Inmocosta API L'Estartit","url":"https:\/\/inmocosta.com\/en\/","logo":{"@type":"ImageObject","inLanguage":"en-US","@id":"https:\/\/inmocosta.com\/en\/#\/schema\/logo\/image\/","url":"https:\/\/inmocosta.com\/wp-content\/uploads\/2025\/01\/imatge_usuari.png","contentUrl":"https:\/\/inmocosta.com\/wp-content\/uploads\/2025\/01\/imatge_usuari.png","width":500,"height":500,"caption":"Inmocosta API L'Estartit"},"image":{"@id":"https:\/\/inmocosta.com\/en\/#\/schema\/logo\/image\/"},"sameAs":["https:\/\/www.facebook.com\/inmocostaapi\/","https:\/\/www.instagram.com\/inmocosta_api\/","https:\/\/www.youtube.com\/channel\/UCidmbkY6BpJG9MA_OQUZgYQ"]},{"@type":"Person","@id":"https:\/\/inmocosta.com\/en\/#\/schema\/person\/c1158d0f764ec40f4b366ff7afc7ddd8","name":"info@inmocosta.com","image":{"@type":"ImageObject","inLanguage":"en-US","@id":"https:\/\/inmocosta.com\/en\/#\/schema\/person\/image\/","url":"https:\/\/secure.gravatar.com\/avatar\/6fcb462a4ecd1323c01cea6303344762c4ebd0c5a2d8936b060b9188b467a7e9?s=96&d=mm&r=g","contentUrl":"https:\/\/secure.gravatar.com\/avatar\/6fcb462a4ecd1323c01cea6303344762c4ebd0c5a2d8936b060b9188b467a7e9?s=96&d=mm&r=g","caption":"info@inmocosta.com"}}]}},"_links":{"self":[{"href":"https:\/\/inmocosta.com\/en\/wp-json\/wp\/v2\/posts\/35748","targetHints":{"allow":["GET"]}}],"collection":[{"href":"https:\/\/inmocosta.com\/en\/wp-json\/wp\/v2\/posts"}],"about":[{"href":"https:\/\/inmocosta.com\/en\/wp-json\/wp\/v2\/types\/post"}],"author":[{"embeddable":true,"href":"https:\/\/inmocosta.com\/en\/wp-json\/wp\/v2\/users\/1"}],"replies":[{"embeddable":true,"href":"https:\/\/inmocosta.com\/en\/wp-json\/wp\/v2\/comments?post=35748"}],"version-history":[{"count":1,"href":"https:\/\/inmocosta.com\/en\/wp-json\/wp\/v2\/posts\/35748\/revisions"}],"predecessor-version":[{"id":35753,"href":"https:\/\/inmocosta.com\/en\/wp-json\/wp\/v2\/posts\/35748\/revisions\/35753"}],"wp:featuredmedia":[{"embeddable":true,"href":"https:\/\/inmocosta.com\/en\/wp-json\/wp\/v2\/media\/35744"}],"wp:attachment":[{"href":"https:\/\/inmocosta.com\/en\/wp-json\/wp\/v2\/media?parent=35748"}],"wp:term":[{"taxonomy":"category","embeddable":true,"href":"https:\/\/inmocosta.com\/en\/wp-json\/wp\/v2\/categories?post=35748"},{"taxonomy":"post_tag","embeddable":true,"href":"https:\/\/inmocosta.com\/en\/wp-json\/wp\/v2\/tags?post=35748"}],"curies":[{"name":"wp","href":"https:\/\/api.w.org\/{rel}","templated":true}]}}