{"id":41009,"date":"2018-07-05T08:49:57","date_gmt":"2018-07-05T07:49:57","guid":{"rendered":"http:\/\/inmocosta.com\/festa-major-de-torroella-de-montgri-2018\/"},"modified":"2018-07-06T11:40:41","modified_gmt":"2018-07-06T10:40:41","slug":"the-saint-genis-festival-of-torroella-de-montgri-2018","status":"publish","type":"post","link":"https:\/\/inmocosta.com\/en\/the-saint-genis-festival-of-torroella-de-montgri-2018\/","title":{"rendered":"The town holiday of Sant Gen\u00eds in Torroella de Montgr\u00ed 2018"},"content":{"rendered":"<h2>The town holiday of Sant Gen\u00eds in Torroella de Montgr\u00ed.<\/h2>\n<h3>It is one of the most important events in El Baix Empord\u00e0, where everyone gathers to have some fun.<\/h3>\n<h3>It is celebrated from the 24th to th 28th of August.<\/h3>\n<p>It is a town holiday full of fun activities, music, correfocs, parades, sardanes and loads of different shows.<\/p>\n<p>On the 25th is the day of Sant Gen\u00eds, patron and protector of the town. To celebrate this day there is a huge parade gathering everyone form around the town.<\/p>\n<p>During all the holidays, art will be a big leading role and there will also be sport touornaments, shows, puppet shows, music concerts, dances, performances&#8230;<\/p>\n<p>These holidays are preferably celebrated in the streets, in different scenarios, one of them being the Barraques space, which for years has been a huge meeting point where the entities and the youth play a big role in.<\/p>\n<h4>Come and enjoy it with us!<\/h4>\n","protected":false},"excerpt":{"rendered":"<p>The town holiday of Sant Gen\u00eds in Torroella de Montgr\u00ed. It is one of the most important events in El Baix Empord\u00e0, where everyone gathers to have some fun. It is celebrated from the 24th to th 28th of August. It is a town holiday full of fun activities, music, correfocs, parades, sardanes and loads of different shows. On the 25th is the day &#8230;<\/p>\n","protected":false},"author":1,"featured_media":41062,"comment_status":"closed","ping_status":"open","sticky":false,"template":"","format":"standard","meta":{"footnotes":""},"categories":[263,421,300,264],"tags":[2553,860,1675,1641,1893,1450,2506,1439,526,765,2503,1685,512,2546],"class_list":["post-41009","post","type-post","status-publish","format-standard","has-post-thumbnail","hentry","category-api","category-compra-vivendes-en","category-decoration","category-sales","tag-4th-to-the-28th-of-august","tag-860","tag-activities","tag-august","tag-baix-emporda","tag-barraques","tag-emporda","tag-festa-major","tag-inmocosta-api-en","tag-music","tag-sant-genis","tag-summer","tag-torroella-de-montgri","tag-town-holidays"],"yoast_head":"<!-- This site is optimized with the Yoast SEO plugin v21.8 - https:\/\/yoast.com\/wordpress\/plugins\/seo\/ -->\n<title>The town holiday of Sant Gen\u00eds in Torroella de Montgr\u00ed 2018 - Inmocosta<\/title>\n<meta name=\"description\" content=\"The town holiday of Sant Gen\u00eds in Torroella de Montgr\u00ed 2018 - Inmocosta The town holiday of Sant Gen\u00eds in Torroella de Montgr\u00ed.\" \/>\n<meta name=\"robots\" content=\"index, follow, max-snippet:-1, max-image-preview:large, max-video-preview:-1\" \/>\n<link rel=\"canonical\" href=\"https:\/\/inmocosta.com\/en\/the-saint-genis-festival-of-torroella-de-montgri-2018\/\" \/>\n<meta property=\"og:locale\" content=\"en_US\" \/>\n<meta property=\"og:type\" content=\"article\" \/>\n<meta property=\"og:title\" content=\"The town holiday of Sant Gen\u00eds in Torroella de Montgr\u00ed 2018 - Inmocosta\" \/>\n<meta property=\"og:description\" content=\"The town holiday of Sant Gen\u00eds in Torroella de Montgr\u00ed 2018 - Inmocosta The town holiday of Sant Gen\u00eds in Torroella de Montgr\u00ed.\" \/>\n<meta property=\"og:url\" content=\"https:\/\/inmocosta.com\/en\/the-saint-genis-festival-of-torroella-de-montgri-2018\/\" \/>\n<meta property=\"og:site_name\" content=\"Inmocosta API l&#039;Estartit\" \/>\n<meta property=\"article:publisher\" content=\"https:\/\/www.facebook.com\/inmocostaapi\/\" \/>\n<meta property=\"article:published_time\" content=\"2018-07-05T07:49:57+00:00\" \/>\n<meta property=\"article:modified_time\" content=\"2018-07-06T10:40:41+00:00\" \/>\n<meta property=\"og:image\" content=\"https:\/\/inmocosta.com\/wp-content\/uploads\/2018\/07\/Captura-de-pantalla-2018-07-05-a-les-10.33.19.png\" \/>\n\t<meta property=\"og:image:width\" content=\"532\" \/>\n\t<meta property=\"og:image:height\" content=\"595\" \/>\n\t<meta property=\"og:image:type\" content=\"image\/png\" \/>\n<meta name=\"author\" content=\"info@inmocosta.com\" \/>\n<meta name=\"twitter:card\" content=\"summary_large_image\" \/>\n<meta name=\"twitter:label1\" content=\"Written by\" \/>\n\t<meta name=\"twitter:data1\" content=\"info@inmocosta.com\" \/>\n\t<meta name=\"twitter:label2\" content=\"Est. reading time\" \/>\n\t<meta name=\"twitter:data2\" content=\"1 minute\" \/>\n<script type=\"application\/ld+json\" class=\"yoast-schema-graph\">{\"@context\":\"https:\/\/schema.org\",\"@graph\":[{\"@type\":\"Article\",\"@id\":\"https:\/\/inmocosta.com\/en\/the-saint-genis-festival-of-torroella-de-montgri-2018\/#article\",\"isPartOf\":{\"@id\":\"https:\/\/inmocosta.com\/en\/the-saint-genis-festival-of-torroella-de-montgri-2018\/\"},\"author\":{\"name\":\"info@inmocosta.com\",\"@id\":\"https:\/\/inmocosta.com\/en\/#\/schema\/person\/c1158d0f764ec40f4b366ff7afc7ddd8\"},\"headline\":\"The town holiday of Sant Gen\u00eds in Torroella de Montgr\u00ed 2018\",\"datePublished\":\"2018-07-05T07:49:57+00:00\",\"dateModified\":\"2018-07-06T10:40:41+00:00\",\"mainEntityOfPage\":{\"@id\":\"https:\/\/inmocosta.com\/en\/the-saint-genis-festival-of-torroella-de-montgri-2018\/\"},\"wordCount\":170,\"publisher\":{\"@id\":\"https:\/\/inmocosta.com\/en\/#organization\"},\"keywords\":[\"\\\"4th to the 28th of August\",\"2018\",\"activities\",\"August\",\"baix empord\u00e0\",\"Barraques\",\"Empord\u00e0\",\"Festa Major\",\"inmocosta api\",\"music\",\"Sant Gen\u00eds\",\"summer\",\"Torroella de Montgri\",\"Town Holidays\"],\"articleSection\":[\"API\",\"Compra Vivendes\",\"decoration\",\"Sales\"],\"inLanguage\":\"en-US\"},{\"@type\":\"WebPage\",\"@id\":\"https:\/\/inmocosta.com\/en\/the-saint-genis-festival-of-torroella-de-montgri-2018\/\",\"url\":\"https:\/\/inmocosta.com\/en\/the-saint-genis-festival-of-torroella-de-montgri-2018\/\",\"name\":\"The town holiday of Sant Gen\u00eds in Torroella de Montgr\u00ed 2018 - Inmocosta\",\"isPartOf\":{\"@id\":\"https:\/\/inmocosta.com\/en\/#website\"},\"datePublished\":\"2018-07-05T07:49:57+00:00\",\"dateModified\":\"2018-07-06T10:40:41+00:00\",\"description\":\"The town holiday of Sant Gen\u00eds in Torroella de Montgr\u00ed 2018 - Inmocosta The town holiday of Sant Gen\u00eds in Torroella de Montgr\u00ed.\",\"breadcrumb\":{\"@id\":\"https:\/\/inmocosta.com\/en\/the-saint-genis-festival-of-torroella-de-montgri-2018\/#breadcrumb\"},\"inLanguage\":\"en-US\",\"potentialAction\":[{\"@type\":\"ReadAction\",\"target\":[\"https:\/\/inmocosta.com\/en\/the-saint-genis-festival-of-torroella-de-montgri-2018\/\"]}]},{\"@type\":\"BreadcrumbList\",\"@id\":\"https:\/\/inmocosta.com\/en\/the-saint-genis-festival-of-torroella-de-montgri-2018\/#breadcrumb\",\"itemListElement\":[{\"@type\":\"ListItem\",\"position\":1,\"name\":\"Home\",\"item\":\"https:\/\/inmocosta.com\/en\/\"},{\"@type\":\"ListItem\",\"position\":2,\"name\":\"The town holiday of Sant Gen\u00eds in Torroella de Montgr\u00ed 2018\"}]},{\"@type\":\"WebSite\",\"@id\":\"https:\/\/inmocosta.com\/en\/#website\",\"url\":\"https:\/\/inmocosta.com\/en\/\",\"name\":\"Inmocosta API l&#039;Estartit\",\"description\":\"Ag\u00e8ncia immobiliaria dedicada exclusivament a la compra venda d\u00b4immobles . L&#039;assessorem en la compra del seu habitatge. Comprar cases, pisos, apartaments.\",\"publisher\":{\"@id\":\"https:\/\/inmocosta.com\/en\/#organization\"},\"potentialAction\":[{\"@type\":\"SearchAction\",\"target\":{\"@type\":\"EntryPoint\",\"urlTemplate\":\"https:\/\/inmocosta.com\/en\/?s={search_term_string}\"},\"query-input\":\"required name=search_term_string\"}],\"inLanguage\":\"en-US\"},{\"@type\":\"Organization\",\"@id\":\"https:\/\/inmocosta.com\/en\/#organization\",\"name\":\"Inmocosta API L'Estartit\",\"url\":\"https:\/\/inmocosta.com\/en\/\",\"logo\":{\"@type\":\"ImageObject\",\"inLanguage\":\"en-US\",\"@id\":\"https:\/\/inmocosta.com\/en\/#\/schema\/logo\/image\/\",\"url\":\"https:\/\/inmocosta.com\/wp-content\/uploads\/2025\/01\/imatge_usuari.png\",\"contentUrl\":\"https:\/\/inmocosta.com\/wp-content\/uploads\/2025\/01\/imatge_usuari.png\",\"width\":500,\"height\":500,\"caption\":\"Inmocosta API L'Estartit\"},\"image\":{\"@id\":\"https:\/\/inmocosta.com\/en\/#\/schema\/logo\/image\/\"},\"sameAs\":[\"https:\/\/www.facebook.com\/inmocostaapi\/\",\"https:\/\/www.instagram.com\/inmocosta_api\/\",\"https:\/\/www.youtube.com\/channel\/UCidmbkY6BpJG9MA_OQUZgYQ\"]},{\"@type\":\"Person\",\"@id\":\"https:\/\/inmocosta.com\/en\/#\/schema\/person\/c1158d0f764ec40f4b366ff7afc7ddd8\",\"name\":\"info@inmocosta.com\",\"image\":{\"@type\":\"ImageObject\",\"inLanguage\":\"en-US\",\"@id\":\"https:\/\/inmocosta.com\/en\/#\/schema\/person\/image\/\",\"url\":\"https:\/\/secure.gravatar.com\/avatar\/6fcb462a4ecd1323c01cea6303344762c4ebd0c5a2d8936b060b9188b467a7e9?s=96&d=mm&r=g\",\"contentUrl\":\"https:\/\/secure.gravatar.com\/avatar\/6fcb462a4ecd1323c01cea6303344762c4ebd0c5a2d8936b060b9188b467a7e9?s=96&d=mm&r=g\",\"caption\":\"info@inmocosta.com\"}}]}<\/script>\n<!-- \/ Yoast SEO plugin. -->","yoast_head_json":{"title":"The town holiday of Sant Gen\u00eds in Torroella de Montgr\u00ed 2018 - Inmocosta","description":"The town holiday of Sant Gen\u00eds in Torroella de Montgr\u00ed 2018 - Inmocosta The town holiday of Sant Gen\u00eds in Torroella de Montgr\u00ed.","robots":{"index":"index","follow":"follow","max-snippet":"max-snippet:-1","max-image-preview":"max-image-preview:large","max-video-preview":"max-video-preview:-1"},"canonical":"https:\/\/inmocosta.com\/en\/the-saint-genis-festival-of-torroella-de-montgri-2018\/","og_locale":"en_US","og_type":"article","og_title":"The town holiday of Sant Gen\u00eds in Torroella de Montgr\u00ed 2018 - Inmocosta","og_description":"The town holiday of Sant Gen\u00eds in Torroella de Montgr\u00ed 2018 - Inmocosta The town holiday of Sant Gen\u00eds in Torroella de Montgr\u00ed.","og_url":"https:\/\/inmocosta.com\/en\/the-saint-genis-festival-of-torroella-de-montgri-2018\/","og_site_name":"Inmocosta API l&#039;Estartit","article_publisher":"https:\/\/www.facebook.com\/inmocostaapi\/","article_published_time":"2018-07-05T07:49:57+00:00","article_modified_time":"2018-07-06T10:40:41+00:00","og_image":[{"width":532,"height":595,"url":"https:\/\/inmocosta.com\/wp-content\/uploads\/2018\/07\/Captura-de-pantalla-2018-07-05-a-les-10.33.19.png","type":"image\/png"}],"author":"info@inmocosta.com","twitter_card":"summary_large_image","twitter_misc":{"Written by":"info@inmocosta.com","Est. reading time":"1 minute"},"schema":{"@context":"https:\/\/schema.org","@graph":[{"@type":"Article","@id":"https:\/\/inmocosta.com\/en\/the-saint-genis-festival-of-torroella-de-montgri-2018\/#article","isPartOf":{"@id":"https:\/\/inmocosta.com\/en\/the-saint-genis-festival-of-torroella-de-montgri-2018\/"},"author":{"name":"info@inmocosta.com","@id":"https:\/\/inmocosta.com\/en\/#\/schema\/person\/c1158d0f764ec40f4b366ff7afc7ddd8"},"headline":"The town holiday of Sant Gen\u00eds in Torroella de Montgr\u00ed 2018","datePublished":"2018-07-05T07:49:57+00:00","dateModified":"2018-07-06T10:40:41+00:00","mainEntityOfPage":{"@id":"https:\/\/inmocosta.com\/en\/the-saint-genis-festival-of-torroella-de-montgri-2018\/"},"wordCount":170,"publisher":{"@id":"https:\/\/inmocosta.com\/en\/#organization"},"keywords":["\"4th to the 28th of August","2018","activities","August","baix empord\u00e0","Barraques","Empord\u00e0","Festa Major","inmocosta api","music","Sant Gen\u00eds","summer","Torroella de Montgri","Town Holidays"],"articleSection":["API","Compra Vivendes","decoration","Sales"],"inLanguage":"en-US"},{"@type":"WebPage","@id":"https:\/\/inmocosta.com\/en\/the-saint-genis-festival-of-torroella-de-montgri-2018\/","url":"https:\/\/inmocosta.com\/en\/the-saint-genis-festival-of-torroella-de-montgri-2018\/","name":"The town holiday of Sant Gen\u00eds in Torroella de Montgr\u00ed 2018 - Inmocosta","isPartOf":{"@id":"https:\/\/inmocosta.com\/en\/#website"},"datePublished":"2018-07-05T07:49:57+00:00","dateModified":"2018-07-06T10:40:41+00:00","description":"The town holiday of Sant Gen\u00eds in Torroella de Montgr\u00ed 2018 - Inmocosta The town holiday of Sant Gen\u00eds in Torroella de Montgr\u00ed.","breadcrumb":{"@id":"https:\/\/inmocosta.com\/en\/the-saint-genis-festival-of-torroella-de-montgri-2018\/#breadcrumb"},"inLanguage":"en-US","potentialAction":[{"@type":"ReadAction","target":["https:\/\/inmocosta.com\/en\/the-saint-genis-festival-of-torroella-de-montgri-2018\/"]}]},{"@type":"BreadcrumbList","@id":"https:\/\/inmocosta.com\/en\/the-saint-genis-festival-of-torroella-de-montgri-2018\/#breadcrumb","itemListElement":[{"@type":"ListItem","position":1,"name":"Home","item":"https:\/\/inmocosta.com\/en\/"},{"@type":"ListItem","position":2,"name":"The town holiday of Sant Gen\u00eds in Torroella de Montgr\u00ed 2018"}]},{"@type":"WebSite","@id":"https:\/\/inmocosta.com\/en\/#website","url":"https:\/\/inmocosta.com\/en\/","name":"Inmocosta API l&#039;Estartit","description":"Ag\u00e8ncia immobiliaria dedicada exclusivament a la compra venda d\u00b4immobles . L&#039;assessorem en la compra del seu habitatge. Comprar cases, pisos, apartaments.","publisher":{"@id":"https:\/\/inmocosta.com\/en\/#organization"},"potentialAction":[{"@type":"SearchAction","target":{"@type":"EntryPoint","urlTemplate":"https:\/\/inmocosta.com\/en\/?s={search_term_string}"},"query-input":"required name=search_term_string"}],"inLanguage":"en-US"},{"@type":"Organization","@id":"https:\/\/inmocosta.com\/en\/#organization","name":"Inmocosta API L'Estartit","url":"https:\/\/inmocosta.com\/en\/","logo":{"@type":"ImageObject","inLanguage":"en-US","@id":"https:\/\/inmocosta.com\/en\/#\/schema\/logo\/image\/","url":"https:\/\/inmocosta.com\/wp-content\/uploads\/2025\/01\/imatge_usuari.png","contentUrl":"https:\/\/inmocosta.com\/wp-content\/uploads\/2025\/01\/imatge_usuari.png","width":500,"height":500,"caption":"Inmocosta API L'Estartit"},"image":{"@id":"https:\/\/inmocosta.com\/en\/#\/schema\/logo\/image\/"},"sameAs":["https:\/\/www.facebook.com\/inmocostaapi\/","https:\/\/www.instagram.com\/inmocosta_api\/","https:\/\/www.youtube.com\/channel\/UCidmbkY6BpJG9MA_OQUZgYQ"]},{"@type":"Person","@id":"https:\/\/inmocosta.com\/en\/#\/schema\/person\/c1158d0f764ec40f4b366ff7afc7ddd8","name":"info@inmocosta.com","image":{"@type":"ImageObject","inLanguage":"en-US","@id":"https:\/\/inmocosta.com\/en\/#\/schema\/person\/image\/","url":"https:\/\/secure.gravatar.com\/avatar\/6fcb462a4ecd1323c01cea6303344762c4ebd0c5a2d8936b060b9188b467a7e9?s=96&d=mm&r=g","contentUrl":"https:\/\/secure.gravatar.com\/avatar\/6fcb462a4ecd1323c01cea6303344762c4ebd0c5a2d8936b060b9188b467a7e9?s=96&d=mm&r=g","caption":"info@inmocosta.com"}}]}},"_links":{"self":[{"href":"https:\/\/inmocosta.com\/en\/wp-json\/wp\/v2\/posts\/41009","targetHints":{"allow":["GET"]}}],"collection":[{"href":"https:\/\/inmocosta.com\/en\/wp-json\/wp\/v2\/posts"}],"about":[{"href":"https:\/\/inmocosta.com\/en\/wp-json\/wp\/v2\/types\/post"}],"author":[{"embeddable":true,"href":"https:\/\/inmocosta.com\/en\/wp-json\/wp\/v2\/users\/1"}],"replies":[{"embeddable":true,"href":"https:\/\/inmocosta.com\/en\/wp-json\/wp\/v2\/comments?post=41009"}],"version-history":[{"count":8,"href":"https:\/\/inmocosta.com\/en\/wp-json\/wp\/v2\/posts\/41009\/revisions"}],"predecessor-version":[{"id":41099,"href":"https:\/\/inmocosta.com\/en\/wp-json\/wp\/v2\/posts\/41009\/revisions\/41099"}],"wp:featuredmedia":[{"embeddable":true,"href":"https:\/\/inmocosta.com\/en\/wp-json\/wp\/v2\/media\/41062"}],"wp:attachment":[{"href":"https:\/\/inmocosta.com\/en\/wp-json\/wp\/v2\/media?parent=41009"}],"wp:term":[{"taxonomy":"category","embeddable":true,"href":"https:\/\/inmocosta.com\/en\/wp-json\/wp\/v2\/categories?post=41009"},{"taxonomy":"post_tag","embeddable":true,"href":"https:\/\/inmocosta.com\/en\/wp-json\/wp\/v2\/tags?post=41009"}],"curies":[{"name":"wp","href":"https:\/\/api.w.org\/{rel}","templated":true}]}}