{"id":46778,"date":"2018-10-13T11:54:17","date_gmt":"2018-10-13T10:54:17","guid":{"rendered":"http:\/\/inmocosta.com\/sessio-fotografica-amb-la-lola-la-nostra-mascota\/"},"modified":"2018-10-13T11:54:17","modified_gmt":"2018-10-13T10:54:17","slug":"sessio-fotografica-amb-la-lola-la-nostra-mascota","status":"publish","type":"post","link":"https:\/\/inmocosta.com\/en\/sessio-fotografica-amb-la-lola-la-nostra-mascota\/","title":{"rendered":"Sessi\u00f3 fotogr\u00e0fica amb la Lola, la nostra mascota."},"content":{"rendered":"<h2>Sessi\u00f3 fotogr\u00e0fica amb la Lola, la nostra mascota.<\/h2>\n<p>Avui\u00a0<span class=\"hiddenGrammarError\">em<\/span>\u00a0estat fent fotos per un nou\u00a0<span class=\"hiddenSpellError\">cat\u00e0lec,<\/span>\u00a0entre immoble\u00a0i\u00a0immoble\u00a0<span class=\"hiddenGrammarError\">em<\/span>\u00a0aprofitat per fer un parell de fotos a la nostra mascota la LOLA.<\/p>\n<p>La Lola no\u00a0\u00e9s\u00a0fotog\u00e8nica, t\u00e9 una cara molt\u00a0inexpressiva,\u00a0per\u00f2\u00a0podeu vosaltres valorar si\u00a0<span class=\"hiddenSpellError\">os<\/span>\u00a0agraden aquestes fotos o no.<\/p>\n<div id=\"attachment_46759\" style=\"width: 310px\" class=\"wp-caption alignnone\"><a href=\"http:\/\/inmocosta.com\/wp-content\/uploads\/2018\/10\/Lola-mascota-Inmocosta-api-L\u00b4Estartit-que-hi-ha-algu.jpg\"><img fetchpriority=\"high\" decoding=\"async\" aria-describedby=\"caption-attachment-46759\" class=\"size-medium wp-image-46759\" src=\"http:\/\/inmocosta.com\/wp-content\/uploads\/2018\/10\/Lola-mascota-Inmocosta-api-L\u00b4Estartit-que-hi-ha-algu-300x200.jpg\" alt=\"Sessio fotos Lola Inmocosta API L'Estartit Costa Brava\" width=\"300\" height=\"200\" srcset=\"https:\/\/inmocosta.com\/wp-content\/uploads\/2018\/10\/Lola-mascota-Inmocosta-api-L\u00b4Estartit-que-hi-ha-algu-300x200.jpg 300w, https:\/\/inmocosta.com\/wp-content\/uploads\/2018\/10\/Lola-mascota-Inmocosta-api-L\u00b4Estartit-que-hi-ha-algu-768x512.jpg 768w, https:\/\/inmocosta.com\/wp-content\/uploads\/2018\/10\/Lola-mascota-Inmocosta-api-L\u00b4Estartit-que-hi-ha-algu-1024x683.jpg 1024w, https:\/\/inmocosta.com\/wp-content\/uploads\/2018\/10\/Lola-mascota-Inmocosta-api-L\u00b4Estartit-que-hi-ha-algu-105x70.jpg 105w, https:\/\/inmocosta.com\/wp-content\/uploads\/2018\/10\/Lola-mascota-Inmocosta-api-L\u00b4Estartit-que-hi-ha-algu.jpg 1152w\" sizes=\"(max-width: 300px) 100vw, 300px\" \/><\/a><p id=\"caption-attachment-46759\" class=\"wp-caption-text\">Sessio fotos Lola Inmocosta API L&#8217;Estartit Costa Brava<\/p><\/div>\n<div id=\"attachment_46763\" style=\"width: 310px\" class=\"wp-caption alignnone\"><a href=\"http:\/\/inmocosta.com\/wp-content\/uploads\/2018\/10\/Lola-mascota-Inmocosta-api-L\u00b4Estartit-q.jpg\"><img decoding=\"async\" aria-describedby=\"caption-attachment-46763\" class=\"size-medium wp-image-46763\" src=\"http:\/\/inmocosta.com\/wp-content\/uploads\/2018\/10\/Lola-mascota-Inmocosta-api-L\u00b4Estartit-q-300x200.jpg\" alt=\"Sessio fotos Lola Inmocosta API L'Estartit Costa Brava\" width=\"300\" height=\"200\" srcset=\"https:\/\/inmocosta.com\/wp-content\/uploads\/2018\/10\/Lola-mascota-Inmocosta-api-L\u00b4Estartit-q-300x200.jpg 300w, https:\/\/inmocosta.com\/wp-content\/uploads\/2018\/10\/Lola-mascota-Inmocosta-api-L\u00b4Estartit-q-768x512.jpg 768w, https:\/\/inmocosta.com\/wp-content\/uploads\/2018\/10\/Lola-mascota-Inmocosta-api-L\u00b4Estartit-q-1024x683.jpg 1024w, https:\/\/inmocosta.com\/wp-content\/uploads\/2018\/10\/Lola-mascota-Inmocosta-api-L\u00b4Estartit-q-105x70.jpg 105w, https:\/\/inmocosta.com\/wp-content\/uploads\/2018\/10\/Lola-mascota-Inmocosta-api-L\u00b4Estartit-q.jpg 1152w\" sizes=\"(max-width: 300px) 100vw, 300px\" \/><\/a><p id=\"caption-attachment-46763\" class=\"wp-caption-text\">Sessio fotos Lola Inmocosta API L&#8217;Estartit Costa Brava<\/p><\/div>\n<div id=\"attachment_46767\" style=\"width: 310px\" class=\"wp-caption alignnone\"><a href=\"http:\/\/inmocosta.com\/wp-content\/uploads\/2018\/10\/Lola-mascota-Inmocosta-api-L\u00b4Estartit-tranquilitat-i-relax-a-punt-de-dormir.jpg\"><img decoding=\"async\" aria-describedby=\"caption-attachment-46767\" class=\"size-medium wp-image-46767\" src=\"http:\/\/inmocosta.com\/wp-content\/uploads\/2018\/10\/Lola-mascota-Inmocosta-api-L\u00b4Estartit-tranquilitat-i-relax-a-punt-de-dormir-300x200.jpg\" alt=\"Sessio fotos Lola Inmocosta API L'Estartit Costa Brava\" width=\"300\" height=\"200\" srcset=\"https:\/\/inmocosta.com\/wp-content\/uploads\/2018\/10\/Lola-mascota-Inmocosta-api-L\u00b4Estartit-tranquilitat-i-relax-a-punt-de-dormir-300x200.jpg 300w, https:\/\/inmocosta.com\/wp-content\/uploads\/2018\/10\/Lola-mascota-Inmocosta-api-L\u00b4Estartit-tranquilitat-i-relax-a-punt-de-dormir-768x512.jpg 768w, https:\/\/inmocosta.com\/wp-content\/uploads\/2018\/10\/Lola-mascota-Inmocosta-api-L\u00b4Estartit-tranquilitat-i-relax-a-punt-de-dormir-1024x683.jpg 1024w, https:\/\/inmocosta.com\/wp-content\/uploads\/2018\/10\/Lola-mascota-Inmocosta-api-L\u00b4Estartit-tranquilitat-i-relax-a-punt-de-dormir-105x70.jpg 105w, https:\/\/inmocosta.com\/wp-content\/uploads\/2018\/10\/Lola-mascota-Inmocosta-api-L\u00b4Estartit-tranquilitat-i-relax-a-punt-de-dormir.jpg 1152w\" sizes=\"(max-width: 300px) 100vw, 300px\" \/><\/a><p id=\"caption-attachment-46767\" class=\"wp-caption-text\">Sessio fotos Lola Inmocosta API L&#8217;Estartit Costa Brava<\/p><\/div>\n<div id=\"attachment_46771\" style=\"width: 310px\" class=\"wp-caption alignnone\"><a href=\"http:\/\/inmocosta.com\/wp-content\/uploads\/2018\/10\/Lola-mascota-Inmocosta-api-L\u00b4Estartit.jpg\"><img loading=\"lazy\" decoding=\"async\" aria-describedby=\"caption-attachment-46771\" class=\"size-medium wp-image-46771\" src=\"http:\/\/inmocosta.com\/wp-content\/uploads\/2018\/10\/Lola-mascota-Inmocosta-api-L\u00b4Estartit-300x200.jpg\" alt=\"Sessio fotos Lola Inmocosta API L'Estartit Costa Brava\" width=\"300\" height=\"200\" srcset=\"https:\/\/inmocosta.com\/wp-content\/uploads\/2018\/10\/Lola-mascota-Inmocosta-api-L\u00b4Estartit-300x200.jpg 300w, https:\/\/inmocosta.com\/wp-content\/uploads\/2018\/10\/Lola-mascota-Inmocosta-api-L\u00b4Estartit-768x512.jpg 768w, https:\/\/inmocosta.com\/wp-content\/uploads\/2018\/10\/Lola-mascota-Inmocosta-api-L\u00b4Estartit-1024x683.jpg 1024w, https:\/\/inmocosta.com\/wp-content\/uploads\/2018\/10\/Lola-mascota-Inmocosta-api-L\u00b4Estartit-105x70.jpg 105w, https:\/\/inmocosta.com\/wp-content\/uploads\/2018\/10\/Lola-mascota-Inmocosta-api-L\u00b4Estartit.jpg 1152w\" sizes=\"(max-width: 300px) 100vw, 300px\" \/><\/a><p id=\"caption-attachment-46771\" class=\"wp-caption-text\">Sessio fotos Lola Inmocosta API L&#8217;Estartit Costa Brava<\/p><\/div>\n","protected":false},"excerpt":{"rendered":"<p>Sessi\u00f3 fotogr\u00e0fica amb la Lola, la nostra mascota. Avui\u00a0em\u00a0estat fent fotos per un nou\u00a0cat\u00e0lec,\u00a0entre immoble\u00a0i\u00a0immoble\u00a0em\u00a0aprofitat per fer un parell de fotos a la nostra mascota la LOLA. La Lola no\u00a0\u00e9s\u00a0fotog\u00e8nica, t\u00e9 una cara molt\u00a0inexpressiva,\u00a0per\u00f2\u00a0podeu vosaltres valorar si\u00a0os\u00a0agraden aquestes fotos o no.<\/p>\n","protected":false},"author":1,"featured_media":46760,"comment_status":"closed","ping_status":"open","sticky":false,"template":"","format":"standard","meta":{"footnotes":""},"categories":[263,421,300,315],"tags":[766,2618,2619],"class_list":["post-46778","post","type-post","status-publish","format-standard","has-post-thumbnail","hentry","category-api","category-compra-vivendes-en","category-decoration","category-real-state-en","tag-inmocostaapi","tag-lola-en","tag-sessio-fotos-en"],"yoast_head":"<!-- This site is optimized with the Yoast SEO plugin v21.8 - https:\/\/yoast.com\/wordpress\/plugins\/seo\/ -->\n<title>Sessi\u00f3 fotogr\u00e0fica amb la Lola, la nostra mascota. - Inmocosta API l&#039;Estartit<\/title>\n<meta name=\"robots\" content=\"index, follow, max-snippet:-1, max-image-preview:large, max-video-preview:-1\" \/>\n<link rel=\"canonical\" href=\"https:\/\/inmocosta.com\/en\/sessio-fotografica-amb-la-lola-la-nostra-mascota\/\" \/>\n<meta property=\"og:locale\" content=\"en_US\" \/>\n<meta property=\"og:type\" content=\"article\" \/>\n<meta property=\"og:title\" content=\"Sessi\u00f3 fotogr\u00e0fica amb la Lola, la nostra mascota. - Inmocosta API l&#039;Estartit\" \/>\n<meta property=\"og:description\" content=\"Sessi\u00f3 fotogr\u00e0fica amb la Lola, la nostra mascota. Avui\u00a0em\u00a0estat fent fotos per un nou\u00a0cat\u00e0lec,\u00a0entre immoble\u00a0i\u00a0immoble\u00a0em\u00a0aprofitat per fer un parell de fotos a la nostra mascota la LOLA. La Lola no\u00a0\u00e9s\u00a0fotog\u00e8nica, t\u00e9 una cara molt\u00a0inexpressiva,\u00a0per\u00f2\u00a0podeu vosaltres valorar si\u00a0os\u00a0agraden aquestes fotos o no.\" \/>\n<meta property=\"og:url\" content=\"https:\/\/inmocosta.com\/en\/sessio-fotografica-amb-la-lola-la-nostra-mascota\/\" \/>\n<meta property=\"og:site_name\" content=\"Inmocosta API l&#039;Estartit\" \/>\n<meta property=\"article:publisher\" content=\"https:\/\/www.facebook.com\/inmocostaapi\/\" \/>\n<meta property=\"article:published_time\" content=\"2018-10-13T10:54:17+00:00\" \/>\n<meta property=\"og:image\" content=\"https:\/\/inmocosta.com\/wp-content\/uploads\/2018\/10\/Lola-mascota-Inmocosta-api-L\u00b4Estartit-que-hi-ha-algu.jpg\" \/>\n\t<meta property=\"og:image:width\" content=\"1152\" \/>\n\t<meta property=\"og:image:height\" content=\"768\" \/>\n\t<meta property=\"og:image:type\" content=\"image\/jpeg\" \/>\n<meta name=\"author\" content=\"info@inmocosta.com\" \/>\n<meta name=\"twitter:card\" content=\"summary_large_image\" \/>\n<meta name=\"twitter:label1\" content=\"Written by\" \/>\n\t<meta name=\"twitter:data1\" content=\"info@inmocosta.com\" \/>\n\t<meta name=\"twitter:label2\" content=\"Est. reading time\" \/>\n\t<meta name=\"twitter:data2\" content=\"1 minute\" \/>\n<script type=\"application\/ld+json\" class=\"yoast-schema-graph\">{\"@context\":\"https:\/\/schema.org\",\"@graph\":[{\"@type\":\"Article\",\"@id\":\"https:\/\/inmocosta.com\/en\/sessio-fotografica-amb-la-lola-la-nostra-mascota\/#article\",\"isPartOf\":{\"@id\":\"https:\/\/inmocosta.com\/en\/sessio-fotografica-amb-la-lola-la-nostra-mascota\/\"},\"author\":{\"name\":\"info@inmocosta.com\",\"@id\":\"https:\/\/inmocosta.com\/en\/#\/schema\/person\/c1158d0f764ec40f4b366ff7afc7ddd8\"},\"headline\":\"Sessi\u00f3 fotogr\u00e0fica amb la Lola, la nostra mascota.\",\"datePublished\":\"2018-10-13T10:54:17+00:00\",\"dateModified\":\"2018-10-13T10:54:17+00:00\",\"mainEntityOfPage\":{\"@id\":\"https:\/\/inmocosta.com\/en\/sessio-fotografica-amb-la-lola-la-nostra-mascota\/\"},\"wordCount\":132,\"publisher\":{\"@id\":\"https:\/\/inmocosta.com\/en\/#organization\"},\"keywords\":[\"InmocostaAPI\",\"Lola\",\"sessio fotos\"],\"articleSection\":[\"API\",\"Compra Vivendes\",\"decoration\",\"Real State\"],\"inLanguage\":\"en-US\"},{\"@type\":\"WebPage\",\"@id\":\"https:\/\/inmocosta.com\/en\/sessio-fotografica-amb-la-lola-la-nostra-mascota\/\",\"url\":\"https:\/\/inmocosta.com\/en\/sessio-fotografica-amb-la-lola-la-nostra-mascota\/\",\"name\":\"Sessi\u00f3 fotogr\u00e0fica amb la Lola, la nostra mascota. - Inmocosta API l&#039;Estartit\",\"isPartOf\":{\"@id\":\"https:\/\/inmocosta.com\/en\/#website\"},\"datePublished\":\"2018-10-13T10:54:17+00:00\",\"dateModified\":\"2018-10-13T10:54:17+00:00\",\"breadcrumb\":{\"@id\":\"https:\/\/inmocosta.com\/en\/sessio-fotografica-amb-la-lola-la-nostra-mascota\/#breadcrumb\"},\"inLanguage\":\"en-US\",\"potentialAction\":[{\"@type\":\"ReadAction\",\"target\":[\"https:\/\/inmocosta.com\/en\/sessio-fotografica-amb-la-lola-la-nostra-mascota\/\"]}]},{\"@type\":\"BreadcrumbList\",\"@id\":\"https:\/\/inmocosta.com\/en\/sessio-fotografica-amb-la-lola-la-nostra-mascota\/#breadcrumb\",\"itemListElement\":[{\"@type\":\"ListItem\",\"position\":1,\"name\":\"Home\",\"item\":\"https:\/\/inmocosta.com\/en\/\"},{\"@type\":\"ListItem\",\"position\":2,\"name\":\"Sessi\u00f3 fotogr\u00e0fica amb la Lola, la nostra mascota.\"}]},{\"@type\":\"WebSite\",\"@id\":\"https:\/\/inmocosta.com\/en\/#website\",\"url\":\"https:\/\/inmocosta.com\/en\/\",\"name\":\"Inmocosta API l&#039;Estartit\",\"description\":\"Ag\u00e8ncia immobiliaria dedicada exclusivament a la compra venda d\u00b4immobles . L&#039;assessorem en la compra del seu habitatge. Comprar cases, pisos, apartaments.\",\"publisher\":{\"@id\":\"https:\/\/inmocosta.com\/en\/#organization\"},\"potentialAction\":[{\"@type\":\"SearchAction\",\"target\":{\"@type\":\"EntryPoint\",\"urlTemplate\":\"https:\/\/inmocosta.com\/en\/?s={search_term_string}\"},\"query-input\":\"required name=search_term_string\"}],\"inLanguage\":\"en-US\"},{\"@type\":\"Organization\",\"@id\":\"https:\/\/inmocosta.com\/en\/#organization\",\"name\":\"Inmocosta API L'Estartit\",\"url\":\"https:\/\/inmocosta.com\/en\/\",\"logo\":{\"@type\":\"ImageObject\",\"inLanguage\":\"en-US\",\"@id\":\"https:\/\/inmocosta.com\/en\/#\/schema\/logo\/image\/\",\"url\":\"https:\/\/inmocosta.com\/wp-content\/uploads\/2025\/01\/imatge_usuari.png\",\"contentUrl\":\"https:\/\/inmocosta.com\/wp-content\/uploads\/2025\/01\/imatge_usuari.png\",\"width\":500,\"height\":500,\"caption\":\"Inmocosta API L'Estartit\"},\"image\":{\"@id\":\"https:\/\/inmocosta.com\/en\/#\/schema\/logo\/image\/\"},\"sameAs\":[\"https:\/\/www.facebook.com\/inmocostaapi\/\",\"https:\/\/www.instagram.com\/inmocosta_api\/\",\"https:\/\/www.youtube.com\/channel\/UCidmbkY6BpJG9MA_OQUZgYQ\"]},{\"@type\":\"Person\",\"@id\":\"https:\/\/inmocosta.com\/en\/#\/schema\/person\/c1158d0f764ec40f4b366ff7afc7ddd8\",\"name\":\"info@inmocosta.com\",\"image\":{\"@type\":\"ImageObject\",\"inLanguage\":\"en-US\",\"@id\":\"https:\/\/inmocosta.com\/en\/#\/schema\/person\/image\/\",\"url\":\"https:\/\/secure.gravatar.com\/avatar\/6fcb462a4ecd1323c01cea6303344762c4ebd0c5a2d8936b060b9188b467a7e9?s=96&d=mm&r=g\",\"contentUrl\":\"https:\/\/secure.gravatar.com\/avatar\/6fcb462a4ecd1323c01cea6303344762c4ebd0c5a2d8936b060b9188b467a7e9?s=96&d=mm&r=g\",\"caption\":\"info@inmocosta.com\"}}]}<\/script>\n<!-- \/ Yoast SEO plugin. -->","yoast_head_json":{"title":"Sessi\u00f3 fotogr\u00e0fica amb la Lola, la nostra mascota. - Inmocosta API l&#039;Estartit","robots":{"index":"index","follow":"follow","max-snippet":"max-snippet:-1","max-image-preview":"max-image-preview:large","max-video-preview":"max-video-preview:-1"},"canonical":"https:\/\/inmocosta.com\/en\/sessio-fotografica-amb-la-lola-la-nostra-mascota\/","og_locale":"en_US","og_type":"article","og_title":"Sessi\u00f3 fotogr\u00e0fica amb la Lola, la nostra mascota. - Inmocosta API l&#039;Estartit","og_description":"Sessi\u00f3 fotogr\u00e0fica amb la Lola, la nostra mascota. Avui\u00a0em\u00a0estat fent fotos per un nou\u00a0cat\u00e0lec,\u00a0entre immoble\u00a0i\u00a0immoble\u00a0em\u00a0aprofitat per fer un parell de fotos a la nostra mascota la LOLA. La Lola no\u00a0\u00e9s\u00a0fotog\u00e8nica, t\u00e9 una cara molt\u00a0inexpressiva,\u00a0per\u00f2\u00a0podeu vosaltres valorar si\u00a0os\u00a0agraden aquestes fotos o no.","og_url":"https:\/\/inmocosta.com\/en\/sessio-fotografica-amb-la-lola-la-nostra-mascota\/","og_site_name":"Inmocosta API l&#039;Estartit","article_publisher":"https:\/\/www.facebook.com\/inmocostaapi\/","article_published_time":"2018-10-13T10:54:17+00:00","og_image":[{"width":1152,"height":768,"url":"https:\/\/inmocosta.com\/wp-content\/uploads\/2018\/10\/Lola-mascota-Inmocosta-api-L\u00b4Estartit-que-hi-ha-algu.jpg","type":"image\/jpeg"}],"author":"info@inmocosta.com","twitter_card":"summary_large_image","twitter_misc":{"Written by":"info@inmocosta.com","Est. reading time":"1 minute"},"schema":{"@context":"https:\/\/schema.org","@graph":[{"@type":"Article","@id":"https:\/\/inmocosta.com\/en\/sessio-fotografica-amb-la-lola-la-nostra-mascota\/#article","isPartOf":{"@id":"https:\/\/inmocosta.com\/en\/sessio-fotografica-amb-la-lola-la-nostra-mascota\/"},"author":{"name":"info@inmocosta.com","@id":"https:\/\/inmocosta.com\/en\/#\/schema\/person\/c1158d0f764ec40f4b366ff7afc7ddd8"},"headline":"Sessi\u00f3 fotogr\u00e0fica amb la Lola, la nostra mascota.","datePublished":"2018-10-13T10:54:17+00:00","dateModified":"2018-10-13T10:54:17+00:00","mainEntityOfPage":{"@id":"https:\/\/inmocosta.com\/en\/sessio-fotografica-amb-la-lola-la-nostra-mascota\/"},"wordCount":132,"publisher":{"@id":"https:\/\/inmocosta.com\/en\/#organization"},"keywords":["InmocostaAPI","Lola","sessio fotos"],"articleSection":["API","Compra Vivendes","decoration","Real State"],"inLanguage":"en-US"},{"@type":"WebPage","@id":"https:\/\/inmocosta.com\/en\/sessio-fotografica-amb-la-lola-la-nostra-mascota\/","url":"https:\/\/inmocosta.com\/en\/sessio-fotografica-amb-la-lola-la-nostra-mascota\/","name":"Sessi\u00f3 fotogr\u00e0fica amb la Lola, la nostra mascota. - Inmocosta API l&#039;Estartit","isPartOf":{"@id":"https:\/\/inmocosta.com\/en\/#website"},"datePublished":"2018-10-13T10:54:17+00:00","dateModified":"2018-10-13T10:54:17+00:00","breadcrumb":{"@id":"https:\/\/inmocosta.com\/en\/sessio-fotografica-amb-la-lola-la-nostra-mascota\/#breadcrumb"},"inLanguage":"en-US","potentialAction":[{"@type":"ReadAction","target":["https:\/\/inmocosta.com\/en\/sessio-fotografica-amb-la-lola-la-nostra-mascota\/"]}]},{"@type":"BreadcrumbList","@id":"https:\/\/inmocosta.com\/en\/sessio-fotografica-amb-la-lola-la-nostra-mascota\/#breadcrumb","itemListElement":[{"@type":"ListItem","position":1,"name":"Home","item":"https:\/\/inmocosta.com\/en\/"},{"@type":"ListItem","position":2,"name":"Sessi\u00f3 fotogr\u00e0fica amb la Lola, la nostra mascota."}]},{"@type":"WebSite","@id":"https:\/\/inmocosta.com\/en\/#website","url":"https:\/\/inmocosta.com\/en\/","name":"Inmocosta API l&#039;Estartit","description":"Ag\u00e8ncia immobiliaria dedicada exclusivament a la compra venda d\u00b4immobles . L&#039;assessorem en la compra del seu habitatge. Comprar cases, pisos, apartaments.","publisher":{"@id":"https:\/\/inmocosta.com\/en\/#organization"},"potentialAction":[{"@type":"SearchAction","target":{"@type":"EntryPoint","urlTemplate":"https:\/\/inmocosta.com\/en\/?s={search_term_string}"},"query-input":"required name=search_term_string"}],"inLanguage":"en-US"},{"@type":"Organization","@id":"https:\/\/inmocosta.com\/en\/#organization","name":"Inmocosta API L'Estartit","url":"https:\/\/inmocosta.com\/en\/","logo":{"@type":"ImageObject","inLanguage":"en-US","@id":"https:\/\/inmocosta.com\/en\/#\/schema\/logo\/image\/","url":"https:\/\/inmocosta.com\/wp-content\/uploads\/2025\/01\/imatge_usuari.png","contentUrl":"https:\/\/inmocosta.com\/wp-content\/uploads\/2025\/01\/imatge_usuari.png","width":500,"height":500,"caption":"Inmocosta API L'Estartit"},"image":{"@id":"https:\/\/inmocosta.com\/en\/#\/schema\/logo\/image\/"},"sameAs":["https:\/\/www.facebook.com\/inmocostaapi\/","https:\/\/www.instagram.com\/inmocosta_api\/","https:\/\/www.youtube.com\/channel\/UCidmbkY6BpJG9MA_OQUZgYQ"]},{"@type":"Person","@id":"https:\/\/inmocosta.com\/en\/#\/schema\/person\/c1158d0f764ec40f4b366ff7afc7ddd8","name":"info@inmocosta.com","image":{"@type":"ImageObject","inLanguage":"en-US","@id":"https:\/\/inmocosta.com\/en\/#\/schema\/person\/image\/","url":"https:\/\/secure.gravatar.com\/avatar\/6fcb462a4ecd1323c01cea6303344762c4ebd0c5a2d8936b060b9188b467a7e9?s=96&d=mm&r=g","contentUrl":"https:\/\/secure.gravatar.com\/avatar\/6fcb462a4ecd1323c01cea6303344762c4ebd0c5a2d8936b060b9188b467a7e9?s=96&d=mm&r=g","caption":"info@inmocosta.com"}}]}},"_links":{"self":[{"href":"https:\/\/inmocosta.com\/en\/wp-json\/wp\/v2\/posts\/46778","targetHints":{"allow":["GET"]}}],"collection":[{"href":"https:\/\/inmocosta.com\/en\/wp-json\/wp\/v2\/posts"}],"about":[{"href":"https:\/\/inmocosta.com\/en\/wp-json\/wp\/v2\/types\/post"}],"author":[{"embeddable":true,"href":"https:\/\/inmocosta.com\/en\/wp-json\/wp\/v2\/users\/1"}],"replies":[{"embeddable":true,"href":"https:\/\/inmocosta.com\/en\/wp-json\/wp\/v2\/comments?post=46778"}],"version-history":[{"count":0,"href":"https:\/\/inmocosta.com\/en\/wp-json\/wp\/v2\/posts\/46778\/revisions"}],"wp:featuredmedia":[{"embeddable":true,"href":"https:\/\/inmocosta.com\/en\/wp-json\/wp\/v2\/media\/46760"}],"wp:attachment":[{"href":"https:\/\/inmocosta.com\/en\/wp-json\/wp\/v2\/media?parent=46778"}],"wp:term":[{"taxonomy":"category","embeddable":true,"href":"https:\/\/inmocosta.com\/en\/wp-json\/wp\/v2\/categories?post=46778"},{"taxonomy":"post_tag","embeddable":true,"href":"https:\/\/inmocosta.com\/en\/wp-json\/wp\/v2\/tags?post=46778"}],"curies":[{"name":"wp","href":"https:\/\/api.w.org\/{rel}","templated":true}]}}