{"id":62717,"date":"2020-11-04T17:48:07","date_gmt":"2020-11-04T16:48:07","guid":{"rendered":"https:\/\/inmocosta.com\/cala-montgo\/"},"modified":"2020-11-23T17:24:29","modified_gmt":"2020-11-23T16:24:29","slug":"cala-montgo","status":"publish","type":"post","link":"https:\/\/inmocosta.com\/en\/cala-montgo\/","title":{"rendered":"Cala Montg\u00f3"},"content":{"rendered":"<h2>Cala Montg\u00f3<\/h2>\n<figure><img decoding=\"async\" src=\"https:\/\/inmocosta.com\/wp-content\/uploads\/2020\/11\/Cala-Montg\u00f3.jpg\" alt=\"Cala Montgo Costa \" \/><figcaption>Inmocosta api Estartit<\/figcaption><\/figure>\n<p>Cala Montg\u00f3, is in the territorial limits between L&#8217;Escala and L&#8217;Estartit. It belongs to the municipality of Torroella de Montgr\u00ed, although it is closer to L&#8217;Escala.<\/p>\n<p>Limited by Punta Ventosa and Punta del Mil\u00e0, thanks to its orientation it is fully protected from the Tramuntana.<\/p>\n<p>Protected from the north winds, in Roman times it was used as a landing point, as shown by the remains found.<\/p>\n<p>With fine sand, crystal clear blue waters and calm, it is a very popular beach. For this reason, it has various services such as bars and restaurants, rental of parasol and hammock, rental of skates, kayaks, windsurfing &#8230;<\/p>\n<p>Recently awarded the Blue Flag in 2015.<\/p>\n<p><iframe title=\"Cala Montg\u00f3\" src=\"https:\/\/maps.google.com\/maps?q=Cala%20Montg%C3%B3&amp;t=m&amp;z=12&amp;output=embed&amp;iwloc=near\" frameborder=\"0\" marginwidth=\"0\" marginheight=\"0\" scrolling=\"no\" aria-label=\"Cala Montg\u00f3\"><\/iframe><\/p>\n","protected":false},"excerpt":{"rendered":"<p>Cala Montg\u00f3 Inmocosta api Estartit Cala Montg\u00f3, is in the territorial limits between L&#8217;Escala and L&#8217;Estartit. It belongs to the municipality of Torroella de Montgr\u00ed, although it is closer to L&#8217;Escala. Limited by Punta Ventosa and Punta del Mil\u00e0, thanks to its orientation it is fully protected from the Tramuntana. Protected from the north winds, in Roman times it was used as a landing &#8230;<\/p>\n","protected":false},"author":1,"featured_media":62259,"comment_status":"closed","ping_status":"open","sticky":false,"template":"","format":"standard","meta":{"footnotes":""},"categories":[263,2783,421,300,2850,309],"tags":[],"class_list":["post-62717","post","type-post","status-publish","format-standard","has-post-thumbnail","hentry","category-api","category-calendari-en","category-compra-vivendes-en","category-decoration","category-felicitacio-nadal-en","category-surroundings"],"yoast_head":"<!-- This site is optimized with the Yoast SEO plugin v21.8 - https:\/\/yoast.com\/wordpress\/plugins\/seo\/ -->\n<title>Cala Montg\u00f3 - Inmocosta API l&#039;Estartit<\/title>\n<meta name=\"robots\" content=\"index, follow, max-snippet:-1, max-image-preview:large, max-video-preview:-1\" \/>\n<link rel=\"canonical\" href=\"https:\/\/inmocosta.com\/en\/cala-montgo\/\" \/>\n<meta property=\"og:locale\" content=\"en_US\" \/>\n<meta property=\"og:type\" content=\"article\" \/>\n<meta property=\"og:title\" content=\"Cala Montg\u00f3 - Inmocosta API l&#039;Estartit\" \/>\n<meta property=\"og:description\" content=\"Cala Montg\u00f3 Inmocosta api Estartit Cala Montg\u00f3, is in the territorial limits between L&#8217;Escala and L&#8217;Estartit. It belongs to the municipality of Torroella de Montgr\u00ed, although it is closer to L&#8217;Escala. Limited by Punta Ventosa and Punta del Mil\u00e0, thanks to its orientation it is fully protected from the Tramuntana. Protected from the north winds, in Roman times it was used as a landing ...\" \/>\n<meta property=\"og:url\" content=\"https:\/\/inmocosta.com\/en\/cala-montgo\/\" \/>\n<meta property=\"og:site_name\" content=\"Inmocosta API l&#039;Estartit\" \/>\n<meta property=\"article:publisher\" content=\"https:\/\/www.facebook.com\/inmocostaapi\/\" \/>\n<meta property=\"article:published_time\" content=\"2020-11-04T16:48:07+00:00\" \/>\n<meta property=\"article:modified_time\" content=\"2020-11-23T16:24:29+00:00\" \/>\n<meta property=\"og:image\" content=\"https:\/\/inmocosta.com\/wp-content\/uploads\/2020\/11\/Cala-Montg\u00f3.jpg\" \/>\n\t<meta property=\"og:image:width\" content=\"800\" \/>\n\t<meta property=\"og:image:height\" content=\"600\" \/>\n\t<meta property=\"og:image:type\" content=\"image\/jpeg\" \/>\n<meta name=\"author\" content=\"info@inmocosta.com\" \/>\n<meta name=\"twitter:card\" content=\"summary_large_image\" \/>\n<meta name=\"twitter:label1\" content=\"Written by\" \/>\n\t<meta name=\"twitter:data1\" content=\"info@inmocosta.com\" \/>\n\t<meta name=\"twitter:label2\" content=\"Est. reading time\" \/>\n\t<meta name=\"twitter:data2\" content=\"1 minute\" \/>\n<script type=\"application\/ld+json\" class=\"yoast-schema-graph\">{\"@context\":\"https:\/\/schema.org\",\"@graph\":[{\"@type\":\"Article\",\"@id\":\"https:\/\/inmocosta.com\/en\/cala-montgo\/#article\",\"isPartOf\":{\"@id\":\"https:\/\/inmocosta.com\/en\/cala-montgo\/\"},\"author\":{\"name\":\"info@inmocosta.com\",\"@id\":\"https:\/\/inmocosta.com\/en\/#\/schema\/person\/c1158d0f764ec40f4b366ff7afc7ddd8\"},\"headline\":\"Cala Montg\u00f3\",\"datePublished\":\"2020-11-04T16:48:07+00:00\",\"dateModified\":\"2020-11-23T16:24:29+00:00\",\"mainEntityOfPage\":{\"@id\":\"https:\/\/inmocosta.com\/en\/cala-montgo\/\"},\"wordCount\":119,\"publisher\":{\"@id\":\"https:\/\/inmocosta.com\/en\/#organization\"},\"articleSection\":[\"API\",\"Calendari\",\"Compra Vivendes\",\"decoration\",\"Felicitacio Nadal\",\"surroundings\"],\"inLanguage\":\"en-US\"},{\"@type\":\"WebPage\",\"@id\":\"https:\/\/inmocosta.com\/en\/cala-montgo\/\",\"url\":\"https:\/\/inmocosta.com\/en\/cala-montgo\/\",\"name\":\"Cala Montg\u00f3 - Inmocosta API l&#039;Estartit\",\"isPartOf\":{\"@id\":\"https:\/\/inmocosta.com\/en\/#website\"},\"datePublished\":\"2020-11-04T16:48:07+00:00\",\"dateModified\":\"2020-11-23T16:24:29+00:00\",\"breadcrumb\":{\"@id\":\"https:\/\/inmocosta.com\/en\/cala-montgo\/#breadcrumb\"},\"inLanguage\":\"en-US\",\"potentialAction\":[{\"@type\":\"ReadAction\",\"target\":[\"https:\/\/inmocosta.com\/en\/cala-montgo\/\"]}]},{\"@type\":\"BreadcrumbList\",\"@id\":\"https:\/\/inmocosta.com\/en\/cala-montgo\/#breadcrumb\",\"itemListElement\":[{\"@type\":\"ListItem\",\"position\":1,\"name\":\"Home\",\"item\":\"https:\/\/inmocosta.com\/en\/\"},{\"@type\":\"ListItem\",\"position\":2,\"name\":\"Cala Montg\u00f3\"}]},{\"@type\":\"WebSite\",\"@id\":\"https:\/\/inmocosta.com\/en\/#website\",\"url\":\"https:\/\/inmocosta.com\/en\/\",\"name\":\"Inmocosta API l&#039;Estartit\",\"description\":\"Ag\u00e8ncia immobiliaria dedicada exclusivament a la compra venda d\u00b4immobles . L&#039;assessorem en la compra del seu habitatge. Comprar cases, pisos, apartaments.\",\"publisher\":{\"@id\":\"https:\/\/inmocosta.com\/en\/#organization\"},\"potentialAction\":[{\"@type\":\"SearchAction\",\"target\":{\"@type\":\"EntryPoint\",\"urlTemplate\":\"https:\/\/inmocosta.com\/en\/?s={search_term_string}\"},\"query-input\":\"required name=search_term_string\"}],\"inLanguage\":\"en-US\"},{\"@type\":\"Organization\",\"@id\":\"https:\/\/inmocosta.com\/en\/#organization\",\"name\":\"Inmocosta API L'Estartit\",\"url\":\"https:\/\/inmocosta.com\/en\/\",\"logo\":{\"@type\":\"ImageObject\",\"inLanguage\":\"en-US\",\"@id\":\"https:\/\/inmocosta.com\/en\/#\/schema\/logo\/image\/\",\"url\":\"https:\/\/inmocosta.com\/wp-content\/uploads\/2025\/01\/imatge_usuari.png\",\"contentUrl\":\"https:\/\/inmocosta.com\/wp-content\/uploads\/2025\/01\/imatge_usuari.png\",\"width\":500,\"height\":500,\"caption\":\"Inmocosta API L'Estartit\"},\"image\":{\"@id\":\"https:\/\/inmocosta.com\/en\/#\/schema\/logo\/image\/\"},\"sameAs\":[\"https:\/\/www.facebook.com\/inmocostaapi\/\",\"https:\/\/www.instagram.com\/inmocosta_api\/\",\"https:\/\/www.youtube.com\/channel\/UCidmbkY6BpJG9MA_OQUZgYQ\"]},{\"@type\":\"Person\",\"@id\":\"https:\/\/inmocosta.com\/en\/#\/schema\/person\/c1158d0f764ec40f4b366ff7afc7ddd8\",\"name\":\"info@inmocosta.com\",\"image\":{\"@type\":\"ImageObject\",\"inLanguage\":\"en-US\",\"@id\":\"https:\/\/inmocosta.com\/en\/#\/schema\/person\/image\/\",\"url\":\"https:\/\/secure.gravatar.com\/avatar\/6fcb462a4ecd1323c01cea6303344762c4ebd0c5a2d8936b060b9188b467a7e9?s=96&d=mm&r=g\",\"contentUrl\":\"https:\/\/secure.gravatar.com\/avatar\/6fcb462a4ecd1323c01cea6303344762c4ebd0c5a2d8936b060b9188b467a7e9?s=96&d=mm&r=g\",\"caption\":\"info@inmocosta.com\"}}]}<\/script>\n<!-- \/ Yoast SEO plugin. -->","yoast_head_json":{"title":"Cala Montg\u00f3 - Inmocosta API l&#039;Estartit","robots":{"index":"index","follow":"follow","max-snippet":"max-snippet:-1","max-image-preview":"max-image-preview:large","max-video-preview":"max-video-preview:-1"},"canonical":"https:\/\/inmocosta.com\/en\/cala-montgo\/","og_locale":"en_US","og_type":"article","og_title":"Cala Montg\u00f3 - Inmocosta API l&#039;Estartit","og_description":"Cala Montg\u00f3 Inmocosta api Estartit Cala Montg\u00f3, is in the territorial limits between L&#8217;Escala and L&#8217;Estartit. It belongs to the municipality of Torroella de Montgr\u00ed, although it is closer to L&#8217;Escala. Limited by Punta Ventosa and Punta del Mil\u00e0, thanks to its orientation it is fully protected from the Tramuntana. Protected from the north winds, in Roman times it was used as a landing ...","og_url":"https:\/\/inmocosta.com\/en\/cala-montgo\/","og_site_name":"Inmocosta API l&#039;Estartit","article_publisher":"https:\/\/www.facebook.com\/inmocostaapi\/","article_published_time":"2020-11-04T16:48:07+00:00","article_modified_time":"2020-11-23T16:24:29+00:00","og_image":[{"width":800,"height":600,"url":"https:\/\/inmocosta.com\/wp-content\/uploads\/2020\/11\/Cala-Montg\u00f3.jpg","type":"image\/jpeg"}],"author":"info@inmocosta.com","twitter_card":"summary_large_image","twitter_misc":{"Written by":"info@inmocosta.com","Est. reading time":"1 minute"},"schema":{"@context":"https:\/\/schema.org","@graph":[{"@type":"Article","@id":"https:\/\/inmocosta.com\/en\/cala-montgo\/#article","isPartOf":{"@id":"https:\/\/inmocosta.com\/en\/cala-montgo\/"},"author":{"name":"info@inmocosta.com","@id":"https:\/\/inmocosta.com\/en\/#\/schema\/person\/c1158d0f764ec40f4b366ff7afc7ddd8"},"headline":"Cala Montg\u00f3","datePublished":"2020-11-04T16:48:07+00:00","dateModified":"2020-11-23T16:24:29+00:00","mainEntityOfPage":{"@id":"https:\/\/inmocosta.com\/en\/cala-montgo\/"},"wordCount":119,"publisher":{"@id":"https:\/\/inmocosta.com\/en\/#organization"},"articleSection":["API","Calendari","Compra Vivendes","decoration","Felicitacio Nadal","surroundings"],"inLanguage":"en-US"},{"@type":"WebPage","@id":"https:\/\/inmocosta.com\/en\/cala-montgo\/","url":"https:\/\/inmocosta.com\/en\/cala-montgo\/","name":"Cala Montg\u00f3 - Inmocosta API l&#039;Estartit","isPartOf":{"@id":"https:\/\/inmocosta.com\/en\/#website"},"datePublished":"2020-11-04T16:48:07+00:00","dateModified":"2020-11-23T16:24:29+00:00","breadcrumb":{"@id":"https:\/\/inmocosta.com\/en\/cala-montgo\/#breadcrumb"},"inLanguage":"en-US","potentialAction":[{"@type":"ReadAction","target":["https:\/\/inmocosta.com\/en\/cala-montgo\/"]}]},{"@type":"BreadcrumbList","@id":"https:\/\/inmocosta.com\/en\/cala-montgo\/#breadcrumb","itemListElement":[{"@type":"ListItem","position":1,"name":"Home","item":"https:\/\/inmocosta.com\/en\/"},{"@type":"ListItem","position":2,"name":"Cala Montg\u00f3"}]},{"@type":"WebSite","@id":"https:\/\/inmocosta.com\/en\/#website","url":"https:\/\/inmocosta.com\/en\/","name":"Inmocosta API l&#039;Estartit","description":"Ag\u00e8ncia immobiliaria dedicada exclusivament a la compra venda d\u00b4immobles . L&#039;assessorem en la compra del seu habitatge. Comprar cases, pisos, apartaments.","publisher":{"@id":"https:\/\/inmocosta.com\/en\/#organization"},"potentialAction":[{"@type":"SearchAction","target":{"@type":"EntryPoint","urlTemplate":"https:\/\/inmocosta.com\/en\/?s={search_term_string}"},"query-input":"required name=search_term_string"}],"inLanguage":"en-US"},{"@type":"Organization","@id":"https:\/\/inmocosta.com\/en\/#organization","name":"Inmocosta API L'Estartit","url":"https:\/\/inmocosta.com\/en\/","logo":{"@type":"ImageObject","inLanguage":"en-US","@id":"https:\/\/inmocosta.com\/en\/#\/schema\/logo\/image\/","url":"https:\/\/inmocosta.com\/wp-content\/uploads\/2025\/01\/imatge_usuari.png","contentUrl":"https:\/\/inmocosta.com\/wp-content\/uploads\/2025\/01\/imatge_usuari.png","width":500,"height":500,"caption":"Inmocosta API L'Estartit"},"image":{"@id":"https:\/\/inmocosta.com\/en\/#\/schema\/logo\/image\/"},"sameAs":["https:\/\/www.facebook.com\/inmocostaapi\/","https:\/\/www.instagram.com\/inmocosta_api\/","https:\/\/www.youtube.com\/channel\/UCidmbkY6BpJG9MA_OQUZgYQ"]},{"@type":"Person","@id":"https:\/\/inmocosta.com\/en\/#\/schema\/person\/c1158d0f764ec40f4b366ff7afc7ddd8","name":"info@inmocosta.com","image":{"@type":"ImageObject","inLanguage":"en-US","@id":"https:\/\/inmocosta.com\/en\/#\/schema\/person\/image\/","url":"https:\/\/secure.gravatar.com\/avatar\/6fcb462a4ecd1323c01cea6303344762c4ebd0c5a2d8936b060b9188b467a7e9?s=96&d=mm&r=g","contentUrl":"https:\/\/secure.gravatar.com\/avatar\/6fcb462a4ecd1323c01cea6303344762c4ebd0c5a2d8936b060b9188b467a7e9?s=96&d=mm&r=g","caption":"info@inmocosta.com"}}]}},"_links":{"self":[{"href":"https:\/\/inmocosta.com\/en\/wp-json\/wp\/v2\/posts\/62717","targetHints":{"allow":["GET"]}}],"collection":[{"href":"https:\/\/inmocosta.com\/en\/wp-json\/wp\/v2\/posts"}],"about":[{"href":"https:\/\/inmocosta.com\/en\/wp-json\/wp\/v2\/types\/post"}],"author":[{"embeddable":true,"href":"https:\/\/inmocosta.com\/en\/wp-json\/wp\/v2\/users\/1"}],"replies":[{"embeddable":true,"href":"https:\/\/inmocosta.com\/en\/wp-json\/wp\/v2\/comments?post=62717"}],"version-history":[{"count":3,"href":"https:\/\/inmocosta.com\/en\/wp-json\/wp\/v2\/posts\/62717\/revisions"}],"predecessor-version":[{"id":62825,"href":"https:\/\/inmocosta.com\/en\/wp-json\/wp\/v2\/posts\/62717\/revisions\/62825"}],"wp:featuredmedia":[{"embeddable":true,"href":"https:\/\/inmocosta.com\/en\/wp-json\/wp\/v2\/media\/62259"}],"wp:attachment":[{"href":"https:\/\/inmocosta.com\/en\/wp-json\/wp\/v2\/media?parent=62717"}],"wp:term":[{"taxonomy":"category","embeddable":true,"href":"https:\/\/inmocosta.com\/en\/wp-json\/wp\/v2\/categories?post=62717"},{"taxonomy":"post_tag","embeddable":true,"href":"https:\/\/inmocosta.com\/en\/wp-json\/wp\/v2\/tags?post=62717"}],"curies":[{"name":"wp","href":"https:\/\/api.w.org\/{rel}","templated":true}]}}