{"id":28347,"date":"2017-05-31T10:17:20","date_gmt":"2017-05-31T09:17:20","guid":{"rendered":"http:\/\/inmocosta.com\/?p=28347\/"},"modified":"2018-06-29T08:35:17","modified_gmt":"2018-06-29T07:35:17","slug":"festival-de-torroella-de-montgri-2017-28-julio-20-agosto","status":"publish","type":"post","link":"https:\/\/inmocosta.com\/es\/festival-de-torroella-de-montgri-2017-28-julio-20-agosto\/","title":{"rendered":"Festival de Torroella de Montgri 2017- 28 Julio- 20 agosto."},"content":{"rendered":"<h3>La 37a edici\u00f3n del Festival de Torroella de Montgr\u00ed .<\/h3>\n<p>Rinde homenaje al gran pianista bilba\u00edno Joaqu\u00edn Ach\u00facarro, que ha actuado de forma ininterrumpida en las \u00faltimas 25 ediciones del Festival.<\/p>\n<p>La edici\u00f3n del 2017, del 28 de julio al 20 de agosto, celebra la larga tradici\u00f3n musical del municipio, que se extiende a lo largo de siete siglos y culmina hoy en d\u00eda con el establecimiento de fuertes v\u00ednculos con los int\u00e9rpretes que desfilan cada verano desde el 1981, como el pianista homenajeado.<\/p>\n<div class=\"video-container\"><iframe width=\"1200\" height=\"675\" src=\"https:\/\/www.youtube.com\/embed\/WTWUGjs8eP8?feature=oembed\" frameborder=\"0\" allow=\"autoplay; encrypted-media\" allowfullscreen><\/iframe><\/div>\n","protected":false},"excerpt":{"rendered":"<p>La 37a edici\u00f3n del Festival de Torroella de Montgr\u00ed . Rinde homenaje al gran pianista bilba\u00edno Joaqu\u00edn Ach\u00facarro, que ha actuado de forma ininterrumpida en las \u00faltimas 25 ediciones del Festival. La edici\u00f3n del 2017, del 28 de julio al 20 de agosto, celebra la larga tradici\u00f3n musical del municipio, que se extiende a lo largo de siete siglos y culmina hoy en d\u00eda &#8230;<\/p>\n","protected":false},"author":1,"featured_media":28352,"comment_status":"closed","ping_status":"closed","sticky":false,"template":"","format":"standard","meta":{"footnotes":""},"categories":[427,307],"tags":[376,1460,1459,1464,1463,414,1458,416,1465,2339,417,1462,1461,1000],"class_list":["post-28347","post","type-post","status-publish","format-standard","has-post-thumbnail","hentry","category-compra-vivendes-es","category-entorno","tag-376","tag-25-ediciones","tag-28-julio-20-agosto","tag-cada-verano","tag-cada-verano-desde-el-1981","tag-festival","tag-festival-de-torroella-de-montgri","tag-musical","tag-pianista-homenajeado","tag-torroella-de-montgri-es","tag-torroella-de-moontgri","tag-tradicion-musical","tag-tradicion-musical-del-municipio","tag-video"],"yoast_head":"<!-- This site is optimized with the Yoast SEO plugin v21.8 - https:\/\/yoast.com\/wordpress\/plugins\/seo\/ -->\n<title>Festival de Torroella de Montgri 2017- 28 Julio- 20 agosto. - Inmocosta API l&#039;Estartit -<\/title>\n<meta name=\"robots\" content=\"index, follow, max-snippet:-1, max-image-preview:large, max-video-preview:-1\" \/>\n<link rel=\"canonical\" href=\"https:\/\/inmocosta.com\/es\/festival-de-torroella-de-montgri-2017-28-julio-20-agosto\/\" \/>\n<meta property=\"og:locale\" content=\"es_ES\" \/>\n<meta property=\"og:type\" content=\"article\" \/>\n<meta property=\"og:title\" content=\"Festival de Torroella de Montgri 2017- 28 Julio- 20 agosto. - Inmocosta API l&#039;Estartit -\" \/>\n<meta property=\"og:description\" content=\"La 37a edici\u00f3n del Festival de Torroella de Montgr\u00ed . Rinde homenaje al gran pianista bilba\u00edno Joaqu\u00edn Ach\u00facarro, que ha actuado de forma ininterrumpida en las \u00faltimas 25 ediciones del Festival. La edici\u00f3n del 2017, del 28 de julio al 20 de agosto, celebra la larga tradici\u00f3n musical del municipio, que se extiende a lo largo de siete siglos y culmina hoy en d\u00eda ...\" \/>\n<meta property=\"og:url\" content=\"https:\/\/inmocosta.com\/es\/festival-de-torroella-de-montgri-2017-28-julio-20-agosto\/\" \/>\n<meta property=\"og:site_name\" content=\"Inmocosta API l&#039;Estartit -\" \/>\n<meta property=\"article:publisher\" content=\"https:\/\/www.facebook.com\/inmocostaapi\/\" \/>\n<meta property=\"article:published_time\" content=\"2017-05-31T09:17:20+00:00\" \/>\n<meta property=\"article:modified_time\" content=\"2018-06-29T07:35:17+00:00\" \/>\n<meta property=\"og:image\" content=\"https:\/\/inmocosta.com\/wp-content\/uploads\/2017\/05\/FTdM_web_logo.png\" \/>\n\t<meta property=\"og:image:width\" content=\"460\" \/>\n\t<meta property=\"og:image:height\" content=\"180\" \/>\n\t<meta property=\"og:image:type\" content=\"image\/png\" \/>\n<meta name=\"author\" content=\"info@inmocosta.com\" \/>\n<meta name=\"twitter:card\" content=\"summary_large_image\" \/>\n<meta name=\"twitter:label1\" content=\"Escrito por\" \/>\n\t<meta name=\"twitter:data1\" content=\"info@inmocosta.com\" \/>\n<script type=\"application\/ld+json\" class=\"yoast-schema-graph\">{\"@context\":\"https:\/\/schema.org\",\"@graph\":[{\"@type\":\"Article\",\"@id\":\"https:\/\/inmocosta.com\/es\/festival-de-torroella-de-montgri-2017-28-julio-20-agosto\/#article\",\"isPartOf\":{\"@id\":\"https:\/\/inmocosta.com\/es\/festival-de-torroella-de-montgri-2017-28-julio-20-agosto\/\"},\"author\":{\"name\":\"info@inmocosta.com\",\"@id\":\"https:\/\/inmocosta.com\/es\/#\/schema\/person\/c1158d0f764ec40f4b366ff7afc7ddd8\"},\"headline\":\"Festival de Torroella de Montgri 2017- 28 Julio- 20 agosto.\",\"datePublished\":\"2017-05-31T09:17:20+00:00\",\"dateModified\":\"2018-06-29T07:35:17+00:00\",\"mainEntityOfPage\":{\"@id\":\"https:\/\/inmocosta.com\/es\/festival-de-torroella-de-montgri-2017-28-julio-20-agosto\/\"},\"wordCount\":100,\"publisher\":{\"@id\":\"https:\/\/inmocosta.com\/es\/#organization\"},\"keywords\":[\"2017\",\"25 ediciones\",\"28 Julio- 20 agosto\",\"cada verano\",\"cada verano desde el 1981\",\"Festival\",\"Festival de Torroella de Montgri\",\"musical\",\"pianista homenajeado\",\"Torroella de Montgri\",\"Torroella de MOontgri\",\"tradici\u00f3n musical\",\"tradici\u00f3n musical del municipio\",\"vid\u00e9o\"],\"articleSection\":[\"Compra Vivendes\",\"entorno\"],\"inLanguage\":\"es\"},{\"@type\":\"WebPage\",\"@id\":\"https:\/\/inmocosta.com\/es\/festival-de-torroella-de-montgri-2017-28-julio-20-agosto\/\",\"url\":\"https:\/\/inmocosta.com\/es\/festival-de-torroella-de-montgri-2017-28-julio-20-agosto\/\",\"name\":\"Festival de Torroella de Montgri 2017- 28 Julio- 20 agosto. - Inmocosta API l&#039;Estartit -\",\"isPartOf\":{\"@id\":\"https:\/\/inmocosta.com\/es\/#website\"},\"datePublished\":\"2017-05-31T09:17:20+00:00\",\"dateModified\":\"2018-06-29T07:35:17+00:00\",\"breadcrumb\":{\"@id\":\"https:\/\/inmocosta.com\/es\/festival-de-torroella-de-montgri-2017-28-julio-20-agosto\/#breadcrumb\"},\"inLanguage\":\"es\",\"potentialAction\":[{\"@type\":\"ReadAction\",\"target\":[\"https:\/\/inmocosta.com\/es\/festival-de-torroella-de-montgri-2017-28-julio-20-agosto\/\"]}]},{\"@type\":\"BreadcrumbList\",\"@id\":\"https:\/\/inmocosta.com\/es\/festival-de-torroella-de-montgri-2017-28-julio-20-agosto\/#breadcrumb\",\"itemListElement\":[{\"@type\":\"ListItem\",\"position\":1,\"name\":\"Home\",\"item\":\"https:\/\/inmocosta.com\/es\/\"},{\"@type\":\"ListItem\",\"position\":2,\"name\":\"Festival de Torroella de Montgri 2017- 28 Julio- 20 agosto.\"}]},{\"@type\":\"WebSite\",\"@id\":\"https:\/\/inmocosta.com\/es\/#website\",\"url\":\"https:\/\/inmocosta.com\/es\/\",\"name\":\"Inmocosta API l&#039;Estartit -\",\"description\":\"Ag\u00e8ncia immobiliaria dedicada exclusivament a la compra venda d\u00b4immobles . L&#039;assessorem en la compra del seu habitatge. Comprar cases, pisos, apartaments.\",\"publisher\":{\"@id\":\"https:\/\/inmocosta.com\/es\/#organization\"},\"potentialAction\":[{\"@type\":\"SearchAction\",\"target\":{\"@type\":\"EntryPoint\",\"urlTemplate\":\"https:\/\/inmocosta.com\/es\/?s={search_term_string}\"},\"query-input\":\"required name=search_term_string\"}],\"inLanguage\":\"es\"},{\"@type\":\"Organization\",\"@id\":\"https:\/\/inmocosta.com\/es\/#organization\",\"name\":\"Inmocosta API L'Estartit\",\"url\":\"https:\/\/inmocosta.com\/es\/\",\"logo\":{\"@type\":\"ImageObject\",\"inLanguage\":\"es\",\"@id\":\"https:\/\/inmocosta.com\/es\/#\/schema\/logo\/image\/\",\"url\":\"https:\/\/inmocosta.com\/wp-content\/uploads\/2025\/01\/imatge_usuari.png\",\"contentUrl\":\"https:\/\/inmocosta.com\/wp-content\/uploads\/2025\/01\/imatge_usuari.png\",\"width\":500,\"height\":500,\"caption\":\"Inmocosta API L'Estartit\"},\"image\":{\"@id\":\"https:\/\/inmocosta.com\/es\/#\/schema\/logo\/image\/\"},\"sameAs\":[\"https:\/\/www.facebook.com\/inmocostaapi\/\",\"https:\/\/www.instagram.com\/inmocosta_api\/\",\"https:\/\/www.youtube.com\/channel\/UCidmbkY6BpJG9MA_OQUZgYQ\"]},{\"@type\":\"Person\",\"@id\":\"https:\/\/inmocosta.com\/es\/#\/schema\/person\/c1158d0f764ec40f4b366ff7afc7ddd8\",\"name\":\"info@inmocosta.com\",\"image\":{\"@type\":\"ImageObject\",\"inLanguage\":\"es\",\"@id\":\"https:\/\/inmocosta.com\/es\/#\/schema\/person\/image\/\",\"url\":\"https:\/\/secure.gravatar.com\/avatar\/6fcb462a4ecd1323c01cea6303344762c4ebd0c5a2d8936b060b9188b467a7e9?s=96&d=mm&r=g\",\"contentUrl\":\"https:\/\/secure.gravatar.com\/avatar\/6fcb462a4ecd1323c01cea6303344762c4ebd0c5a2d8936b060b9188b467a7e9?s=96&d=mm&r=g\",\"caption\":\"info@inmocosta.com\"}}]}<\/script>\n<!-- \/ Yoast SEO plugin. -->","yoast_head_json":{"title":"Festival de Torroella de Montgri 2017- 28 Julio- 20 agosto. - Inmocosta API l&#039;Estartit -","robots":{"index":"index","follow":"follow","max-snippet":"max-snippet:-1","max-image-preview":"max-image-preview:large","max-video-preview":"max-video-preview:-1"},"canonical":"https:\/\/inmocosta.com\/es\/festival-de-torroella-de-montgri-2017-28-julio-20-agosto\/","og_locale":"es_ES","og_type":"article","og_title":"Festival de Torroella de Montgri 2017- 28 Julio- 20 agosto. - Inmocosta API l&#039;Estartit -","og_description":"La 37a edici\u00f3n del Festival de Torroella de Montgr\u00ed . Rinde homenaje al gran pianista bilba\u00edno Joaqu\u00edn Ach\u00facarro, que ha actuado de forma ininterrumpida en las \u00faltimas 25 ediciones del Festival. La edici\u00f3n del 2017, del 28 de julio al 20 de agosto, celebra la larga tradici\u00f3n musical del municipio, que se extiende a lo largo de siete siglos y culmina hoy en d\u00eda ...","og_url":"https:\/\/inmocosta.com\/es\/festival-de-torroella-de-montgri-2017-28-julio-20-agosto\/","og_site_name":"Inmocosta API l&#039;Estartit -","article_publisher":"https:\/\/www.facebook.com\/inmocostaapi\/","article_published_time":"2017-05-31T09:17:20+00:00","article_modified_time":"2018-06-29T07:35:17+00:00","og_image":[{"width":460,"height":180,"url":"https:\/\/inmocosta.com\/wp-content\/uploads\/2017\/05\/FTdM_web_logo.png","type":"image\/png"}],"author":"info@inmocosta.com","twitter_card":"summary_large_image","twitter_misc":{"Escrito por":"info@inmocosta.com"},"schema":{"@context":"https:\/\/schema.org","@graph":[{"@type":"Article","@id":"https:\/\/inmocosta.com\/es\/festival-de-torroella-de-montgri-2017-28-julio-20-agosto\/#article","isPartOf":{"@id":"https:\/\/inmocosta.com\/es\/festival-de-torroella-de-montgri-2017-28-julio-20-agosto\/"},"author":{"name":"info@inmocosta.com","@id":"https:\/\/inmocosta.com\/es\/#\/schema\/person\/c1158d0f764ec40f4b366ff7afc7ddd8"},"headline":"Festival de Torroella de Montgri 2017- 28 Julio- 20 agosto.","datePublished":"2017-05-31T09:17:20+00:00","dateModified":"2018-06-29T07:35:17+00:00","mainEntityOfPage":{"@id":"https:\/\/inmocosta.com\/es\/festival-de-torroella-de-montgri-2017-28-julio-20-agosto\/"},"wordCount":100,"publisher":{"@id":"https:\/\/inmocosta.com\/es\/#organization"},"keywords":["2017","25 ediciones","28 Julio- 20 agosto","cada verano","cada verano desde el 1981","Festival","Festival de Torroella de Montgri","musical","pianista homenajeado","Torroella de Montgri","Torroella de MOontgri","tradici\u00f3n musical","tradici\u00f3n musical del municipio","vid\u00e9o"],"articleSection":["Compra Vivendes","entorno"],"inLanguage":"es"},{"@type":"WebPage","@id":"https:\/\/inmocosta.com\/es\/festival-de-torroella-de-montgri-2017-28-julio-20-agosto\/","url":"https:\/\/inmocosta.com\/es\/festival-de-torroella-de-montgri-2017-28-julio-20-agosto\/","name":"Festival de Torroella de Montgri 2017- 28 Julio- 20 agosto. - Inmocosta API l&#039;Estartit -","isPartOf":{"@id":"https:\/\/inmocosta.com\/es\/#website"},"datePublished":"2017-05-31T09:17:20+00:00","dateModified":"2018-06-29T07:35:17+00:00","breadcrumb":{"@id":"https:\/\/inmocosta.com\/es\/festival-de-torroella-de-montgri-2017-28-julio-20-agosto\/#breadcrumb"},"inLanguage":"es","potentialAction":[{"@type":"ReadAction","target":["https:\/\/inmocosta.com\/es\/festival-de-torroella-de-montgri-2017-28-julio-20-agosto\/"]}]},{"@type":"BreadcrumbList","@id":"https:\/\/inmocosta.com\/es\/festival-de-torroella-de-montgri-2017-28-julio-20-agosto\/#breadcrumb","itemListElement":[{"@type":"ListItem","position":1,"name":"Home","item":"https:\/\/inmocosta.com\/es\/"},{"@type":"ListItem","position":2,"name":"Festival de Torroella de Montgri 2017- 28 Julio- 20 agosto."}]},{"@type":"WebSite","@id":"https:\/\/inmocosta.com\/es\/#website","url":"https:\/\/inmocosta.com\/es\/","name":"Inmocosta API l&#039;Estartit -","description":"Ag\u00e8ncia immobiliaria dedicada exclusivament a la compra venda d\u00b4immobles . L&#039;assessorem en la compra del seu habitatge. Comprar cases, pisos, apartaments.","publisher":{"@id":"https:\/\/inmocosta.com\/es\/#organization"},"potentialAction":[{"@type":"SearchAction","target":{"@type":"EntryPoint","urlTemplate":"https:\/\/inmocosta.com\/es\/?s={search_term_string}"},"query-input":"required name=search_term_string"}],"inLanguage":"es"},{"@type":"Organization","@id":"https:\/\/inmocosta.com\/es\/#organization","name":"Inmocosta API L'Estartit","url":"https:\/\/inmocosta.com\/es\/","logo":{"@type":"ImageObject","inLanguage":"es","@id":"https:\/\/inmocosta.com\/es\/#\/schema\/logo\/image\/","url":"https:\/\/inmocosta.com\/wp-content\/uploads\/2025\/01\/imatge_usuari.png","contentUrl":"https:\/\/inmocosta.com\/wp-content\/uploads\/2025\/01\/imatge_usuari.png","width":500,"height":500,"caption":"Inmocosta API L'Estartit"},"image":{"@id":"https:\/\/inmocosta.com\/es\/#\/schema\/logo\/image\/"},"sameAs":["https:\/\/www.facebook.com\/inmocostaapi\/","https:\/\/www.instagram.com\/inmocosta_api\/","https:\/\/www.youtube.com\/channel\/UCidmbkY6BpJG9MA_OQUZgYQ"]},{"@type":"Person","@id":"https:\/\/inmocosta.com\/es\/#\/schema\/person\/c1158d0f764ec40f4b366ff7afc7ddd8","name":"info@inmocosta.com","image":{"@type":"ImageObject","inLanguage":"es","@id":"https:\/\/inmocosta.com\/es\/#\/schema\/person\/image\/","url":"https:\/\/secure.gravatar.com\/avatar\/6fcb462a4ecd1323c01cea6303344762c4ebd0c5a2d8936b060b9188b467a7e9?s=96&d=mm&r=g","contentUrl":"https:\/\/secure.gravatar.com\/avatar\/6fcb462a4ecd1323c01cea6303344762c4ebd0c5a2d8936b060b9188b467a7e9?s=96&d=mm&r=g","caption":"info@inmocosta.com"}}]}},"_links":{"self":[{"href":"https:\/\/inmocosta.com\/es\/wp-json\/wp\/v2\/posts\/28347","targetHints":{"allow":["GET"]}}],"collection":[{"href":"https:\/\/inmocosta.com\/es\/wp-json\/wp\/v2\/posts"}],"about":[{"href":"https:\/\/inmocosta.com\/es\/wp-json\/wp\/v2\/types\/post"}],"author":[{"embeddable":true,"href":"https:\/\/inmocosta.com\/es\/wp-json\/wp\/v2\/users\/1"}],"replies":[{"embeddable":true,"href":"https:\/\/inmocosta.com\/es\/wp-json\/wp\/v2\/comments?post=28347"}],"version-history":[{"count":4,"href":"https:\/\/inmocosta.com\/es\/wp-json\/wp\/v2\/posts\/28347\/revisions"}],"predecessor-version":[{"id":28361,"href":"https:\/\/inmocosta.com\/es\/wp-json\/wp\/v2\/posts\/28347\/revisions\/28361"}],"wp:featuredmedia":[{"embeddable":true,"href":"https:\/\/inmocosta.com\/es\/wp-json\/wp\/v2\/media\/28352"}],"wp:attachment":[{"href":"https:\/\/inmocosta.com\/es\/wp-json\/wp\/v2\/media?parent=28347"}],"wp:term":[{"taxonomy":"category","embeddable":true,"href":"https:\/\/inmocosta.com\/es\/wp-json\/wp\/v2\/categories?post=28347"},{"taxonomy":"post_tag","embeddable":true,"href":"https:\/\/inmocosta.com\/es\/wp-json\/wp\/v2\/tags?post=28347"}],"curies":[{"name":"wp","href":"https:\/\/api.w.org\/{rel}","templated":true}]}}