{"id":32956,"date":"2017-08-16T12:09:12","date_gmt":"2017-08-16T11:09:12","guid":{"rendered":"http:\/\/inmocosta.com\/festa-major-de-torroella-de-montgri\/"},"modified":"2018-06-29T15:18:38","modified_gmt":"2018-06-29T14:18:38","slug":"festa-major-de-torroella-de-montgri","status":"publish","type":"post","link":"https:\/\/inmocosta.com\/es\/festa-major-de-torroella-de-montgri\/","title":{"rendered":"Festa Major de Torroella de Montgr\u00ed"},"content":{"rendered":"<p style=\"text-align: left;\">La Festa Major de Sant Gen\u00eds de Torroella de Montgr\u00ed ha esdevingut un dels principals aparadors culturals i c\u00edvics de la vila. Des de fa d\u00e8cades, la festa est\u00e0 perfectament ritualitzada i respon a un esquema que s\u2019ha anat adaptant i ampliant amb el pas del temps, sense patir modificacions que n\u2019hagin alterat l\u2019ess\u00e8ncia i car\u00e0cter genu\u00ed. La programaci\u00f3 presenta una \u00e0mplia oferta d\u2019actes i elements festius que reflecteixen, en gran manera, l\u2019esperit torroellenc. La seva riquesa rau no nom\u00e9s en la diversitat de propostes programades, sin\u00f3 en la manera com viuen els ve\u00efns i les ve\u00efnes uns dies que permeten refor\u00e7ar els lligams i la cohesi\u00f3 social. Aix\u00ed mateix, \u00e9s innegable els seu vessant de lideratge territorial, en tant que ha esdevingut, hist\u00f2ricament, un referent festiu i social, per a molts ve\u00efns i moltes ve\u00efnes de poblacions de la rodalia, en l\u2019\u00e0mbit del Baix Ter.<\/p>\n<p style=\"text-align: left;\">Malgrat que la major part d\u2019actes s\u00f3n fixos, tamb\u00e9 n\u2019hi ha de m\u00f2bils en funci\u00f3 del calendari anual i de com caiguin els caps de setmana. Aix\u00f2 fa que el per\u00edode central de la festa major, que sempre \u00e9s del 24 (vig\u00edlia de Sant Gen\u00eds) al 28 d\u2019agost, estigui precedit d\u2019una important proposta d\u2019actes previs, com la presentaci\u00f3 del\u00a0<strong>Llibre de la Festa Major<\/strong>\u00a0o el\u00a0<strong>Correfoc dels Ducs del Foc<\/strong>\u00a0i\u00a0<strong>Correfoc dels Petits,<\/strong>\u00a0amb els Mussolets \u00a0i els Ducs del Foc, entre d\u2019altres.<\/p>\n<p style=\"text-align: left;\">El dia central de la festa \u00e9s el 25 d\u2019agost, diada de Sant Gen\u00eds, patr\u00f3 i protector del poble i a qui est\u00e0 dedicada l\u2019esgl\u00e9sia parroquial, un notable edifici g\u00f2tic. El dia abans, per\u00f2, t\u00e9 lloc el\u00a0<strong>preg\u00f3<\/strong>\u00a0d\u2019inici de festes en el marc d\u2019un multitudinari\u00a0<strong>sopar popular<\/strong>\u00a0als Jardins John Lennon, que malgrat els canvis ha sabut mantenir el seu esperit fundacional de germanor i participaci\u00f3 ciutadana.<\/p>\n<p style=\"text-align: left;\">Des de fa uns anys, abans d\u2019anar a sopar t\u00e9 lloc l\u2019acte institucional de lliurament de les\u00a0<strong>Medalles del Montgr\u00ed<\/strong>, un guard\u00f3 institu\u00eft per l\u2019Ajuntament el 1985 amb l\u2019objectiu de premiar un m\u00e0xim de tres persones, entitats o empreses que s\u2019hagin destacat, en qualsevol aspecte, en b\u00e9 del municipi.<\/p>\n<p style=\"text-align: left;\">La cultura popular t\u00e9 el seu protagonisme central el dia 25 al mat\u00ed durant la tradicional\u00a0<strong>cercavila<\/strong>, que compta amb la participaci\u00f3 de tots els elements de l\u2019imaginari festiu local i d\u2019altres colles convidades. Hi participen les dues parelles de gegants del municipi, els de Torroella de Montgr\u00ed i els de l\u2019Estartit, acompanyats pels Grallers del Montgr\u00ed, els capgrossos i les Xatis. Els gegants de Torroella de Montgr\u00ed tenen m\u00e9s de 400 anys d\u2019hist\u00f2ria i estan documentats per primera vegada l\u2019any 1608.<\/p>\n<div class=\"large-9 large-push-3 medium-9 medium-push-3 columns page page_id_1014\">\n<div class=\"page_content\">\n<div class=\"resum\">\n<p style=\"text-align: left;\">Aquest dia tamb\u00e9 se celebra la missa solemne cantada a l\u2019esgl\u00e9sia i, tot seguit, el ball de gegants i una gran ballada de\u00a0<strong>sardanes<\/strong>\u00a0executada amb la Cobla Foment del Montgr\u00ed. A la tarda, la sardana repr\u00e8n el protagonisme amb una audici\u00f3 amb el Foment del Montgr\u00ed i El Montgrins, l\u2019altra cobla-orquestra local de refer\u00e8ncia. Torroella t\u00e9 una estreta relaci\u00f3 amb el m\u00f3n de les sardanes: ha estat la vila natal de grans m\u00fasics de cobla i de grans compositors de sardanes. A m\u00e9s, un dels fets hist\u00f2rics m\u00e9s destacables en relaci\u00f3 amb el m\u00f3n de la sardana va tenir lloc a la pla\u00e7a de la Vila de Torroella de Montgr\u00ed, quan l\u2019any 1844 es va ballar la sardana, per primera vegada al nostre pa\u00eds, amb els seus actuals repartiments. Per tot aix\u00f2, la sardana continua tenint una forta pres\u00e8ncia durant la festa.<\/p>\n<p style=\"text-align: left;\">L\u2019endem\u00e0 se celebra el\u00a0<strong>Vermut explosiu<\/strong>\u00a0al mat\u00ed i el\u00a0<strong>Cercabirres<\/strong>\u00a0a la nit, que culmina amb un preg\u00f3 alternatiu que fa un rep\u00e0s d\u2019alguns dels esdeveniments passats a la vila i al pa\u00eds en el darrer any en clau sat\u00edrica.<\/p>\n<p style=\"text-align: left;\">Durant els dies que dura la festa l\u2019art tamb\u00e9 t\u00e9 el seu protagonisme amb l\u2019<strong>Exposici\u00f3 d\u2019Art Local<\/strong>, una mostra que s\u2019organitza des del 1962 i en la qual se celebren diversos campionats esportius (tennis de taula des del 1981, futbol\u00ed, petanca, escacs, etc.), espectacles d\u2019animaci\u00f3 infantil, titelles, concerts de m\u00fasica, balls, actuacions teatrals, entre d\u2019altres.<\/p>\n<p style=\"text-align: left;\">La festa es desenvolupa, preferentment al carrer, en diferents escenaris, un dels quals \u00e9s l\u2019espai de\u00a0<strong>Barraques<\/strong>, que els darrers anys s\u2019ha convertit en un punt de trobada multigeneracional, on les entitats i el jovent tenen un protagonisme especial.<\/p>\n<p style=\"text-align: left;\">La festa ha esdevingut, tamb\u00e9, un element de lideratge territorial i de dinamitzaci\u00f3 econ\u00f2mica. Hist\u00f2ricament ha atret moltes persones dels pobles de la rodalia i els actes programats s\u2019han convertit, des de fa d\u00e8cades, en un atractiu m\u00e9s per a la gran quantitat que durant aquests dies passen les vacances al municipi o a la zona.<\/p>\n<\/div>\n<\/div>\n<\/div>\n<div class=\"large-3 large-pull-9 medium-3 medium-pull-9 columns\">\u00a0<a href=\"http:\/\/inmocosta.com\/wp-content\/uploads\/2017\/08\/Cercavila-gegantera.jpg\"><img fetchpriority=\"high\" decoding=\"async\" class=\"size-full wp-image-33189 aligncenter\" src=\"http:\/\/inmocosta.com\/wp-content\/uploads\/2017\/08\/Cercavila-gegantera.jpg\" alt=\"\" width=\"930\" height=\"285\" \/><\/a><\/div>\n<p>&nbsp;<\/p>\n<p>&nbsp;<\/p>\n<p>&nbsp;<\/p>\n<p>&nbsp;<\/p>\n<p>&nbsp;<\/p>\n<p>&nbsp;<\/p>\n<p>&nbsp;<\/p>\n<p>&nbsp;<\/p>\n<p>&nbsp;<\/p>\n<p>&nbsp;<\/p>\n<p>&nbsp;<\/p>\n<p>&nbsp;<\/p>\n<p>&nbsp;<\/p>\n<p>&nbsp;<\/p>\n<p>&nbsp;<\/p>\n<p>&nbsp;<\/p>\n<p>&nbsp;<\/p>\n<p>&nbsp;<\/p>\n<p>&nbsp;<\/p>\n<p>&nbsp;<\/p>\n<p>&nbsp;<\/p>\n<p>&nbsp;<\/p>\n<p>&nbsp;<\/p>\n<p>&nbsp;<\/p>\n<p>&nbsp;<\/p>\n<p>&nbsp;<\/p>\n<p>&nbsp;<\/p>\n<p>&nbsp;<\/p>\n<p>&nbsp;<\/p>\n<p>&nbsp;<\/p>\n<p>&nbsp;<\/p>\n<p>&nbsp;<\/p>\n<p>&nbsp;<\/p>\n<p>&nbsp;<\/p>\n<p>&nbsp;<\/p>\n<p>&nbsp;<\/p>\n<p>&nbsp;<\/p>\n<p>&nbsp;<\/p>\n<p>http:\/\/www.agendatorroella.com\/ca\/programacio\/c\/festa-major-de-sant-genis-2017-1019.html<\/p>\n<p>&nbsp;<\/p>\n","protected":false},"excerpt":{"rendered":"<p>La Festa Major de Sant Gen\u00eds de Torroella de Montgr\u00ed ha esdevingut un dels principals aparadors culturals i c\u00edvics de la vila. Des de fa d\u00e8cades, la festa est\u00e0 perfectament ritualitzada i respon a un esquema que s\u2019ha anat adaptant i ampliant amb el pas del temps, sense patir modificacions que n\u2019hagin alterat l\u2019ess\u00e8ncia i car\u00e0cter genu\u00ed. La programaci\u00f3 presenta una \u00e0mplia oferta d\u2019actes &#8230;<\/p>\n","protected":false},"author":1,"featured_media":0,"comment_status":"closed","ping_status":"open","sticky":false,"template":"","format":"standard","meta":{"footnotes":""},"categories":[427,307],"tags":[1450,1448,1440,1439,1438,2338,1445,1443,1446,1444,2339,1447],"class_list":["post-32956","post","type-post","status-publish","format-standard","hentry","category-compra-vivendes-es","category-entorno","tag-barraques","tag-cercabirres","tag-correfoc-dels-ducs-del-foc-i-correfoc-dels-petits","tag-festa-major","tag-festa-major-de-torroella-de-montgri","tag-lexposicio-dart-local-es","tag-medalles-del-montgri","tag-prego","tag-sardanes","tag-sopar-popular","tag-torroella-de-montgri-es","tag-vermut-explosiu"],"yoast_head":"<!-- This site is optimized with the Yoast SEO plugin v21.8 - https:\/\/yoast.com\/wordpress\/plugins\/seo\/ -->\n<title>Festa Major de Torroella de Montgr\u00ed - Inmocosta API l&#039;Estartit -<\/title>\n<meta name=\"robots\" content=\"index, follow, max-snippet:-1, max-image-preview:large, max-video-preview:-1\" \/>\n<link rel=\"canonical\" href=\"https:\/\/inmocosta.com\/es\/festa-major-de-torroella-de-montgri\/\" \/>\n<meta property=\"og:locale\" content=\"es_ES\" \/>\n<meta property=\"og:type\" content=\"article\" \/>\n<meta property=\"og:title\" content=\"Festa Major de Torroella de Montgr\u00ed - Inmocosta API l&#039;Estartit -\" \/>\n<meta property=\"og:description\" content=\"La Festa Major de Sant Gen\u00eds de Torroella de Montgr\u00ed ha esdevingut un dels principals aparadors culturals i c\u00edvics de la vila. Des de fa d\u00e8cades, la festa est\u00e0 perfectament ritualitzada i respon a un esquema que s\u2019ha anat adaptant i ampliant amb el pas del temps, sense patir modificacions que n\u2019hagin alterat l\u2019ess\u00e8ncia i car\u00e0cter genu\u00ed. La programaci\u00f3 presenta una \u00e0mplia oferta d\u2019actes ...\" \/>\n<meta property=\"og:url\" content=\"https:\/\/inmocosta.com\/es\/festa-major-de-torroella-de-montgri\/\" \/>\n<meta property=\"og:site_name\" content=\"Inmocosta API l&#039;Estartit -\" \/>\n<meta property=\"article:publisher\" content=\"https:\/\/www.facebook.com\/inmocostaapi\/\" \/>\n<meta property=\"article:published_time\" content=\"2017-08-16T11:09:12+00:00\" \/>\n<meta property=\"article:modified_time\" content=\"2018-06-29T14:18:38+00:00\" \/>\n<meta property=\"og:image\" content=\"https:\/\/inmocosta.com\/wp-content\/uploads\/2017\/08\/Captura-de-pantalla-2017-08-16-a-les-13.00.44.png\" \/>\n\t<meta property=\"og:image:width\" content=\"445\" \/>\n\t<meta property=\"og:image:height\" content=\"708\" \/>\n\t<meta property=\"og:image:type\" content=\"image\/png\" \/>\n<meta name=\"author\" content=\"info@inmocosta.com\" \/>\n<meta name=\"twitter:card\" content=\"summary_large_image\" \/>\n<meta name=\"twitter:label1\" content=\"Escrito por\" \/>\n\t<meta name=\"twitter:data1\" content=\"info@inmocosta.com\" \/>\n\t<meta name=\"twitter:label2\" content=\"Tiempo de lectura\" \/>\n\t<meta name=\"twitter:data2\" content=\"4 minutos\" \/>\n<script type=\"application\/ld+json\" class=\"yoast-schema-graph\">{\"@context\":\"https:\/\/schema.org\",\"@graph\":[{\"@type\":\"Article\",\"@id\":\"https:\/\/inmocosta.com\/es\/festa-major-de-torroella-de-montgri\/#article\",\"isPartOf\":{\"@id\":\"https:\/\/inmocosta.com\/es\/festa-major-de-torroella-de-montgri\/\"},\"author\":{\"name\":\"info@inmocosta.com\",\"@id\":\"https:\/\/inmocosta.com\/es\/#\/schema\/person\/c1158d0f764ec40f4b366ff7afc7ddd8\"},\"headline\":\"Festa Major de Torroella de Montgr\u00ed\",\"datePublished\":\"2017-08-16T11:09:12+00:00\",\"dateModified\":\"2018-06-29T14:18:38+00:00\",\"mainEntityOfPage\":{\"@id\":\"https:\/\/inmocosta.com\/es\/festa-major-de-torroella-de-montgri\/\"},\"wordCount\":893,\"publisher\":{\"@id\":\"https:\/\/inmocosta.com\/es\/#organization\"},\"keywords\":[\"Barraques\",\"Cercabirres\",\"Correfoc dels Ducs del Foc\u00a0i\u00a0Correfoc dels Petits\",\"Festa Major\",\"Festa Major de Torroella de Montgr\u00ed\",\"l\u2019Exposici\u00f3 d\u2019Art Local\",\"Medalles del Montgr\u00ed\",\"preg\u00f3\",\"sardanes\",\"sopar popular\",\"Torroella de Montgri\",\"Vermut explosiu\"],\"articleSection\":[\"Compra Vivendes\",\"entorno\"],\"inLanguage\":\"es\"},{\"@type\":\"WebPage\",\"@id\":\"https:\/\/inmocosta.com\/es\/festa-major-de-torroella-de-montgri\/\",\"url\":\"https:\/\/inmocosta.com\/es\/festa-major-de-torroella-de-montgri\/\",\"name\":\"Festa Major de Torroella de Montgr\u00ed - Inmocosta API l&#039;Estartit -\",\"isPartOf\":{\"@id\":\"https:\/\/inmocosta.com\/es\/#website\"},\"datePublished\":\"2017-08-16T11:09:12+00:00\",\"dateModified\":\"2018-06-29T14:18:38+00:00\",\"breadcrumb\":{\"@id\":\"https:\/\/inmocosta.com\/es\/festa-major-de-torroella-de-montgri\/#breadcrumb\"},\"inLanguage\":\"es\",\"potentialAction\":[{\"@type\":\"ReadAction\",\"target\":[\"https:\/\/inmocosta.com\/es\/festa-major-de-torroella-de-montgri\/\"]}]},{\"@type\":\"BreadcrumbList\",\"@id\":\"https:\/\/inmocosta.com\/es\/festa-major-de-torroella-de-montgri\/#breadcrumb\",\"itemListElement\":[{\"@type\":\"ListItem\",\"position\":1,\"name\":\"Home\",\"item\":\"https:\/\/inmocosta.com\/es\/\"},{\"@type\":\"ListItem\",\"position\":2,\"name\":\"Festa Major de Torroella de Montgr\u00ed\"}]},{\"@type\":\"WebSite\",\"@id\":\"https:\/\/inmocosta.com\/es\/#website\",\"url\":\"https:\/\/inmocosta.com\/es\/\",\"name\":\"Inmocosta API l&#039;Estartit -\",\"description\":\"Ag\u00e8ncia immobiliaria dedicada exclusivament a la compra venda d\u00b4immobles . L&#039;assessorem en la compra del seu habitatge. Comprar cases, pisos, apartaments.\",\"publisher\":{\"@id\":\"https:\/\/inmocosta.com\/es\/#organization\"},\"potentialAction\":[{\"@type\":\"SearchAction\",\"target\":{\"@type\":\"EntryPoint\",\"urlTemplate\":\"https:\/\/inmocosta.com\/es\/?s={search_term_string}\"},\"query-input\":\"required name=search_term_string\"}],\"inLanguage\":\"es\"},{\"@type\":\"Organization\",\"@id\":\"https:\/\/inmocosta.com\/es\/#organization\",\"name\":\"Inmocosta API L'Estartit\",\"url\":\"https:\/\/inmocosta.com\/es\/\",\"logo\":{\"@type\":\"ImageObject\",\"inLanguage\":\"es\",\"@id\":\"https:\/\/inmocosta.com\/es\/#\/schema\/logo\/image\/\",\"url\":\"https:\/\/inmocosta.com\/wp-content\/uploads\/2025\/01\/imatge_usuari.png\",\"contentUrl\":\"https:\/\/inmocosta.com\/wp-content\/uploads\/2025\/01\/imatge_usuari.png\",\"width\":500,\"height\":500,\"caption\":\"Inmocosta API L'Estartit\"},\"image\":{\"@id\":\"https:\/\/inmocosta.com\/es\/#\/schema\/logo\/image\/\"},\"sameAs\":[\"https:\/\/www.facebook.com\/inmocostaapi\/\",\"https:\/\/www.instagram.com\/inmocosta_api\/\",\"https:\/\/www.youtube.com\/channel\/UCidmbkY6BpJG9MA_OQUZgYQ\"]},{\"@type\":\"Person\",\"@id\":\"https:\/\/inmocosta.com\/es\/#\/schema\/person\/c1158d0f764ec40f4b366ff7afc7ddd8\",\"name\":\"info@inmocosta.com\",\"image\":{\"@type\":\"ImageObject\",\"inLanguage\":\"es\",\"@id\":\"https:\/\/inmocosta.com\/es\/#\/schema\/person\/image\/\",\"url\":\"https:\/\/secure.gravatar.com\/avatar\/6fcb462a4ecd1323c01cea6303344762c4ebd0c5a2d8936b060b9188b467a7e9?s=96&d=mm&r=g\",\"contentUrl\":\"https:\/\/secure.gravatar.com\/avatar\/6fcb462a4ecd1323c01cea6303344762c4ebd0c5a2d8936b060b9188b467a7e9?s=96&d=mm&r=g\",\"caption\":\"info@inmocosta.com\"}}]}<\/script>\n<!-- \/ Yoast SEO plugin. -->","yoast_head_json":{"title":"Festa Major de Torroella de Montgr\u00ed - Inmocosta API l&#039;Estartit -","robots":{"index":"index","follow":"follow","max-snippet":"max-snippet:-1","max-image-preview":"max-image-preview:large","max-video-preview":"max-video-preview:-1"},"canonical":"https:\/\/inmocosta.com\/es\/festa-major-de-torroella-de-montgri\/","og_locale":"es_ES","og_type":"article","og_title":"Festa Major de Torroella de Montgr\u00ed - Inmocosta API l&#039;Estartit -","og_description":"La Festa Major de Sant Gen\u00eds de Torroella de Montgr\u00ed ha esdevingut un dels principals aparadors culturals i c\u00edvics de la vila. Des de fa d\u00e8cades, la festa est\u00e0 perfectament ritualitzada i respon a un esquema que s\u2019ha anat adaptant i ampliant amb el pas del temps, sense patir modificacions que n\u2019hagin alterat l\u2019ess\u00e8ncia i car\u00e0cter genu\u00ed. La programaci\u00f3 presenta una \u00e0mplia oferta d\u2019actes ...","og_url":"https:\/\/inmocosta.com\/es\/festa-major-de-torroella-de-montgri\/","og_site_name":"Inmocosta API l&#039;Estartit -","article_publisher":"https:\/\/www.facebook.com\/inmocostaapi\/","article_published_time":"2017-08-16T11:09:12+00:00","article_modified_time":"2018-06-29T14:18:38+00:00","og_image":[{"width":445,"height":708,"url":"https:\/\/inmocosta.com\/wp-content\/uploads\/2017\/08\/Captura-de-pantalla-2017-08-16-a-les-13.00.44.png","type":"image\/png"}],"author":"info@inmocosta.com","twitter_card":"summary_large_image","twitter_misc":{"Escrito por":"info@inmocosta.com","Tiempo de lectura":"4 minutos"},"schema":{"@context":"https:\/\/schema.org","@graph":[{"@type":"Article","@id":"https:\/\/inmocosta.com\/es\/festa-major-de-torroella-de-montgri\/#article","isPartOf":{"@id":"https:\/\/inmocosta.com\/es\/festa-major-de-torroella-de-montgri\/"},"author":{"name":"info@inmocosta.com","@id":"https:\/\/inmocosta.com\/es\/#\/schema\/person\/c1158d0f764ec40f4b366ff7afc7ddd8"},"headline":"Festa Major de Torroella de Montgr\u00ed","datePublished":"2017-08-16T11:09:12+00:00","dateModified":"2018-06-29T14:18:38+00:00","mainEntityOfPage":{"@id":"https:\/\/inmocosta.com\/es\/festa-major-de-torroella-de-montgri\/"},"wordCount":893,"publisher":{"@id":"https:\/\/inmocosta.com\/es\/#organization"},"keywords":["Barraques","Cercabirres","Correfoc dels Ducs del Foc\u00a0i\u00a0Correfoc dels Petits","Festa Major","Festa Major de Torroella de Montgr\u00ed","l\u2019Exposici\u00f3 d\u2019Art Local","Medalles del Montgr\u00ed","preg\u00f3","sardanes","sopar popular","Torroella de Montgri","Vermut explosiu"],"articleSection":["Compra Vivendes","entorno"],"inLanguage":"es"},{"@type":"WebPage","@id":"https:\/\/inmocosta.com\/es\/festa-major-de-torroella-de-montgri\/","url":"https:\/\/inmocosta.com\/es\/festa-major-de-torroella-de-montgri\/","name":"Festa Major de Torroella de Montgr\u00ed - Inmocosta API l&#039;Estartit -","isPartOf":{"@id":"https:\/\/inmocosta.com\/es\/#website"},"datePublished":"2017-08-16T11:09:12+00:00","dateModified":"2018-06-29T14:18:38+00:00","breadcrumb":{"@id":"https:\/\/inmocosta.com\/es\/festa-major-de-torroella-de-montgri\/#breadcrumb"},"inLanguage":"es","potentialAction":[{"@type":"ReadAction","target":["https:\/\/inmocosta.com\/es\/festa-major-de-torroella-de-montgri\/"]}]},{"@type":"BreadcrumbList","@id":"https:\/\/inmocosta.com\/es\/festa-major-de-torroella-de-montgri\/#breadcrumb","itemListElement":[{"@type":"ListItem","position":1,"name":"Home","item":"https:\/\/inmocosta.com\/es\/"},{"@type":"ListItem","position":2,"name":"Festa Major de Torroella de Montgr\u00ed"}]},{"@type":"WebSite","@id":"https:\/\/inmocosta.com\/es\/#website","url":"https:\/\/inmocosta.com\/es\/","name":"Inmocosta API l&#039;Estartit -","description":"Ag\u00e8ncia immobiliaria dedicada exclusivament a la compra venda d\u00b4immobles . L&#039;assessorem en la compra del seu habitatge. Comprar cases, pisos, apartaments.","publisher":{"@id":"https:\/\/inmocosta.com\/es\/#organization"},"potentialAction":[{"@type":"SearchAction","target":{"@type":"EntryPoint","urlTemplate":"https:\/\/inmocosta.com\/es\/?s={search_term_string}"},"query-input":"required name=search_term_string"}],"inLanguage":"es"},{"@type":"Organization","@id":"https:\/\/inmocosta.com\/es\/#organization","name":"Inmocosta API L'Estartit","url":"https:\/\/inmocosta.com\/es\/","logo":{"@type":"ImageObject","inLanguage":"es","@id":"https:\/\/inmocosta.com\/es\/#\/schema\/logo\/image\/","url":"https:\/\/inmocosta.com\/wp-content\/uploads\/2025\/01\/imatge_usuari.png","contentUrl":"https:\/\/inmocosta.com\/wp-content\/uploads\/2025\/01\/imatge_usuari.png","width":500,"height":500,"caption":"Inmocosta API L'Estartit"},"image":{"@id":"https:\/\/inmocosta.com\/es\/#\/schema\/logo\/image\/"},"sameAs":["https:\/\/www.facebook.com\/inmocostaapi\/","https:\/\/www.instagram.com\/inmocosta_api\/","https:\/\/www.youtube.com\/channel\/UCidmbkY6BpJG9MA_OQUZgYQ"]},{"@type":"Person","@id":"https:\/\/inmocosta.com\/es\/#\/schema\/person\/c1158d0f764ec40f4b366ff7afc7ddd8","name":"info@inmocosta.com","image":{"@type":"ImageObject","inLanguage":"es","@id":"https:\/\/inmocosta.com\/es\/#\/schema\/person\/image\/","url":"https:\/\/secure.gravatar.com\/avatar\/6fcb462a4ecd1323c01cea6303344762c4ebd0c5a2d8936b060b9188b467a7e9?s=96&d=mm&r=g","contentUrl":"https:\/\/secure.gravatar.com\/avatar\/6fcb462a4ecd1323c01cea6303344762c4ebd0c5a2d8936b060b9188b467a7e9?s=96&d=mm&r=g","caption":"info@inmocosta.com"}}]}},"_links":{"self":[{"href":"https:\/\/inmocosta.com\/es\/wp-json\/wp\/v2\/posts\/32956","targetHints":{"allow":["GET"]}}],"collection":[{"href":"https:\/\/inmocosta.com\/es\/wp-json\/wp\/v2\/posts"}],"about":[{"href":"https:\/\/inmocosta.com\/es\/wp-json\/wp\/v2\/types\/post"}],"author":[{"embeddable":true,"href":"https:\/\/inmocosta.com\/es\/wp-json\/wp\/v2\/users\/1"}],"replies":[{"embeddable":true,"href":"https:\/\/inmocosta.com\/es\/wp-json\/wp\/v2\/comments?post=32956"}],"version-history":[{"count":2,"href":"https:\/\/inmocosta.com\/es\/wp-json\/wp\/v2\/posts\/32956\/revisions"}],"predecessor-version":[{"id":33196,"href":"https:\/\/inmocosta.com\/es\/wp-json\/wp\/v2\/posts\/32956\/revisions\/33196"}],"wp:attachment":[{"href":"https:\/\/inmocosta.com\/es\/wp-json\/wp\/v2\/media?parent=32956"}],"wp:term":[{"taxonomy":"category","embeddable":true,"href":"https:\/\/inmocosta.com\/es\/wp-json\/wp\/v2\/categories?post=32956"},{"taxonomy":"post_tag","embeddable":true,"href":"https:\/\/inmocosta.com\/es\/wp-json\/wp\/v2\/tags?post=32956"}],"curies":[{"name":"wp","href":"https:\/\/api.w.org\/{rel}","templated":true}]}}