{"id":33612,"date":"2017-09-04T09:40:19","date_gmt":"2017-09-04T08:40:19","guid":{"rendered":"http:\/\/inmocosta.com\/fira-de-pirates-corsaris-de-les-illes-medes\/"},"modified":"2018-06-28T17:48:00","modified_gmt":"2018-06-28T16:48:00","slug":"fira-de-pirates-corsaris-de-les-illes-medes","status":"publish","type":"post","link":"https:\/\/inmocosta.com\/es\/fira-de-pirates-corsaris-de-les-illes-medes\/","title":{"rendered":"Fira de Pirates i Corsaris de les Illes Medes\u00a0\u00a0"},"content":{"rendered":"<h1 class=\"row\" style=\"text-align: center;\">\u00a0Fira de Pirates i Corsaris de les Illes Medes<\/h1>\n<div class=\"row\">\n<div class=\"columns small-12\">\n<div class=\"descripcio\">\n<div class=\"row\">\n<div class=\"columns medium-5 small-12\"><a href=\"http:\/\/www.agendatorroella.com\/pujades\/files\/PROGRAMA_PIRATES_2016.pdf\"><img decoding=\"async\" class=\"alignleft\" src=\"http:\/\/www.agendatorroella.com\/pujades\/images\/Fira_Pirates_Corsaris.jpg\" \/><\/a><strong>Las Medes<\/strong> han sido, desde el siglo XVI, refugio de piratas y corsarios, ya que desde all\u00ed preparaban los ataques hacia tierra firme. Para hacer memoria de aquellos tiempos, los estartidencs y visitantes disfrutan de una fiesta llena de espect\u00e1culos y actividades para peque\u00f1os y grandes. La feria se celebra el tercer fin de semana de septiembre y las calles del centro se llenan de puestos con productos artesanos y tradicionales. Hay animaciones dirigidas a los m\u00e1s peque\u00f1os, pasacalles por las calles del municipio, actuaciones de piratas, desembarco de corsarios, talleres infantiles, visitas guiadas a exposiciones, entre otros.<\/div>\n<div><\/div>\n<div class=\"columns medium-5 small-12\"><strong>Edici\u00f3n:<\/strong> 13\u00aa edici\u00f3n Periodicidad:<\/div>\n<div class=\"columns medium-5 small-12\"><strong>Anual Fechas:<\/strong> del 22 al 24 de septiembre de 2017<\/div>\n<div class=\"columns medium-5 small-12\"><strong>Horarios:<\/strong> de 10 de la ma\u00f1ana a 8 de la tarde Ubicaci\u00f3n: calles del Estartit<\/div>\n<div class=\"columns medium-5 small-12\"><strong>Sectores:<\/strong> dinamizaci\u00f3n comercial, infantil<\/div>\n<div class=\"columns medium-5 small-12\"><strong> Organiza:<\/strong> Estaci\u00f3n N\u00e1utica Estartit -Illes Medes, con la colaboraci\u00f3n del Ayuntamiento de Torroella de Montgr\u00ed y la EMD de Estartit. <strong>Localizaci\u00f3n<\/strong> Gps: lat: 42,00114050 &#8211; lont: 2,333558444<\/div>\n<\/div>\n<\/div>\n<\/div>\n<\/div>\n","protected":false},"excerpt":{"rendered":"<p>\u00a0Fira de Pirates i Corsaris de les Illes Medes Las Medes han sido, desde el siglo XVI, refugio de piratas y corsarios, ya que desde all\u00ed preparaban los ataques hacia tierra firme. Para hacer memoria de aquellos tiempos, los estartidencs y visitantes disfrutan de una fiesta llena de espect\u00e1culos y actividades para peque\u00f1os y grandes. La feria se celebra el tercer fin de semana &#8230;<\/p>\n","protected":false},"author":1,"featured_media":33664,"comment_status":"closed","ping_status":"closed","sticky":false,"template":"","format":"standard","meta":{"footnotes":""},"categories":[427,307],"tags":[1408,1405,1409,1412,1402,1404,1403,1406,1410,1411,1407],"class_list":["post-33612","post","type-post","status-publish","format-standard","has-post-thumbnail","hentry","category-compra-vivendes-es","category-entorno","tag-actuaciones-de-piratas","tag-desde-el-siglo-xvi","tag-desembarco-de-corsarios","tag-entre-otros","tag-fira-de-pirates-i-corsaris","tag-las-medes-han-sido","tag-les-illes-medes","tag-refugio-de-piratas-y-corsarios","tag-talleres-infantiles","tag-visitas-guiadas-a-exposiciones","tag-ya-que-desde-alli-preparaban-los-ataques-hacia-tierra-firme-para-hacer-memoria-de-aquellos-tiempos"],"yoast_head":"<!-- This site is optimized with the Yoast SEO plugin v21.8 - https:\/\/yoast.com\/wordpress\/plugins\/seo\/ -->\n<title>Fira de Pirates i Corsaris de les Illes Medes\u00a0\u00a0Fira de Pirates i Corsaris<\/title>\n<meta name=\"description\" content=\"Fira de Pirates i Corsaris de les Illes Medes\u00a0\u00a0,L&#039;Estartit \/ Torroella de Montgr\u00ed Pirates and Privateers Fair of the Medas Islands Pirates and Privateers\" \/>\n<meta name=\"robots\" content=\"index, follow, max-snippet:-1, max-image-preview:large, max-video-preview:-1\" \/>\n<link rel=\"canonical\" href=\"https:\/\/inmocosta.com\/es\/fira-de-pirates-corsaris-de-les-illes-medes\/\" \/>\n<meta property=\"og:locale\" content=\"es_ES\" \/>\n<meta property=\"og:type\" content=\"article\" \/>\n<meta property=\"og:title\" content=\"Fira de Pirates i Corsaris de les Illes Medes\u00a0\u00a0Fira de Pirates i Corsaris\" \/>\n<meta property=\"og:description\" content=\"Fira de Pirates i Corsaris de les Illes Medes\u00a0\u00a0,L&#039;Estartit \/ Torroella de Montgr\u00ed Pirates and Privateers Fair of the Medas Islands Pirates and Privateers\" \/>\n<meta property=\"og:url\" content=\"https:\/\/inmocosta.com\/es\/fira-de-pirates-corsaris-de-les-illes-medes\/\" \/>\n<meta property=\"og:site_name\" content=\"Inmocosta API l&#039;Estartit -\" \/>\n<meta property=\"article:publisher\" content=\"https:\/\/www.facebook.com\/inmocostaapi\/\" \/>\n<meta property=\"article:published_time\" content=\"2017-09-04T08:40:19+00:00\" \/>\n<meta property=\"article:modified_time\" content=\"2018-06-28T16:48:00+00:00\" \/>\n<meta property=\"og:image\" content=\"https:\/\/inmocosta.com\/wp-content\/uploads\/2017\/09\/IMG_5666.jpg\" \/>\n\t<meta property=\"og:image:width\" content=\"768\" \/>\n\t<meta property=\"og:image:height\" content=\"1024\" \/>\n\t<meta property=\"og:image:type\" content=\"image\/jpeg\" \/>\n<meta name=\"author\" content=\"info@inmocosta.com\" \/>\n<meta name=\"twitter:card\" content=\"summary_large_image\" \/>\n<meta name=\"twitter:label1\" content=\"Escrito por\" \/>\n\t<meta name=\"twitter:data1\" content=\"info@inmocosta.com\" \/>\n\t<meta name=\"twitter:label2\" content=\"Tiempo de lectura\" \/>\n\t<meta name=\"twitter:data2\" content=\"1 minuto\" \/>\n<script type=\"application\/ld+json\" class=\"yoast-schema-graph\">{\"@context\":\"https:\/\/schema.org\",\"@graph\":[{\"@type\":\"Article\",\"@id\":\"https:\/\/inmocosta.com\/es\/fira-de-pirates-corsaris-de-les-illes-medes\/#article\",\"isPartOf\":{\"@id\":\"https:\/\/inmocosta.com\/es\/fira-de-pirates-corsaris-de-les-illes-medes\/\"},\"author\":{\"name\":\"info@inmocosta.com\",\"@id\":\"https:\/\/inmocosta.com\/es\/#\/schema\/person\/c1158d0f764ec40f4b366ff7afc7ddd8\"},\"headline\":\"Fira de Pirates i Corsaris de les Illes Medes\u00a0\u00a0\",\"datePublished\":\"2017-09-04T08:40:19+00:00\",\"dateModified\":\"2018-06-28T16:48:00+00:00\",\"mainEntityOfPage\":{\"@id\":\"https:\/\/inmocosta.com\/es\/fira-de-pirates-corsaris-de-les-illes-medes\/\"},\"wordCount\":181,\"publisher\":{\"@id\":\"https:\/\/inmocosta.com\/es\/#organization\"},\"keywords\":[\"actuaciones de piratas\",\"desde el siglo XVI\",\"desembarco de corsarios\",\"entre otros.\",\"Fira de Pirates i Corsaris\",\"Las Medes han sido\",\"les Illes Medes\",\"refugio de piratas y corsarios\",\"talleres infantiles\",\"visitas guiadas a exposiciones\",\"ya que desde all\u00ed preparaban los ataques hacia tierra firme. Para hacer memoria de aquellos tiempos\"],\"articleSection\":[\"Compra Vivendes\",\"entorno\"],\"inLanguage\":\"es\"},{\"@type\":\"WebPage\",\"@id\":\"https:\/\/inmocosta.com\/es\/fira-de-pirates-corsaris-de-les-illes-medes\/\",\"url\":\"https:\/\/inmocosta.com\/es\/fira-de-pirates-corsaris-de-les-illes-medes\/\",\"name\":\"Fira de Pirates i Corsaris de les Illes Medes\u00a0\u00a0Fira de Pirates i Corsaris\",\"isPartOf\":{\"@id\":\"https:\/\/inmocosta.com\/es\/#website\"},\"datePublished\":\"2017-09-04T08:40:19+00:00\",\"dateModified\":\"2018-06-28T16:48:00+00:00\",\"description\":\"Fira de Pirates i Corsaris de les Illes Medes\u00a0\u00a0,L'Estartit \/ Torroella de Montgr\u00ed Pirates and Privateers Fair of the Medas Islands Pirates and Privateers\",\"breadcrumb\":{\"@id\":\"https:\/\/inmocosta.com\/es\/fira-de-pirates-corsaris-de-les-illes-medes\/#breadcrumb\"},\"inLanguage\":\"es\",\"potentialAction\":[{\"@type\":\"ReadAction\",\"target\":[\"https:\/\/inmocosta.com\/es\/fira-de-pirates-corsaris-de-les-illes-medes\/\"]}]},{\"@type\":\"BreadcrumbList\",\"@id\":\"https:\/\/inmocosta.com\/es\/fira-de-pirates-corsaris-de-les-illes-medes\/#breadcrumb\",\"itemListElement\":[{\"@type\":\"ListItem\",\"position\":1,\"name\":\"Home\",\"item\":\"https:\/\/inmocosta.com\/es\/\"},{\"@type\":\"ListItem\",\"position\":2,\"name\":\"Fira de Pirates i Corsaris de les Illes Medes\u00a0\u00a0\"}]},{\"@type\":\"WebSite\",\"@id\":\"https:\/\/inmocosta.com\/es\/#website\",\"url\":\"https:\/\/inmocosta.com\/es\/\",\"name\":\"Inmocosta API l&#039;Estartit -\",\"description\":\"Ag\u00e8ncia immobiliaria dedicada exclusivament a la compra venda d\u00b4immobles . L&#039;assessorem en la compra del seu habitatge. Comprar cases, pisos, apartaments.\",\"publisher\":{\"@id\":\"https:\/\/inmocosta.com\/es\/#organization\"},\"potentialAction\":[{\"@type\":\"SearchAction\",\"target\":{\"@type\":\"EntryPoint\",\"urlTemplate\":\"https:\/\/inmocosta.com\/es\/?s={search_term_string}\"},\"query-input\":\"required name=search_term_string\"}],\"inLanguage\":\"es\"},{\"@type\":\"Organization\",\"@id\":\"https:\/\/inmocosta.com\/es\/#organization\",\"name\":\"Inmocosta API L'Estartit\",\"url\":\"https:\/\/inmocosta.com\/es\/\",\"logo\":{\"@type\":\"ImageObject\",\"inLanguage\":\"es\",\"@id\":\"https:\/\/inmocosta.com\/es\/#\/schema\/logo\/image\/\",\"url\":\"https:\/\/inmocosta.com\/wp-content\/uploads\/2025\/01\/imatge_usuari.png\",\"contentUrl\":\"https:\/\/inmocosta.com\/wp-content\/uploads\/2025\/01\/imatge_usuari.png\",\"width\":500,\"height\":500,\"caption\":\"Inmocosta API L'Estartit\"},\"image\":{\"@id\":\"https:\/\/inmocosta.com\/es\/#\/schema\/logo\/image\/\"},\"sameAs\":[\"https:\/\/www.facebook.com\/inmocostaapi\/\",\"https:\/\/www.instagram.com\/inmocosta_api\/\",\"https:\/\/www.youtube.com\/channel\/UCidmbkY6BpJG9MA_OQUZgYQ\"]},{\"@type\":\"Person\",\"@id\":\"https:\/\/inmocosta.com\/es\/#\/schema\/person\/c1158d0f764ec40f4b366ff7afc7ddd8\",\"name\":\"info@inmocosta.com\",\"image\":{\"@type\":\"ImageObject\",\"inLanguage\":\"es\",\"@id\":\"https:\/\/inmocosta.com\/es\/#\/schema\/person\/image\/\",\"url\":\"https:\/\/secure.gravatar.com\/avatar\/6fcb462a4ecd1323c01cea6303344762c4ebd0c5a2d8936b060b9188b467a7e9?s=96&d=mm&r=g\",\"contentUrl\":\"https:\/\/secure.gravatar.com\/avatar\/6fcb462a4ecd1323c01cea6303344762c4ebd0c5a2d8936b060b9188b467a7e9?s=96&d=mm&r=g\",\"caption\":\"info@inmocosta.com\"}}]}<\/script>\n<!-- \/ Yoast SEO plugin. -->","yoast_head_json":{"title":"Fira de Pirates i Corsaris de les Illes Medes\u00a0\u00a0Fira de Pirates i Corsaris","description":"Fira de Pirates i Corsaris de les Illes Medes\u00a0\u00a0,L'Estartit \/ Torroella de Montgr\u00ed Pirates and Privateers Fair of the Medas Islands Pirates and Privateers","robots":{"index":"index","follow":"follow","max-snippet":"max-snippet:-1","max-image-preview":"max-image-preview:large","max-video-preview":"max-video-preview:-1"},"canonical":"https:\/\/inmocosta.com\/es\/fira-de-pirates-corsaris-de-les-illes-medes\/","og_locale":"es_ES","og_type":"article","og_title":"Fira de Pirates i Corsaris de les Illes Medes\u00a0\u00a0Fira de Pirates i Corsaris","og_description":"Fira de Pirates i Corsaris de les Illes Medes\u00a0\u00a0,L'Estartit \/ Torroella de Montgr\u00ed Pirates and Privateers Fair of the Medas Islands Pirates and Privateers","og_url":"https:\/\/inmocosta.com\/es\/fira-de-pirates-corsaris-de-les-illes-medes\/","og_site_name":"Inmocosta API l&#039;Estartit -","article_publisher":"https:\/\/www.facebook.com\/inmocostaapi\/","article_published_time":"2017-09-04T08:40:19+00:00","article_modified_time":"2018-06-28T16:48:00+00:00","og_image":[{"width":768,"height":1024,"url":"https:\/\/inmocosta.com\/wp-content\/uploads\/2017\/09\/IMG_5666.jpg","type":"image\/jpeg"}],"author":"info@inmocosta.com","twitter_card":"summary_large_image","twitter_misc":{"Escrito por":"info@inmocosta.com","Tiempo de lectura":"1 minuto"},"schema":{"@context":"https:\/\/schema.org","@graph":[{"@type":"Article","@id":"https:\/\/inmocosta.com\/es\/fira-de-pirates-corsaris-de-les-illes-medes\/#article","isPartOf":{"@id":"https:\/\/inmocosta.com\/es\/fira-de-pirates-corsaris-de-les-illes-medes\/"},"author":{"name":"info@inmocosta.com","@id":"https:\/\/inmocosta.com\/es\/#\/schema\/person\/c1158d0f764ec40f4b366ff7afc7ddd8"},"headline":"Fira de Pirates i Corsaris de les Illes Medes\u00a0\u00a0","datePublished":"2017-09-04T08:40:19+00:00","dateModified":"2018-06-28T16:48:00+00:00","mainEntityOfPage":{"@id":"https:\/\/inmocosta.com\/es\/fira-de-pirates-corsaris-de-les-illes-medes\/"},"wordCount":181,"publisher":{"@id":"https:\/\/inmocosta.com\/es\/#organization"},"keywords":["actuaciones de piratas","desde el siglo XVI","desembarco de corsarios","entre otros.","Fira de Pirates i Corsaris","Las Medes han sido","les Illes Medes","refugio de piratas y corsarios","talleres infantiles","visitas guiadas a exposiciones","ya que desde all\u00ed preparaban los ataques hacia tierra firme. Para hacer memoria de aquellos tiempos"],"articleSection":["Compra Vivendes","entorno"],"inLanguage":"es"},{"@type":"WebPage","@id":"https:\/\/inmocosta.com\/es\/fira-de-pirates-corsaris-de-les-illes-medes\/","url":"https:\/\/inmocosta.com\/es\/fira-de-pirates-corsaris-de-les-illes-medes\/","name":"Fira de Pirates i Corsaris de les Illes Medes\u00a0\u00a0Fira de Pirates i Corsaris","isPartOf":{"@id":"https:\/\/inmocosta.com\/es\/#website"},"datePublished":"2017-09-04T08:40:19+00:00","dateModified":"2018-06-28T16:48:00+00:00","description":"Fira de Pirates i Corsaris de les Illes Medes\u00a0\u00a0,L'Estartit \/ Torroella de Montgr\u00ed Pirates and Privateers Fair of the Medas Islands Pirates and Privateers","breadcrumb":{"@id":"https:\/\/inmocosta.com\/es\/fira-de-pirates-corsaris-de-les-illes-medes\/#breadcrumb"},"inLanguage":"es","potentialAction":[{"@type":"ReadAction","target":["https:\/\/inmocosta.com\/es\/fira-de-pirates-corsaris-de-les-illes-medes\/"]}]},{"@type":"BreadcrumbList","@id":"https:\/\/inmocosta.com\/es\/fira-de-pirates-corsaris-de-les-illes-medes\/#breadcrumb","itemListElement":[{"@type":"ListItem","position":1,"name":"Home","item":"https:\/\/inmocosta.com\/es\/"},{"@type":"ListItem","position":2,"name":"Fira de Pirates i Corsaris de les Illes Medes\u00a0\u00a0"}]},{"@type":"WebSite","@id":"https:\/\/inmocosta.com\/es\/#website","url":"https:\/\/inmocosta.com\/es\/","name":"Inmocosta API l&#039;Estartit -","description":"Ag\u00e8ncia immobiliaria dedicada exclusivament a la compra venda d\u00b4immobles . L&#039;assessorem en la compra del seu habitatge. Comprar cases, pisos, apartaments.","publisher":{"@id":"https:\/\/inmocosta.com\/es\/#organization"},"potentialAction":[{"@type":"SearchAction","target":{"@type":"EntryPoint","urlTemplate":"https:\/\/inmocosta.com\/es\/?s={search_term_string}"},"query-input":"required name=search_term_string"}],"inLanguage":"es"},{"@type":"Organization","@id":"https:\/\/inmocosta.com\/es\/#organization","name":"Inmocosta API L'Estartit","url":"https:\/\/inmocosta.com\/es\/","logo":{"@type":"ImageObject","inLanguage":"es","@id":"https:\/\/inmocosta.com\/es\/#\/schema\/logo\/image\/","url":"https:\/\/inmocosta.com\/wp-content\/uploads\/2025\/01\/imatge_usuari.png","contentUrl":"https:\/\/inmocosta.com\/wp-content\/uploads\/2025\/01\/imatge_usuari.png","width":500,"height":500,"caption":"Inmocosta API L'Estartit"},"image":{"@id":"https:\/\/inmocosta.com\/es\/#\/schema\/logo\/image\/"},"sameAs":["https:\/\/www.facebook.com\/inmocostaapi\/","https:\/\/www.instagram.com\/inmocosta_api\/","https:\/\/www.youtube.com\/channel\/UCidmbkY6BpJG9MA_OQUZgYQ"]},{"@type":"Person","@id":"https:\/\/inmocosta.com\/es\/#\/schema\/person\/c1158d0f764ec40f4b366ff7afc7ddd8","name":"info@inmocosta.com","image":{"@type":"ImageObject","inLanguage":"es","@id":"https:\/\/inmocosta.com\/es\/#\/schema\/person\/image\/","url":"https:\/\/secure.gravatar.com\/avatar\/6fcb462a4ecd1323c01cea6303344762c4ebd0c5a2d8936b060b9188b467a7e9?s=96&d=mm&r=g","contentUrl":"https:\/\/secure.gravatar.com\/avatar\/6fcb462a4ecd1323c01cea6303344762c4ebd0c5a2d8936b060b9188b467a7e9?s=96&d=mm&r=g","caption":"info@inmocosta.com"}}]}},"_links":{"self":[{"href":"https:\/\/inmocosta.com\/es\/wp-json\/wp\/v2\/posts\/33612","targetHints":{"allow":["GET"]}}],"collection":[{"href":"https:\/\/inmocosta.com\/es\/wp-json\/wp\/v2\/posts"}],"about":[{"href":"https:\/\/inmocosta.com\/es\/wp-json\/wp\/v2\/types\/post"}],"author":[{"embeddable":true,"href":"https:\/\/inmocosta.com\/es\/wp-json\/wp\/v2\/users\/1"}],"replies":[{"embeddable":true,"href":"https:\/\/inmocosta.com\/es\/wp-json\/wp\/v2\/comments?post=33612"}],"version-history":[{"count":3,"href":"https:\/\/inmocosta.com\/es\/wp-json\/wp\/v2\/posts\/33612\/revisions"}],"predecessor-version":[{"id":33619,"href":"https:\/\/inmocosta.com\/es\/wp-json\/wp\/v2\/posts\/33612\/revisions\/33619"}],"wp:featuredmedia":[{"embeddable":true,"href":"https:\/\/inmocosta.com\/es\/wp-json\/wp\/v2\/media\/33664"}],"wp:attachment":[{"href":"https:\/\/inmocosta.com\/es\/wp-json\/wp\/v2\/media?parent=33612"}],"wp:term":[{"taxonomy":"category","embeddable":true,"href":"https:\/\/inmocosta.com\/es\/wp-json\/wp\/v2\/categories?post=33612"},{"taxonomy":"post_tag","embeddable":true,"href":"https:\/\/inmocosta.com\/es\/wp-json\/wp\/v2\/tags?post=33612"}],"curies":[{"name":"wp","href":"https:\/\/api.w.org\/{rel}","templated":true}]}}