{"id":35762,"date":"2017-12-01T14:53:38","date_gmt":"2017-12-01T13:53:38","guid":{"rendered":"http:\/\/inmocosta.com\/1-de-desembre-comenca-la-campanya-de-nadal\/"},"modified":"2018-06-28T17:29:26","modified_gmt":"2018-06-28T16:29:26","slug":"1-de-diciembre-empieza-la-campana-de-navidad","status":"publish","type":"post","link":"https:\/\/inmocosta.com\/es\/1-de-diciembre-empieza-la-campana-de-navidad\/","title":{"rendered":"1 de diciembre.- Empieza la Campa\u00f1a de Navidad"},"content":{"rendered":"<h2>1 de diciembre.- Empieza la Campa\u00f1a de Navidad<\/h2>\n<p>Un a\u00f1o m\u00e1s nos complace haceros llegar v\u00eda\u00a0correos\u00a0la felicitaci\u00f3n de Navidad.<\/p>\n<p>Es verdad que es un trabajo brutal y siempre me pregunto a principios de noviembre si deseo pasar por ello o no.<\/p>\n<p>La foto la hice una g\u00e9lida ma\u00f1ana de la primera quincena de\u00a0Noviembre\u00a0con un\u00a0fr\u00edo\u00a0de infarto, abrigada hasta\u00a0el cerebro\u00a0y con LOLA\u00a0dando vueltas a mi alrededor mir\u00e1ndome horrorizada porque\u00a0cargaba\u00a02 mu\u00f1ecos del coche y hasta la playa.<\/p>\n<p>Hac\u00eda mucho viento y la imagen que quer\u00eda transmitir no me sali\u00f3 ni a la primera\u00a0,\u00a0ni segunda, ni tercera&#8230;.. hasta que empez\u00f3 a amanecer y me dije&#8230;. venga va&#8230;\u00a0esta\u00a0es buena.<\/p>\n<p>Y\u00a0aqu\u00ed\u00a0ten\u00e9is\u00a0nuestra felicitaci\u00f3n\u00a0de Navidad,\u00a0con nuestros\u00a0colegas\u00a0Navide\u00f1os, la Christ\u00a0y en Mas, que como cada a\u00f1o pod\u00e9is ver por estas fechas en\u00a0 nuestro despacho\u00a0.<\/p>\n<p>He\u00a0de\u00a0confesar\u00a0que a pesar de la pereza y el trabajo,\u00a0si no\u00a0os\u00a0hiciera llegar esta felicitaci\u00f3n\u00a0,\u00a0a buen seguro me arrepentir\u00eda y no me lo perdonar\u00eda.<\/p>\n<p>A todos\/todas\u00a0,\u00a0os\u00a0deseamos unas muy felices Navidades y todo el mejor\u00a0por el\u00a02018,<\/p>\n<p>el equipo\u00a0de INMOCOSTA.<\/p>\n<div id=\"attachment_35755\" style=\"width: 1029px\" class=\"wp-caption alignnone\"><a href=\"http:\/\/inmocosta.com\/wp-content\/uploads\/2017\/12\/felicitacio-Nadal.jpg\"><img fetchpriority=\"high\" decoding=\"async\" aria-describedby=\"caption-attachment-35755\" class=\"size-full wp-image-35755\" src=\"http:\/\/inmocosta.com\/wp-content\/uploads\/2017\/12\/felicitacio-Nadal.jpg\" alt=\"1 de desembre comen\u00e7a la campanya de Nadal\" width=\"1019\" height=\"510\" srcset=\"https:\/\/inmocosta.com\/wp-content\/uploads\/2017\/12\/felicitacio-Nadal.jpg 1019w, https:\/\/inmocosta.com\/wp-content\/uploads\/2017\/12\/felicitacio-Nadal-300x150.jpg 300w, https:\/\/inmocosta.com\/wp-content\/uploads\/2017\/12\/felicitacio-Nadal-768x384.jpg 768w\" sizes=\"(max-width: 1019px) 100vw, 1019px\" \/><\/a><p id=\"caption-attachment-35755\" class=\"wp-caption-text\">1 de desembre comen\u00e7a la campanya de Nadal<\/p><\/div>\n","protected":false},"excerpt":{"rendered":"<p>1 de diciembre.- Empieza la Campa\u00f1a de Navidad Un a\u00f1o m\u00e1s nos complace haceros llegar v\u00eda\u00a0correos\u00a0la felicitaci\u00f3n de Navidad. Es verdad que es un trabajo brutal y siempre me pregunto a principios de noviembre si deseo pasar por ello o no. La foto la hice una g\u00e9lida ma\u00f1ana de la primera quincena de\u00a0Noviembre\u00a0con un\u00a0fr\u00edo\u00a0de infarto, abrigada hasta\u00a0el cerebro\u00a0y con LOLA\u00a0dando vueltas a mi alrededor &#8230;<\/p>\n","protected":false},"author":1,"featured_media":35758,"comment_status":"closed","ping_status":"open","sticky":false,"template":"","format":"standard","meta":{"footnotes":""},"categories":[313,427,301,307,2777,314],"tags":[1348,1351,594,1347,595,596,1352,1350,1349,597,598],"class_list":["post-35762","post","type-post","status-publish","format-standard","has-post-thumbnail","hentry","category-api-es","category-compra-vivendes-es","category-docoracion","category-entorno","category-felicitacio-nadal-es","category-inmobiliaria","tag-1-de-diciembre","tag-abrigada-hasta-el-cerebro-y-con-lola-dando-vueltas-a-mi-alrededor-mirandome-horrorizada-porque-cargaba-2-munecos-del-coche-y-hasta-la-playa","tag-bon-nadal-es","tag-campana-de-navidad","tag-felic-any-es","tag-felicitacio-es","tag-la-christ-y-en-mas","tag-la-foto-la-hice-una-gelida-manana-de-la-primera-quincena-de-noviembre-con-un-frio-de-infarto","tag-muy-felices-navidades-y-todo-el-mejor-por-el-2018","tag-nadal-es","tag-navidad-feliz-ano-nuevo"],"yoast_head":"<!-- This site is optimized with the Yoast SEO plugin v21.8 - https:\/\/yoast.com\/wordpress\/plugins\/seo\/ -->\n<title>1 de diciembre.- Empieza la Campa\u00f1a de Navidad<\/title>\n<meta name=\"description\" content=\"1 de diciembre.- Empieza la Campa\u00f1a de Navidad Inmocosta API 1 de desembre.-Un any m\u00e9s ens complau fer-vos arribar via\u00a0correus\u00a0la felicitaci\u00f3 de Nadal.\" \/>\n<meta name=\"robots\" content=\"index, follow, max-snippet:-1, max-image-preview:large, max-video-preview:-1\" \/>\n<link rel=\"canonical\" href=\"https:\/\/inmocosta.com\/es\/1-de-diciembre-empieza-la-campana-de-navidad\/\" \/>\n<meta property=\"og:locale\" content=\"es_ES\" \/>\n<meta property=\"og:type\" content=\"article\" \/>\n<meta property=\"og:title\" content=\"1 de diciembre.- Empieza la Campa\u00f1a de Navidad\" \/>\n<meta property=\"og:description\" content=\"1 de diciembre.- Empieza la Campa\u00f1a de Navidad Inmocosta API 1 de desembre.-Un any m\u00e9s ens complau fer-vos arribar via\u00a0correus\u00a0la felicitaci\u00f3 de Nadal.\" \/>\n<meta property=\"og:url\" content=\"https:\/\/inmocosta.com\/es\/1-de-diciembre-empieza-la-campana-de-navidad\/\" \/>\n<meta property=\"og:site_name\" content=\"Inmocosta API l&#039;Estartit -\" \/>\n<meta property=\"article:publisher\" content=\"https:\/\/www.facebook.com\/inmocostaapi\/\" \/>\n<meta property=\"article:published_time\" content=\"2017-12-01T13:53:38+00:00\" \/>\n<meta property=\"article:modified_time\" content=\"2018-06-28T16:29:26+00:00\" \/>\n<meta property=\"og:image\" content=\"https:\/\/inmocosta.com\/wp-content\/uploads\/2017\/12\/felicitacio-Nadal.jpg\" \/>\n\t<meta property=\"og:image:width\" content=\"1019\" \/>\n\t<meta property=\"og:image:height\" content=\"510\" \/>\n\t<meta property=\"og:image:type\" content=\"image\/jpeg\" \/>\n<meta name=\"author\" content=\"info@inmocosta.com\" \/>\n<meta name=\"twitter:card\" content=\"summary_large_image\" \/>\n<meta name=\"twitter:label1\" content=\"Escrito por\" \/>\n\t<meta name=\"twitter:data1\" content=\"info@inmocosta.com\" \/>\n\t<meta name=\"twitter:label2\" content=\"Tiempo de lectura\" \/>\n\t<meta name=\"twitter:data2\" content=\"1 minuto\" \/>\n<script type=\"application\/ld+json\" class=\"yoast-schema-graph\">{\"@context\":\"https:\/\/schema.org\",\"@graph\":[{\"@type\":\"Article\",\"@id\":\"https:\/\/inmocosta.com\/es\/1-de-diciembre-empieza-la-campana-de-navidad\/#article\",\"isPartOf\":{\"@id\":\"https:\/\/inmocosta.com\/es\/1-de-diciembre-empieza-la-campana-de-navidad\/\"},\"author\":{\"name\":\"info@inmocosta.com\",\"@id\":\"https:\/\/inmocosta.com\/es\/#\/schema\/person\/c1158d0f764ec40f4b366ff7afc7ddd8\"},\"headline\":\"1 de diciembre.- Empieza la Campa\u00f1a de Navidad\",\"datePublished\":\"2017-12-01T13:53:38+00:00\",\"dateModified\":\"2018-06-28T16:29:26+00:00\",\"mainEntityOfPage\":{\"@id\":\"https:\/\/inmocosta.com\/es\/1-de-diciembre-empieza-la-campana-de-navidad\/\"},\"wordCount\":237,\"publisher\":{\"@id\":\"https:\/\/inmocosta.com\/es\/#organization\"},\"keywords\":[\"1 de diciembre\",\"abrigada hasta\u00a0el cerebro\u00a0y con LOLA\u00a0dando vueltas a mi alrededor mir\u00e1ndome horrorizada porque\u00a0cargaba\u00a02 mu\u00f1ecos del coche y hasta la playa\",\"Bon Nadal\",\"Campa\u00f1a de Navidad\",\"Feli\u00e7 Any\",\"felicitacio\",\"la Christ\u00a0y en Mas\",\"La foto la hice una g\u00e9lida ma\u00f1ana de la primera quincena de\u00a0Noviembre\u00a0con un\u00a0fr\u00edo\u00a0de infarto\",\"muy felices Navidades y todo el mejor\u00a0por el\u00a02018\",\"Nadal\",\"Navidad feliz A\u00f1o Nuevo\"],\"articleSection\":[\"API\",\"Compra Vivendes\",\"decoraci\u00f3n\",\"entorno\",\"Felicitacio Nadal\",\"inmobiliaria\"],\"inLanguage\":\"es\"},{\"@type\":\"WebPage\",\"@id\":\"https:\/\/inmocosta.com\/es\/1-de-diciembre-empieza-la-campana-de-navidad\/\",\"url\":\"https:\/\/inmocosta.com\/es\/1-de-diciembre-empieza-la-campana-de-navidad\/\",\"name\":\"1 de diciembre.- Empieza la Campa\u00f1a de Navidad\",\"isPartOf\":{\"@id\":\"https:\/\/inmocosta.com\/es\/#website\"},\"datePublished\":\"2017-12-01T13:53:38+00:00\",\"dateModified\":\"2018-06-28T16:29:26+00:00\",\"description\":\"1 de diciembre.- Empieza la Campa\u00f1a de Navidad Inmocosta API 1 de desembre.-Un any m\u00e9s ens complau fer-vos arribar via\u00a0correus\u00a0la felicitaci\u00f3 de Nadal.\",\"breadcrumb\":{\"@id\":\"https:\/\/inmocosta.com\/es\/1-de-diciembre-empieza-la-campana-de-navidad\/#breadcrumb\"},\"inLanguage\":\"es\",\"potentialAction\":[{\"@type\":\"ReadAction\",\"target\":[\"https:\/\/inmocosta.com\/es\/1-de-diciembre-empieza-la-campana-de-navidad\/\"]}]},{\"@type\":\"BreadcrumbList\",\"@id\":\"https:\/\/inmocosta.com\/es\/1-de-diciembre-empieza-la-campana-de-navidad\/#breadcrumb\",\"itemListElement\":[{\"@type\":\"ListItem\",\"position\":1,\"name\":\"Home\",\"item\":\"https:\/\/inmocosta.com\/es\/\"},{\"@type\":\"ListItem\",\"position\":2,\"name\":\"1 de diciembre.- Empieza la Campa\u00f1a de Navidad\"}]},{\"@type\":\"WebSite\",\"@id\":\"https:\/\/inmocosta.com\/es\/#website\",\"url\":\"https:\/\/inmocosta.com\/es\/\",\"name\":\"Inmocosta API l&#039;Estartit -\",\"description\":\"Ag\u00e8ncia immobiliaria dedicada exclusivament a la compra venda d\u00b4immobles . L&#039;assessorem en la compra del seu habitatge. Comprar cases, pisos, apartaments.\",\"publisher\":{\"@id\":\"https:\/\/inmocosta.com\/es\/#organization\"},\"potentialAction\":[{\"@type\":\"SearchAction\",\"target\":{\"@type\":\"EntryPoint\",\"urlTemplate\":\"https:\/\/inmocosta.com\/es\/?s={search_term_string}\"},\"query-input\":\"required name=search_term_string\"}],\"inLanguage\":\"es\"},{\"@type\":\"Organization\",\"@id\":\"https:\/\/inmocosta.com\/es\/#organization\",\"name\":\"Inmocosta API L'Estartit\",\"url\":\"https:\/\/inmocosta.com\/es\/\",\"logo\":{\"@type\":\"ImageObject\",\"inLanguage\":\"es\",\"@id\":\"https:\/\/inmocosta.com\/es\/#\/schema\/logo\/image\/\",\"url\":\"https:\/\/inmocosta.com\/wp-content\/uploads\/2025\/01\/imatge_usuari.png\",\"contentUrl\":\"https:\/\/inmocosta.com\/wp-content\/uploads\/2025\/01\/imatge_usuari.png\",\"width\":500,\"height\":500,\"caption\":\"Inmocosta API L'Estartit\"},\"image\":{\"@id\":\"https:\/\/inmocosta.com\/es\/#\/schema\/logo\/image\/\"},\"sameAs\":[\"https:\/\/www.facebook.com\/inmocostaapi\/\",\"https:\/\/www.instagram.com\/inmocosta_api\/\",\"https:\/\/www.youtube.com\/channel\/UCidmbkY6BpJG9MA_OQUZgYQ\"]},{\"@type\":\"Person\",\"@id\":\"https:\/\/inmocosta.com\/es\/#\/schema\/person\/c1158d0f764ec40f4b366ff7afc7ddd8\",\"name\":\"info@inmocosta.com\",\"image\":{\"@type\":\"ImageObject\",\"inLanguage\":\"es\",\"@id\":\"https:\/\/inmocosta.com\/es\/#\/schema\/person\/image\/\",\"url\":\"https:\/\/secure.gravatar.com\/avatar\/6fcb462a4ecd1323c01cea6303344762c4ebd0c5a2d8936b060b9188b467a7e9?s=96&d=mm&r=g\",\"contentUrl\":\"https:\/\/secure.gravatar.com\/avatar\/6fcb462a4ecd1323c01cea6303344762c4ebd0c5a2d8936b060b9188b467a7e9?s=96&d=mm&r=g\",\"caption\":\"info@inmocosta.com\"}}]}<\/script>\n<!-- \/ Yoast SEO plugin. -->","yoast_head_json":{"title":"1 de diciembre.- Empieza la Campa\u00f1a de Navidad","description":"1 de diciembre.- Empieza la Campa\u00f1a de Navidad Inmocosta API 1 de desembre.-Un any m\u00e9s ens complau fer-vos arribar via\u00a0correus\u00a0la felicitaci\u00f3 de Nadal.","robots":{"index":"index","follow":"follow","max-snippet":"max-snippet:-1","max-image-preview":"max-image-preview:large","max-video-preview":"max-video-preview:-1"},"canonical":"https:\/\/inmocosta.com\/es\/1-de-diciembre-empieza-la-campana-de-navidad\/","og_locale":"es_ES","og_type":"article","og_title":"1 de diciembre.- Empieza la Campa\u00f1a de Navidad","og_description":"1 de diciembre.- Empieza la Campa\u00f1a de Navidad Inmocosta API 1 de desembre.-Un any m\u00e9s ens complau fer-vos arribar via\u00a0correus\u00a0la felicitaci\u00f3 de Nadal.","og_url":"https:\/\/inmocosta.com\/es\/1-de-diciembre-empieza-la-campana-de-navidad\/","og_site_name":"Inmocosta API l&#039;Estartit -","article_publisher":"https:\/\/www.facebook.com\/inmocostaapi\/","article_published_time":"2017-12-01T13:53:38+00:00","article_modified_time":"2018-06-28T16:29:26+00:00","og_image":[{"width":1019,"height":510,"url":"https:\/\/inmocosta.com\/wp-content\/uploads\/2017\/12\/felicitacio-Nadal.jpg","type":"image\/jpeg"}],"author":"info@inmocosta.com","twitter_card":"summary_large_image","twitter_misc":{"Escrito por":"info@inmocosta.com","Tiempo de lectura":"1 minuto"},"schema":{"@context":"https:\/\/schema.org","@graph":[{"@type":"Article","@id":"https:\/\/inmocosta.com\/es\/1-de-diciembre-empieza-la-campana-de-navidad\/#article","isPartOf":{"@id":"https:\/\/inmocosta.com\/es\/1-de-diciembre-empieza-la-campana-de-navidad\/"},"author":{"name":"info@inmocosta.com","@id":"https:\/\/inmocosta.com\/es\/#\/schema\/person\/c1158d0f764ec40f4b366ff7afc7ddd8"},"headline":"1 de diciembre.- Empieza la Campa\u00f1a de Navidad","datePublished":"2017-12-01T13:53:38+00:00","dateModified":"2018-06-28T16:29:26+00:00","mainEntityOfPage":{"@id":"https:\/\/inmocosta.com\/es\/1-de-diciembre-empieza-la-campana-de-navidad\/"},"wordCount":237,"publisher":{"@id":"https:\/\/inmocosta.com\/es\/#organization"},"keywords":["1 de diciembre","abrigada hasta\u00a0el cerebro\u00a0y con LOLA\u00a0dando vueltas a mi alrededor mir\u00e1ndome horrorizada porque\u00a0cargaba\u00a02 mu\u00f1ecos del coche y hasta la playa","Bon Nadal","Campa\u00f1a de Navidad","Feli\u00e7 Any","felicitacio","la Christ\u00a0y en Mas","La foto la hice una g\u00e9lida ma\u00f1ana de la primera quincena de\u00a0Noviembre\u00a0con un\u00a0fr\u00edo\u00a0de infarto","muy felices Navidades y todo el mejor\u00a0por el\u00a02018","Nadal","Navidad feliz A\u00f1o Nuevo"],"articleSection":["API","Compra Vivendes","decoraci\u00f3n","entorno","Felicitacio Nadal","inmobiliaria"],"inLanguage":"es"},{"@type":"WebPage","@id":"https:\/\/inmocosta.com\/es\/1-de-diciembre-empieza-la-campana-de-navidad\/","url":"https:\/\/inmocosta.com\/es\/1-de-diciembre-empieza-la-campana-de-navidad\/","name":"1 de diciembre.- Empieza la Campa\u00f1a de Navidad","isPartOf":{"@id":"https:\/\/inmocosta.com\/es\/#website"},"datePublished":"2017-12-01T13:53:38+00:00","dateModified":"2018-06-28T16:29:26+00:00","description":"1 de diciembre.- Empieza la Campa\u00f1a de Navidad Inmocosta API 1 de desembre.-Un any m\u00e9s ens complau fer-vos arribar via\u00a0correus\u00a0la felicitaci\u00f3 de Nadal.","breadcrumb":{"@id":"https:\/\/inmocosta.com\/es\/1-de-diciembre-empieza-la-campana-de-navidad\/#breadcrumb"},"inLanguage":"es","potentialAction":[{"@type":"ReadAction","target":["https:\/\/inmocosta.com\/es\/1-de-diciembre-empieza-la-campana-de-navidad\/"]}]},{"@type":"BreadcrumbList","@id":"https:\/\/inmocosta.com\/es\/1-de-diciembre-empieza-la-campana-de-navidad\/#breadcrumb","itemListElement":[{"@type":"ListItem","position":1,"name":"Home","item":"https:\/\/inmocosta.com\/es\/"},{"@type":"ListItem","position":2,"name":"1 de diciembre.- Empieza la Campa\u00f1a de Navidad"}]},{"@type":"WebSite","@id":"https:\/\/inmocosta.com\/es\/#website","url":"https:\/\/inmocosta.com\/es\/","name":"Inmocosta API l&#039;Estartit -","description":"Ag\u00e8ncia immobiliaria dedicada exclusivament a la compra venda d\u00b4immobles . L&#039;assessorem en la compra del seu habitatge. Comprar cases, pisos, apartaments.","publisher":{"@id":"https:\/\/inmocosta.com\/es\/#organization"},"potentialAction":[{"@type":"SearchAction","target":{"@type":"EntryPoint","urlTemplate":"https:\/\/inmocosta.com\/es\/?s={search_term_string}"},"query-input":"required name=search_term_string"}],"inLanguage":"es"},{"@type":"Organization","@id":"https:\/\/inmocosta.com\/es\/#organization","name":"Inmocosta API L'Estartit","url":"https:\/\/inmocosta.com\/es\/","logo":{"@type":"ImageObject","inLanguage":"es","@id":"https:\/\/inmocosta.com\/es\/#\/schema\/logo\/image\/","url":"https:\/\/inmocosta.com\/wp-content\/uploads\/2025\/01\/imatge_usuari.png","contentUrl":"https:\/\/inmocosta.com\/wp-content\/uploads\/2025\/01\/imatge_usuari.png","width":500,"height":500,"caption":"Inmocosta API L'Estartit"},"image":{"@id":"https:\/\/inmocosta.com\/es\/#\/schema\/logo\/image\/"},"sameAs":["https:\/\/www.facebook.com\/inmocostaapi\/","https:\/\/www.instagram.com\/inmocosta_api\/","https:\/\/www.youtube.com\/channel\/UCidmbkY6BpJG9MA_OQUZgYQ"]},{"@type":"Person","@id":"https:\/\/inmocosta.com\/es\/#\/schema\/person\/c1158d0f764ec40f4b366ff7afc7ddd8","name":"info@inmocosta.com","image":{"@type":"ImageObject","inLanguage":"es","@id":"https:\/\/inmocosta.com\/es\/#\/schema\/person\/image\/","url":"https:\/\/secure.gravatar.com\/avatar\/6fcb462a4ecd1323c01cea6303344762c4ebd0c5a2d8936b060b9188b467a7e9?s=96&d=mm&r=g","contentUrl":"https:\/\/secure.gravatar.com\/avatar\/6fcb462a4ecd1323c01cea6303344762c4ebd0c5a2d8936b060b9188b467a7e9?s=96&d=mm&r=g","caption":"info@inmocosta.com"}}]}},"_links":{"self":[{"href":"https:\/\/inmocosta.com\/es\/wp-json\/wp\/v2\/posts\/35762","targetHints":{"allow":["GET"]}}],"collection":[{"href":"https:\/\/inmocosta.com\/es\/wp-json\/wp\/v2\/posts"}],"about":[{"href":"https:\/\/inmocosta.com\/es\/wp-json\/wp\/v2\/types\/post"}],"author":[{"embeddable":true,"href":"https:\/\/inmocosta.com\/es\/wp-json\/wp\/v2\/users\/1"}],"replies":[{"embeddable":true,"href":"https:\/\/inmocosta.com\/es\/wp-json\/wp\/v2\/comments?post=35762"}],"version-history":[{"count":4,"href":"https:\/\/inmocosta.com\/es\/wp-json\/wp\/v2\/posts\/35762\/revisions"}],"predecessor-version":[{"id":35772,"href":"https:\/\/inmocosta.com\/es\/wp-json\/wp\/v2\/posts\/35762\/revisions\/35772"}],"wp:featuredmedia":[{"embeddable":true,"href":"https:\/\/inmocosta.com\/es\/wp-json\/wp\/v2\/media\/35758"}],"wp:attachment":[{"href":"https:\/\/inmocosta.com\/es\/wp-json\/wp\/v2\/media?parent=35762"}],"wp:term":[{"taxonomy":"category","embeddable":true,"href":"https:\/\/inmocosta.com\/es\/wp-json\/wp\/v2\/categories?post=35762"},{"taxonomy":"post_tag","embeddable":true,"href":"https:\/\/inmocosta.com\/es\/wp-json\/wp\/v2\/tags?post=35762"}],"curies":[{"name":"wp","href":"https:\/\/api.w.org\/{rel}","templated":true}]}}