{"id":36159,"date":"2018-01-29T17:48:14","date_gmt":"2018-01-29T16:48:14","guid":{"rendered":"http:\/\/inmocosta.com\/tendencies-disseny-en-decoracio-per-2018\/"},"modified":"2018-06-28T17:23:17","modified_gmt":"2018-06-28T16:23:17","slug":"tendencias-y-diseno-en-decoracion-para-2018","status":"publish","type":"post","link":"https:\/\/inmocosta.com\/es\/tendencias-y-diseno-en-decoracion-para-2018\/","title":{"rendered":"Tendencias y dise\u00f1o en decoraci\u00f3n para 2018"},"content":{"rendered":"<h2 data-fontsize=\"28\" data-lineheight=\"42\">En general, la casa se percibe hoy, m\u00e1s que nunca,\u00a0<strong>como un refugio frente a un exterior estresante e inestable<\/strong>.<\/h2>\n<p data-fontsize=\"28\" data-lineheight=\"42\">La suavidad en los materiales, con el terciopelo a la cabeza, la b\u00fasqueda de acabados naturales y de espacios donde sentirse bien son algunas de las claves para el 2018.<\/p>\n<div id=\"attachment_36152\" style=\"width: 700px\" class=\"wp-caption alignnone\"><a href=\"http:\/\/inmocosta.com\/wp-content\/uploads\/2018\/01\/tendencies1.jpg\"><img fetchpriority=\"high\" decoding=\"async\" aria-describedby=\"caption-attachment-36152\" class=\"size-large wp-image-36152\" src=\"http:\/\/inmocosta.com\/wp-content\/uploads\/2018\/01\/tendencies1.jpg\" alt=\"\" width=\"690\" height=\"390\" \/><\/a><p id=\"caption-attachment-36152\" class=\"wp-caption-text\">Interior of modern kitchen. 3d render. Photo behind the window was made by me.<\/p><\/div>\n<p>&nbsp;<\/p>\n<p>Es lo que se conoce como el JoMO\u00a0<em>(Joy of Missing Out),<\/em>\u00a0un paso m\u00e1s all\u00e1 del Hygge que triunf\u00f3 en 2017. Por ello, en general las formas se vuelven curvas y m\u00e1s envolventes, las dimensiones de piezas clave, como los sof\u00e1s, crecen: todo en aras de hacer del hogar un espacio del que huir del ruido y del estr\u00e9s. Estas son las tendencias y dise\u00f1o en decoraci\u00f3n para 2018, seg\u00fan Houzz.es.<\/p>\n<p>&nbsp;<\/p>\n<p><strong>Ba\u00f1o<\/strong><\/p>\n<p>La primera tendencia destacada, seg\u00fan Houzz.es,\u00a0<strong>es el inter\u00e9s hacia espacios muy as\u00e9pticos, de l\u00edneas sencillas y rectas<\/strong>, donde el punto c\u00e1lido lo ponen materiales naturales como la madera. El blanco y el gris son los dos colores que se usan para dar forma a espacios neutros y, en muchos casos, se acompa\u00f1an por las \u00faltimas novedades en dom\u00f3tica.<\/p>\n<p>En todo caso, hay un cierto inter\u00e9s por hacer del ba\u00f1o un lugar con car\u00e1cter, a caballo entre lo natural y lo rom\u00e1ntico. El papel pintado con motivos vegetales de gran tama\u00f1o, grandes hojas de monstera<a href=\"https:\/\/www.houzz.com\/photo\/84046920-antic-and-chic-tropical-powder-room-barcelona\">,<\/a>\u00a0bananos, o motivos m\u00e1s complejos es una de las tendencias m\u00e1s evidentes. Adem\u00e1s, el acabado dorado llega a accesorios como espejos o la grifer\u00eda.<\/p>\n<p>&nbsp;<\/p>\n<p><strong>Cocina<\/strong><\/p>\n<p>Se acab\u00f3 el \u2018Total White\u2019. Cada vez m\u00e1s vemos opciones como los armarios altos en blanco y los muebles bajos en gris, por ejemplo:\u00a0<strong>una combinaci\u00f3n que agranda visualmente las cocinas<\/strong>. Adem\u00e1s, se introducen nuevos colores, como el azul marino. El negro y el gris son tendencia. Tambi\u00e9n el uso de materiales que aporten a la cocina un aspecto vivido, v\u00e9ase imitaciones de cemento, tambi\u00e9n de acero oxidado, piedras naturales.<\/p>\n<p>En cuanto al espacio, prima la sencillez.\u00a0<strong>Se reduce al m\u00ednimo indispensable el espacio de almacenaje<\/strong>. En este sentido, las cocinas despejadas, sin muebles frontales, ganan adeptos. Se libera el espacio sobre la zona de aguas y de preparaci\u00f3n en aras de conseguir mejor integraci\u00f3n visual en la zona de d\u00eda. Las alfombras vin\u00edlicas tambi\u00e9n conquistan la cocina.<\/p>\n<p>&nbsp;<\/p>\n<p><img decoding=\"async\" class=\"alignnone wp-image-25288 size-full\" src=\"https:\/\/www.fotocasa.es\/blog\/wp-content\/uploads\/2017\/11\/iStock-480601735.jpg\" sizes=\"(max-width: 690px) 100vw, 690px\" srcset=\"https:\/\/www.fotocasa.es\/blog\/wp-content\/uploads\/2017\/11\/iStock-480601735-183x142.jpg 183w, https:\/\/www.fotocasa.es\/blog\/wp-content\/uploads\/2017\/11\/iStock-480601735-200x155.jpg 200w, https:\/\/www.fotocasa.es\/blog\/wp-content\/uploads\/2017\/11\/iStock-480601735-300x233.jpg 300w, https:\/\/www.fotocasa.es\/blog\/wp-content\/uploads\/2017\/11\/iStock-480601735-400x311.jpg 400w, https:\/\/www.fotocasa.es\/blog\/wp-content\/uploads\/2017\/11\/iStock-480601735-600x466.jpg 600w, https:\/\/www.fotocasa.es\/blog\/wp-content\/uploads\/2017\/11\/iStock-480601735-676x525.jpg 676w, https:\/\/www.fotocasa.es\/blog\/wp-content\/uploads\/2017\/11\/iStock-480601735.jpg 690w\" alt=\"tendencias 2018\" width=\"690\" height=\"536\" \/><\/p>\n<p>&nbsp;<\/p>\n<p><strong>Sal\u00f3n<\/strong><\/p>\n<p>Bye, bye \u2018vintage\u2019. Se acab\u00f3 el exceso, la mezcla.\u00a0<strong>La tendencia es hacia un estilo Mid Century poco exagerado<\/strong>, donde priman los colores neutros, papeles pintados en tonos suaves y formas sugerentes en los sof\u00e1s. Los acabados metalizados, especialmente en luminarias, ponen una nota de acento algo m\u00e1s estridente.<\/p>\n<p>&nbsp;<\/p>\n<p><strong>Distribuci\u00f3n<\/strong><\/p>\n<p>Desde luego, los espacios abiertos contin\u00faan siendo una tendencia, pero ahora se busca separar sin interrumpir visualmente.\u00a0<strong>Los pa\u00f1os fijos de vidrio y puertas correderas del mismo material<\/strong>mantienen el concepto de espacio abierto, pero al tiempo independizan espacios.<\/p>\n<p>&nbsp;<\/p>\n<p><strong>Iluminaci\u00f3n<\/strong><\/p>\n<p>Las l\u00e1mparas est\u00e1n cobrando cada vez m\u00e1s importancia. Son un elemento fundamental para aportar un punto singular y escult\u00f3rico a los interiores.\u00a0<strong>Una buena l\u00e1mpara es capaz de cualificar un espacio por s\u00ed misma<\/strong>. En este sentido, es evidente que el techo reclama un lugar importante dentro de la decoraci\u00f3n. Si suelos y paredes se enriquecen con texturas y colores, el techo tambi\u00e9n se viste con papeles pintados, con colores o con molduras de yeso para generar impacto.<\/p>\n<p>&nbsp;<\/p>\n<p><strong>Color<\/strong><\/p>\n<p>En decoraci\u00f3n, la importancia reside en los tonos,\u00a0<strong>no en los colores puros<\/strong>. Hay varios colores que dominar\u00e1n los interiores en 2018:<\/p>\n<ul>\n<li><strong>Rosa\u00a0<em>millennial<\/em><\/strong>. Se trata de un tono suave y c\u00e1lido que combina, por ejemplo, con el amarillo pi\u00f1a, que se va a llevar en complementos y accesorios.<\/li>\n<li><strong>Amarillo pi\u00f1a<\/strong>, especialmente en complementos y accesorios.<\/li>\n<li><strong>Verde petr\u00f3leo<\/strong>\u00a0de tendencia en mobiliario de cocina.<\/li>\n<li><strong>Azul oscuro<\/strong>\u00a0en cocinas, ba\u00f1os y paredes para buscar profundidad. Es el color de 2018.<\/li>\n<\/ul>\n<p>\u00a1Atenci\u00f3n! Tambi\u00e9n ser\u00e1n tendencia los espacios monocrom\u00e1ticos: cada lugar de la casa se pinta de un solo tono.<\/p>\n<p><strong>\u00a0<\/strong><\/p>\n<p><img decoding=\"async\" class=\"alignnone wp-image-25289 size-full\" src=\"https:\/\/www.fotocasa.es\/blog\/wp-content\/uploads\/2017\/11\/iStock-673475234.jpg\" sizes=\"(max-width: 690px) 100vw, 690px\" srcset=\"https:\/\/www.fotocasa.es\/blog\/wp-content\/uploads\/2017\/11\/iStock-673475234-183x122.jpg 183w, https:\/\/www.fotocasa.es\/blog\/wp-content\/uploads\/2017\/11\/iStock-673475234-200x133.jpg 200w, https:\/\/www.fotocasa.es\/blog\/wp-content\/uploads\/2017\/11\/iStock-673475234-300x200.jpg 300w, https:\/\/www.fotocasa.es\/blog\/wp-content\/uploads\/2017\/11\/iStock-673475234-400x267.jpg 400w, https:\/\/www.fotocasa.es\/blog\/wp-content\/uploads\/2017\/11\/iStock-673475234-600x400.jpg 600w, https:\/\/www.fotocasa.es\/blog\/wp-content\/uploads\/2017\/11\/iStock-673475234-676x451.jpg 676w, https:\/\/www.fotocasa.es\/blog\/wp-content\/uploads\/2017\/11\/iStock-673475234.jpg 690w\" alt=\"rosa tendencias\" width=\"690\" height=\"460\" \/><\/p>\n<p>&nbsp;<\/p>\n<p><strong>Elementos decorativos y acabados<\/strong><\/p>\n<ul>\n<li>Bustos cl\u00e1sicos de colores. A\u00f1adir una pieza que en origen es tan seria y cl\u00e1sica, pero en colores que rompen con todo se convierte en decoraci\u00f3n en el elemento sorpresa perfecto.<\/li>\n<li>Canastillas de fibras naturales<\/li>\n<li>Marcos de cuadros<\/li>\n<li>Animales y plantas conquistan el dise\u00f1o<\/li>\n<li>Texturas en paredes. \u00bfAburridos de los azulejos de siempre? Cada vez las marcas piensan m\u00e1s en 3 dimensiones y adem\u00e1s de colores, a\u00f1aden volumen a las propuestas de azulejos.<\/li>\n<\/ul>\n<p>&nbsp;<\/p>\n<p><strong>Mobiliario<\/strong><\/p>\n<ul>\n<li><strong>Mueble mid-century<\/strong>. Qu\u00edtate de la cabeza el\u00a0<a href=\"https:\/\/www.fotocasa.es\/blog\/hogar\/decoracion\/10-objetos-para-un-salon-de-estilo-nordico\">estilo n\u00f3rdico<\/a>\u00a0y da la bienvenida a las piezas de estilo italiano y franc\u00e9s, mucho m\u00e1s elegantes, con curvas, piezas envolventes, tapizados con terciopelo o acabados en lacados brillantes y con colores atrevidos. \u00a1El lujo m\u00e1s acogedor!<\/li>\n<li><strong>El sof\u00e1 cobra en 2018 mucho protagonismo<\/strong>. Crece en tama\u00f1o y profundidad con la intenci\u00f3n de crear zonas de reuni\u00f3n agradables y tranquilas. Adem\u00e1s, mandan las l\u00edneas sencillas.<\/li>\n<\/ul>\n<p>Fuente :<\/p>\n<div id=\"attachment_35257\" style=\"width: 448px\" class=\"wp-caption alignnone\"><a href=\"http:\/\/inmocosta.com\/wp-content\/uploads\/2017\/11\/Fotocasa-Academy-Girona-Sergi-Marcos.jpg\"><img loading=\"lazy\" decoding=\"async\" aria-describedby=\"caption-attachment-35257\" class=\"size-full wp-image-35257\" src=\"http:\/\/inmocosta.com\/wp-content\/uploads\/2017\/11\/Fotocasa-Academy-Girona-Sergi-Marcos.jpg\" alt=\"Fotocasa Academy Girona Sergi Marcos\" width=\"438\" height=\"167\" \/><\/a><p id=\"caption-attachment-35257\" class=\"wp-caption-text\">Fotocasa Academy Girona Sergi Marcos<\/p><\/div>\n","protected":false},"excerpt":{"rendered":"<p>En general, la casa se percibe hoy, m\u00e1s que nunca,\u00a0como un refugio frente a un exterior estresante e inestable. La suavidad en los materiales, con el terciopelo a la cabeza, la b\u00fasqueda de acabados naturales y de espacios donde sentirse bien son algunas de las claves para el 2018. &nbsp; Es lo que se conoce como el JoMO\u00a0(Joy of Missing Out),\u00a0un paso m\u00e1s all\u00e1 &#8230;<\/p>\n","protected":false},"author":1,"featured_media":0,"comment_status":"closed","ping_status":"open","sticky":false,"template":"","format":"standard","meta":{"footnotes":""},"categories":[313,427,301,307,314,302,317],"tags":[1323,644,1324,1327,1322,645,659,660,1325,1328,1326,1320,1321,1329,961,1319,661],"class_list":["post-36159","post","type-post","status-publish","format-standard","hentry","category-api-es","category-compra-vivendes-es","category-docoracion","category-entorno","category-inmobiliaria","category-oportunidades","category-ventas","tag-bano","tag-bany-es","tag-cocina","tag-color","tag-como-un-refugio-frente-a-un-exterior-estresante-e-inestable","tag-cuina-es","tag-decoracio-es","tag-disseny-es","tag-distribucion","tag-elementos-decorativos-y-acabados","tag-iluminacion","tag-la-casa-se-percibe-hoy","tag-mas-que-nunca","tag-mobiliario","tag-salon","tag-tendencias-y-diseno-en-decoracion-para-2018","tag-tendencies-es"],"yoast_head":"<!-- This site is optimized with the Yoast SEO plugin v21.8 - https:\/\/yoast.com\/wordpress\/plugins\/seo\/ -->\n<title>Tendencias y dise\u00f1o en decoraci\u00f3n para 2018 Fotocasa Inmocosta API<\/title>\n<meta name=\"description\" content=\"En general, la casa se percibe hoy, m\u00e1s que nunca,\u00a0como un refugio frente a un exterior estresante e inestable. La suavidad en los materiales, con el terciopelo a la cabeza, la b\u00fasqueda de acabados naturales y de espacios donde sentirse bien son algunas de las claves para el 2018.\" \/>\n<meta name=\"robots\" content=\"index, follow, max-snippet:-1, max-image-preview:large, max-video-preview:-1\" \/>\n<link rel=\"canonical\" href=\"https:\/\/inmocosta.com\/es\/tendencias-y-diseno-en-decoracion-para-2018\/\" \/>\n<meta property=\"og:locale\" content=\"es_ES\" \/>\n<meta property=\"og:type\" content=\"article\" \/>\n<meta property=\"og:title\" content=\"Tendencias y dise\u00f1o en decoraci\u00f3n para 2018 Fotocasa Inmocosta API\" \/>\n<meta property=\"og:description\" content=\"En general, la casa se percibe hoy, m\u00e1s que nunca,\u00a0como un refugio frente a un exterior estresante e inestable. La suavidad en los materiales, con el terciopelo a la cabeza, la b\u00fasqueda de acabados naturales y de espacios donde sentirse bien son algunas de las claves para el 2018.\" \/>\n<meta property=\"og:url\" content=\"https:\/\/inmocosta.com\/es\/tendencias-y-diseno-en-decoracion-para-2018\/\" \/>\n<meta property=\"og:site_name\" content=\"Inmocosta API l&#039;Estartit -\" \/>\n<meta property=\"article:publisher\" content=\"https:\/\/www.facebook.com\/inmocostaapi\/\" \/>\n<meta property=\"article:published_time\" content=\"2018-01-29T16:48:14+00:00\" \/>\n<meta property=\"article:modified_time\" content=\"2018-06-28T16:23:17+00:00\" \/>\n<meta property=\"og:image\" content=\"https:\/\/inmocosta.com\/wp-content\/uploads\/2021\/03\/IMG-9022.jpg\" \/>\n\t<meta property=\"og:image:width\" content=\"450\" \/>\n\t<meta property=\"og:image:height\" content=\"600\" \/>\n\t<meta property=\"og:image:type\" content=\"image\/jpeg\" \/>\n<meta name=\"author\" content=\"info@inmocosta.com\" \/>\n<meta name=\"twitter:card\" content=\"summary_large_image\" \/>\n<meta name=\"twitter:label1\" content=\"Escrito por\" \/>\n\t<meta name=\"twitter:data1\" content=\"info@inmocosta.com\" \/>\n\t<meta name=\"twitter:label2\" content=\"Tiempo de lectura\" \/>\n\t<meta name=\"twitter:data2\" content=\"5 minutos\" \/>\n<script type=\"application\/ld+json\" class=\"yoast-schema-graph\">{\"@context\":\"https:\/\/schema.org\",\"@graph\":[{\"@type\":\"Article\",\"@id\":\"https:\/\/inmocosta.com\/es\/tendencias-y-diseno-en-decoracion-para-2018\/#article\",\"isPartOf\":{\"@id\":\"https:\/\/inmocosta.com\/es\/tendencias-y-diseno-en-decoracion-para-2018\/\"},\"author\":{\"name\":\"info@inmocosta.com\",\"@id\":\"https:\/\/inmocosta.com\/es\/#\/schema\/person\/c1158d0f764ec40f4b366ff7afc7ddd8\"},\"headline\":\"Tendencias y dise\u00f1o en decoraci\u00f3n para 2018\",\"datePublished\":\"2018-01-29T16:48:14+00:00\",\"dateModified\":\"2018-06-28T16:23:17+00:00\",\"mainEntityOfPage\":{\"@id\":\"https:\/\/inmocosta.com\/es\/tendencias-y-diseno-en-decoracion-para-2018\/\"},\"wordCount\":915,\"publisher\":{\"@id\":\"https:\/\/inmocosta.com\/es\/#organization\"},\"keywords\":[\"Ba\u00f1o\",\"bany\",\"Cocina\",\"Color\",\"como un refugio frente a un exterior estresante e inestable\",\"cuina\",\"decoraci\u00f3\",\"disseny\",\"Distribuci\u00f3n\",\"Elementos decorativos y acabados\",\"Iluminaci\u00f3n\",\"la casa se percibe hoy\",\"m\u00e1s que nunca\",\"Mobiliario\",\"salon\",\"Tendencias y dise\u00f1o en decoraci\u00f3n para 2018\",\"tend\u00e8ncies\"],\"articleSection\":[\"API\",\"Compra Vivendes\",\"decoraci\u00f3n\",\"entorno\",\"inmobiliaria\",\"oportunidades\",\"ventas\"],\"inLanguage\":\"es\"},{\"@type\":\"WebPage\",\"@id\":\"https:\/\/inmocosta.com\/es\/tendencias-y-diseno-en-decoracion-para-2018\/\",\"url\":\"https:\/\/inmocosta.com\/es\/tendencias-y-diseno-en-decoracion-para-2018\/\",\"name\":\"Tendencias y dise\u00f1o en decoraci\u00f3n para 2018 Fotocasa Inmocosta API\",\"isPartOf\":{\"@id\":\"https:\/\/inmocosta.com\/es\/#website\"},\"datePublished\":\"2018-01-29T16:48:14+00:00\",\"dateModified\":\"2018-06-28T16:23:17+00:00\",\"description\":\"En general, la casa se percibe hoy, m\u00e1s que nunca,\u00a0como un refugio frente a un exterior estresante e inestable. La suavidad en los materiales, con el terciopelo a la cabeza, la b\u00fasqueda de acabados naturales y de espacios donde sentirse bien son algunas de las claves para el 2018.\",\"breadcrumb\":{\"@id\":\"https:\/\/inmocosta.com\/es\/tendencias-y-diseno-en-decoracion-para-2018\/#breadcrumb\"},\"inLanguage\":\"es\",\"potentialAction\":[{\"@type\":\"ReadAction\",\"target\":[\"https:\/\/inmocosta.com\/es\/tendencias-y-diseno-en-decoracion-para-2018\/\"]}]},{\"@type\":\"BreadcrumbList\",\"@id\":\"https:\/\/inmocosta.com\/es\/tendencias-y-diseno-en-decoracion-para-2018\/#breadcrumb\",\"itemListElement\":[{\"@type\":\"ListItem\",\"position\":1,\"name\":\"Home\",\"item\":\"https:\/\/inmocosta.com\/es\/\"},{\"@type\":\"ListItem\",\"position\":2,\"name\":\"Tendencias y dise\u00f1o en decoraci\u00f3n para 2018\"}]},{\"@type\":\"WebSite\",\"@id\":\"https:\/\/inmocosta.com\/es\/#website\",\"url\":\"https:\/\/inmocosta.com\/es\/\",\"name\":\"Inmocosta API l&#039;Estartit -\",\"description\":\"Ag\u00e8ncia immobiliaria dedicada exclusivament a la compra venda d\u00b4immobles . L&#039;assessorem en la compra del seu habitatge. Comprar cases, pisos, apartaments.\",\"publisher\":{\"@id\":\"https:\/\/inmocosta.com\/es\/#organization\"},\"potentialAction\":[{\"@type\":\"SearchAction\",\"target\":{\"@type\":\"EntryPoint\",\"urlTemplate\":\"https:\/\/inmocosta.com\/es\/?s={search_term_string}\"},\"query-input\":\"required name=search_term_string\"}],\"inLanguage\":\"es\"},{\"@type\":\"Organization\",\"@id\":\"https:\/\/inmocosta.com\/es\/#organization\",\"name\":\"Inmocosta API L'Estartit\",\"url\":\"https:\/\/inmocosta.com\/es\/\",\"logo\":{\"@type\":\"ImageObject\",\"inLanguage\":\"es\",\"@id\":\"https:\/\/inmocosta.com\/es\/#\/schema\/logo\/image\/\",\"url\":\"https:\/\/inmocosta.com\/wp-content\/uploads\/2025\/01\/imatge_usuari.png\",\"contentUrl\":\"https:\/\/inmocosta.com\/wp-content\/uploads\/2025\/01\/imatge_usuari.png\",\"width\":500,\"height\":500,\"caption\":\"Inmocosta API L'Estartit\"},\"image\":{\"@id\":\"https:\/\/inmocosta.com\/es\/#\/schema\/logo\/image\/\"},\"sameAs\":[\"https:\/\/www.facebook.com\/inmocostaapi\/\",\"https:\/\/www.instagram.com\/inmocosta_api\/\",\"https:\/\/www.youtube.com\/channel\/UCidmbkY6BpJG9MA_OQUZgYQ\"]},{\"@type\":\"Person\",\"@id\":\"https:\/\/inmocosta.com\/es\/#\/schema\/person\/c1158d0f764ec40f4b366ff7afc7ddd8\",\"name\":\"info@inmocosta.com\",\"image\":{\"@type\":\"ImageObject\",\"inLanguage\":\"es\",\"@id\":\"https:\/\/inmocosta.com\/es\/#\/schema\/person\/image\/\",\"url\":\"https:\/\/secure.gravatar.com\/avatar\/6fcb462a4ecd1323c01cea6303344762c4ebd0c5a2d8936b060b9188b467a7e9?s=96&d=mm&r=g\",\"contentUrl\":\"https:\/\/secure.gravatar.com\/avatar\/6fcb462a4ecd1323c01cea6303344762c4ebd0c5a2d8936b060b9188b467a7e9?s=96&d=mm&r=g\",\"caption\":\"info@inmocosta.com\"}}]}<\/script>\n<!-- \/ Yoast SEO plugin. -->","yoast_head_json":{"title":"Tendencias y dise\u00f1o en decoraci\u00f3n para 2018 Fotocasa Inmocosta API","description":"En general, la casa se percibe hoy, m\u00e1s que nunca,\u00a0como un refugio frente a un exterior estresante e inestable. La suavidad en los materiales, con el terciopelo a la cabeza, la b\u00fasqueda de acabados naturales y de espacios donde sentirse bien son algunas de las claves para el 2018.","robots":{"index":"index","follow":"follow","max-snippet":"max-snippet:-1","max-image-preview":"max-image-preview:large","max-video-preview":"max-video-preview:-1"},"canonical":"https:\/\/inmocosta.com\/es\/tendencias-y-diseno-en-decoracion-para-2018\/","og_locale":"es_ES","og_type":"article","og_title":"Tendencias y dise\u00f1o en decoraci\u00f3n para 2018 Fotocasa Inmocosta API","og_description":"En general, la casa se percibe hoy, m\u00e1s que nunca,\u00a0como un refugio frente a un exterior estresante e inestable. La suavidad en los materiales, con el terciopelo a la cabeza, la b\u00fasqueda de acabados naturales y de espacios donde sentirse bien son algunas de las claves para el 2018.","og_url":"https:\/\/inmocosta.com\/es\/tendencias-y-diseno-en-decoracion-para-2018\/","og_site_name":"Inmocosta API l&#039;Estartit -","article_publisher":"https:\/\/www.facebook.com\/inmocostaapi\/","article_published_time":"2018-01-29T16:48:14+00:00","article_modified_time":"2018-06-28T16:23:17+00:00","og_image":[{"width":450,"height":600,"url":"https:\/\/inmocosta.com\/wp-content\/uploads\/2021\/03\/IMG-9022.jpg","type":"image\/jpeg"}],"author":"info@inmocosta.com","twitter_card":"summary_large_image","twitter_misc":{"Escrito por":"info@inmocosta.com","Tiempo de lectura":"5 minutos"},"schema":{"@context":"https:\/\/schema.org","@graph":[{"@type":"Article","@id":"https:\/\/inmocosta.com\/es\/tendencias-y-diseno-en-decoracion-para-2018\/#article","isPartOf":{"@id":"https:\/\/inmocosta.com\/es\/tendencias-y-diseno-en-decoracion-para-2018\/"},"author":{"name":"info@inmocosta.com","@id":"https:\/\/inmocosta.com\/es\/#\/schema\/person\/c1158d0f764ec40f4b366ff7afc7ddd8"},"headline":"Tendencias y dise\u00f1o en decoraci\u00f3n para 2018","datePublished":"2018-01-29T16:48:14+00:00","dateModified":"2018-06-28T16:23:17+00:00","mainEntityOfPage":{"@id":"https:\/\/inmocosta.com\/es\/tendencias-y-diseno-en-decoracion-para-2018\/"},"wordCount":915,"publisher":{"@id":"https:\/\/inmocosta.com\/es\/#organization"},"keywords":["Ba\u00f1o","bany","Cocina","Color","como un refugio frente a un exterior estresante e inestable","cuina","decoraci\u00f3","disseny","Distribuci\u00f3n","Elementos decorativos y acabados","Iluminaci\u00f3n","la casa se percibe hoy","m\u00e1s que nunca","Mobiliario","salon","Tendencias y dise\u00f1o en decoraci\u00f3n para 2018","tend\u00e8ncies"],"articleSection":["API","Compra Vivendes","decoraci\u00f3n","entorno","inmobiliaria","oportunidades","ventas"],"inLanguage":"es"},{"@type":"WebPage","@id":"https:\/\/inmocosta.com\/es\/tendencias-y-diseno-en-decoracion-para-2018\/","url":"https:\/\/inmocosta.com\/es\/tendencias-y-diseno-en-decoracion-para-2018\/","name":"Tendencias y dise\u00f1o en decoraci\u00f3n para 2018 Fotocasa Inmocosta API","isPartOf":{"@id":"https:\/\/inmocosta.com\/es\/#website"},"datePublished":"2018-01-29T16:48:14+00:00","dateModified":"2018-06-28T16:23:17+00:00","description":"En general, la casa se percibe hoy, m\u00e1s que nunca,\u00a0como un refugio frente a un exterior estresante e inestable. La suavidad en los materiales, con el terciopelo a la cabeza, la b\u00fasqueda de acabados naturales y de espacios donde sentirse bien son algunas de las claves para el 2018.","breadcrumb":{"@id":"https:\/\/inmocosta.com\/es\/tendencias-y-diseno-en-decoracion-para-2018\/#breadcrumb"},"inLanguage":"es","potentialAction":[{"@type":"ReadAction","target":["https:\/\/inmocosta.com\/es\/tendencias-y-diseno-en-decoracion-para-2018\/"]}]},{"@type":"BreadcrumbList","@id":"https:\/\/inmocosta.com\/es\/tendencias-y-diseno-en-decoracion-para-2018\/#breadcrumb","itemListElement":[{"@type":"ListItem","position":1,"name":"Home","item":"https:\/\/inmocosta.com\/es\/"},{"@type":"ListItem","position":2,"name":"Tendencias y dise\u00f1o en decoraci\u00f3n para 2018"}]},{"@type":"WebSite","@id":"https:\/\/inmocosta.com\/es\/#website","url":"https:\/\/inmocosta.com\/es\/","name":"Inmocosta API l&#039;Estartit -","description":"Ag\u00e8ncia immobiliaria dedicada exclusivament a la compra venda d\u00b4immobles . L&#039;assessorem en la compra del seu habitatge. Comprar cases, pisos, apartaments.","publisher":{"@id":"https:\/\/inmocosta.com\/es\/#organization"},"potentialAction":[{"@type":"SearchAction","target":{"@type":"EntryPoint","urlTemplate":"https:\/\/inmocosta.com\/es\/?s={search_term_string}"},"query-input":"required name=search_term_string"}],"inLanguage":"es"},{"@type":"Organization","@id":"https:\/\/inmocosta.com\/es\/#organization","name":"Inmocosta API L'Estartit","url":"https:\/\/inmocosta.com\/es\/","logo":{"@type":"ImageObject","inLanguage":"es","@id":"https:\/\/inmocosta.com\/es\/#\/schema\/logo\/image\/","url":"https:\/\/inmocosta.com\/wp-content\/uploads\/2025\/01\/imatge_usuari.png","contentUrl":"https:\/\/inmocosta.com\/wp-content\/uploads\/2025\/01\/imatge_usuari.png","width":500,"height":500,"caption":"Inmocosta API L'Estartit"},"image":{"@id":"https:\/\/inmocosta.com\/es\/#\/schema\/logo\/image\/"},"sameAs":["https:\/\/www.facebook.com\/inmocostaapi\/","https:\/\/www.instagram.com\/inmocosta_api\/","https:\/\/www.youtube.com\/channel\/UCidmbkY6BpJG9MA_OQUZgYQ"]},{"@type":"Person","@id":"https:\/\/inmocosta.com\/es\/#\/schema\/person\/c1158d0f764ec40f4b366ff7afc7ddd8","name":"info@inmocosta.com","image":{"@type":"ImageObject","inLanguage":"es","@id":"https:\/\/inmocosta.com\/es\/#\/schema\/person\/image\/","url":"https:\/\/secure.gravatar.com\/avatar\/6fcb462a4ecd1323c01cea6303344762c4ebd0c5a2d8936b060b9188b467a7e9?s=96&d=mm&r=g","contentUrl":"https:\/\/secure.gravatar.com\/avatar\/6fcb462a4ecd1323c01cea6303344762c4ebd0c5a2d8936b060b9188b467a7e9?s=96&d=mm&r=g","caption":"info@inmocosta.com"}}]}},"_links":{"self":[{"href":"https:\/\/inmocosta.com\/es\/wp-json\/wp\/v2\/posts\/36159","targetHints":{"allow":["GET"]}}],"collection":[{"href":"https:\/\/inmocosta.com\/es\/wp-json\/wp\/v2\/posts"}],"about":[{"href":"https:\/\/inmocosta.com\/es\/wp-json\/wp\/v2\/types\/post"}],"author":[{"embeddable":true,"href":"https:\/\/inmocosta.com\/es\/wp-json\/wp\/v2\/users\/1"}],"replies":[{"embeddable":true,"href":"https:\/\/inmocosta.com\/es\/wp-json\/wp\/v2\/comments?post=36159"}],"version-history":[{"count":2,"href":"https:\/\/inmocosta.com\/es\/wp-json\/wp\/v2\/posts\/36159\/revisions"}],"predecessor-version":[{"id":36161,"href":"https:\/\/inmocosta.com\/es\/wp-json\/wp\/v2\/posts\/36159\/revisions\/36161"}],"wp:attachment":[{"href":"https:\/\/inmocosta.com\/es\/wp-json\/wp\/v2\/media?parent=36159"}],"wp:term":[{"taxonomy":"category","embeddable":true,"href":"https:\/\/inmocosta.com\/es\/wp-json\/wp\/v2\/categories?post=36159"},{"taxonomy":"post_tag","embeddable":true,"href":"https:\/\/inmocosta.com\/es\/wp-json\/wp\/v2\/tags?post=36159"}],"curies":[{"name":"wp","href":"https:\/\/api.w.org\/{rel}","templated":true}]}}