{"id":37357,"date":"2018-04-28T08:25:55","date_gmt":"2018-04-28T07:25:55","guid":{"rendered":"http:\/\/inmocosta.com\/?p=37357"},"modified":"2018-06-28T16:41:47","modified_gmt":"2018-06-28T15:41:47","slug":"nuestra-becaria-cristina-collier-ha-completado-las-100-primeras-horas-de-formacion-en-la-empresa-inmocosta-api","status":"publish","type":"post","link":"https:\/\/inmocosta.com\/es\/nuestra-becaria-cristina-collier-ha-completado-las-100-primeras-horas-de-formacion-en-la-empresa-inmocosta-api\/","title":{"rendered":"Nuestra becaria, Cristina Collier, ha completado las 100 primeras horas de formaci\u00f3n en la empresa Inmocosta APi"},"content":{"rendered":"<h3>Nuestra becaria, Cristina Collier, ha completado las 100 primeras horas de formaci\u00f3n en la empresa Inmocosta APi<\/h3>\n<p>Nuestro becaria,<strong> Cristina Collier<\/strong>, ha completado las 100 primeras horas de formaci\u00f3n en la empresa <strong>Inmocosta Api de l&#8217;Estartit<\/strong><br \/>\nEl mes de febrero firmamos un convenio de <strong>Colaboraci\u00f3n dual<\/strong> con la <strong>Generalitat de Catalu\u00f1a,<\/strong> <strong>departamento de Ense\u00f1anza<\/strong>, para desarrollar un r\u00e9gimen de alternancia y con formaci\u00f3n dual de GRADO MEDIO De ACTIVIDADES COMERCIALES con el <strong>Instituto de Torroella de Montgr\u00ed.<\/strong><br \/>\nSiempre es interesante para las dos partes: Empresa y Becaria el hecho de ver las cosas bajo diferentes puntos de vista, tanto de experiencia como apartir de los valores que aportan las nuevas generaciones.<\/p>\n<p>El hecho de ser una peque\u00f1a empresa\u00a0 <strong>Cristina<\/strong> tiene que aprender muchas cosas diferentes, desde atenci\u00f3n al tel\u00e9fono, recepci\u00f3n de clientes, organizaci\u00f3n del despacho, muchos y muchos puntos diferentes que a buen seguro le ir\u00e1n muy bien en un futuro laboral y siempre bajo nuestro lema:<\/p>\n<p>el trabajo muy hecho no tiene fronteras y ahorra mucho tiempo.<\/p>\n<p>Continua as\u00ed , Cristina.<\/p>\n<p>Buen trabajo !!!!<\/p>\n<div id=\"attachment_37140\" style=\"width: 1034px\" class=\"wp-caption alignnone\"><a href=\"http:\/\/inmocosta.com\/wp-content\/uploads\/2018\/03\/IMG_8570.jpg\"><img fetchpriority=\"high\" decoding=\"async\" aria-describedby=\"caption-attachment-37140\" class=\"size-large wp-image-37140\" src=\"http:\/\/inmocosta.com\/wp-content\/uploads\/2018\/03\/IMG_8570-1024x768.jpg\" alt=\"Cristina Collier, nuestra becaria Inmocosta API Estartit\" width=\"1024\" height=\"768\" srcset=\"https:\/\/inmocosta.com\/wp-content\/uploads\/2018\/03\/IMG_8570-1024x768.jpg 1024w, https:\/\/inmocosta.com\/wp-content\/uploads\/2018\/03\/IMG_8570-300x225.jpg 300w, https:\/\/inmocosta.com\/wp-content\/uploads\/2018\/03\/IMG_8570-768x576.jpg 768w\" sizes=\"(max-width: 1024px) 100vw, 1024px\" \/><\/a><p id=\"caption-attachment-37140\" class=\"wp-caption-text\">Cristina Collier, nuestra becaria Inmocosta API EstartitCristina Collier becaria a Inmocosta API<\/p><\/div>\n","protected":false},"excerpt":{"rendered":"<p>Nuestra becaria, Cristina Collier, ha completado las 100 primeras horas de formaci\u00f3n en la empresa Inmocosta APi Nuestro becaria, Cristina Collier, ha completado las 100 primeras horas de formaci\u00f3n en la empresa Inmocosta Api de l&#8217;Estartit El mes de febrero firmamos un convenio de Colaboraci\u00f3n dual con la Generalitat de Catalu\u00f1a, departamento de Ense\u00f1anza, para desarrollar un r\u00e9gimen de alternancia y con formaci\u00f3n dual &#8230;<\/p>\n","protected":false},"author":1,"featured_media":37143,"comment_status":"closed","ping_status":"open","sticky":false,"template":"","format":"standard","meta":{"footnotes":""},"categories":[313,427,307,314,317],"tags":[875,1244,723,721,751,722,1241,1243,752,1240,1242],"class_list":["post-37357","post","type-post","status-publish","format-standard","has-post-thumbnail","hentry","category-api-es","category-compra-vivendes-es","category-entorno","category-inmobiliaria","category-ventas","tag-cristina-collier","tag-departamento-de-ensenanza","tag-departamento-educacion","tag-formacion-dual","tag-generalitat-de-catalunya-es","tag-generalitat-de-ctalunya","tag-ha-completado-las-100-primeras-horas-de-formacion-en-la-empresa-inmocosta-api","tag-ha-completado-las-100-primeras-horas-de-formacion-en-la-empresa-inmocosta-api-de-lestartit-el-mes-de-febrero-firmamos-un-convenio-de-colaboracion-dual-con-la-generalitat-de-cataluna","tag-institut-de-torroella-de-montgri-es","tag-nuestra-becaria","tag-nuestro-becaria"],"yoast_head":"<!-- This site is optimized with the Yoast SEO plugin v21.8 - https:\/\/yoast.com\/wordpress\/plugins\/seo\/ -->\n<title>100 primeres hores de formaci\u00f3 a l&#039;empressa Inmocosta APi<\/title>\n<meta name=\"description\" content=\"El mes de febrer v\u00e0rem signar un conveni de Col\u00b7laboraci\u00f3 duals amb la Generalitat de Catalunya, departament d&#039;Ensenyament, per desenvolupar un r\u00e8gim d&#039;alternan\u00e7a i amb formaci\u00f3 dual de GRAU MITJA D&#039;ACTIVITATS COMERCIALS amb l&#039;Institut de Torroella de Montgr\u00ed.\" \/>\n<meta name=\"robots\" content=\"index, follow, max-snippet:-1, max-image-preview:large, max-video-preview:-1\" \/>\n<link rel=\"canonical\" href=\"https:\/\/inmocosta.com\/es\/nuestra-becaria-cristina-collier-ha-completado-las-100-primeras-horas-de-formacion-en-la-empresa-inmocosta-api\/\" \/>\n<meta property=\"og:locale\" content=\"es_ES\" \/>\n<meta property=\"og:type\" content=\"article\" \/>\n<meta property=\"og:title\" content=\"100 primeres hores de formaci\u00f3 a l&#039;empressa Inmocosta APi\" \/>\n<meta property=\"og:description\" content=\"El mes de febrer v\u00e0rem signar un conveni de Col\u00b7laboraci\u00f3 duals amb la Generalitat de Catalunya, departament d&#039;Ensenyament, per desenvolupar un r\u00e8gim d&#039;alternan\u00e7a i amb formaci\u00f3 dual de GRAU MITJA D&#039;ACTIVITATS COMERCIALS amb l&#039;Institut de Torroella de Montgr\u00ed.\" \/>\n<meta property=\"og:url\" content=\"https:\/\/inmocosta.com\/es\/nuestra-becaria-cristina-collier-ha-completado-las-100-primeras-horas-de-formacion-en-la-empresa-inmocosta-api\/\" \/>\n<meta property=\"og:site_name\" content=\"Inmocosta API l&#039;Estartit -\" \/>\n<meta property=\"article:publisher\" content=\"https:\/\/www.facebook.com\/inmocostaapi\/\" \/>\n<meta property=\"article:published_time\" content=\"2018-04-28T07:25:55+00:00\" \/>\n<meta property=\"article:modified_time\" content=\"2018-06-28T15:41:47+00:00\" \/>\n<meta property=\"og:image\" content=\"https:\/\/inmocosta.com\/wp-content\/uploads\/2018\/03\/IMG_8570.jpg\" \/>\n\t<meta property=\"og:image:width\" content=\"4032\" \/>\n\t<meta property=\"og:image:height\" content=\"3024\" \/>\n\t<meta property=\"og:image:type\" content=\"image\/jpeg\" \/>\n<meta name=\"author\" content=\"info@inmocosta.com\" \/>\n<meta name=\"twitter:card\" content=\"summary_large_image\" \/>\n<meta name=\"twitter:label1\" content=\"Escrito por\" \/>\n\t<meta name=\"twitter:data1\" content=\"info@inmocosta.com\" \/>\n\t<meta name=\"twitter:label2\" content=\"Tiempo de lectura\" \/>\n\t<meta name=\"twitter:data2\" content=\"1 minuto\" \/>\n<script type=\"application\/ld+json\" class=\"yoast-schema-graph\">{\"@context\":\"https:\/\/schema.org\",\"@graph\":[{\"@type\":\"Article\",\"@id\":\"https:\/\/inmocosta.com\/es\/nuestra-becaria-cristina-collier-ha-completado-las-100-primeras-horas-de-formacion-en-la-empresa-inmocosta-api\/#article\",\"isPartOf\":{\"@id\":\"https:\/\/inmocosta.com\/es\/nuestra-becaria-cristina-collier-ha-completado-las-100-primeras-horas-de-formacion-en-la-empresa-inmocosta-api\/\"},\"author\":{\"name\":\"info@inmocosta.com\",\"@id\":\"https:\/\/inmocosta.com\/es\/#\/schema\/person\/c1158d0f764ec40f4b366ff7afc7ddd8\"},\"headline\":\"Nuestra becaria, Cristina Collier, ha completado las 100 primeras horas de formaci\u00f3n en la empresa Inmocosta APi\",\"datePublished\":\"2018-04-28T07:25:55+00:00\",\"dateModified\":\"2018-06-28T15:41:47+00:00\",\"mainEntityOfPage\":{\"@id\":\"https:\/\/inmocosta.com\/es\/nuestra-becaria-cristina-collier-ha-completado-las-100-primeras-horas-de-formacion-en-la-empresa-inmocosta-api\/\"},\"wordCount\":221,\"publisher\":{\"@id\":\"https:\/\/inmocosta.com\/es\/#organization\"},\"keywords\":[\"Cristina Collier\",\"departamento de Ense\u00f1anza\",\"Departamento Educaci\u00f3n\",\"formaci\u00f3n dual\",\"Generalitat de Catalunya\",\"Generalitat de Ctalunya\",\"ha completado las 100 primeras horas de formaci\u00f3n en la empresa Inmocosta APi\",\"ha completado las 100 primeras horas de formaci\u00f3n en la empresa Inmocosta Api de l'Estartit El mes de febrero firmamos un convenio de Colaboraci\u00f3n dual con la Generalitat de Catalu\u00f1a\",\"Institut de Torroella de MOntgri\",\"Nuestra becaria\",\"Nuestro becaria\"],\"articleSection\":[\"API\",\"Compra Vivendes\",\"entorno\",\"inmobiliaria\",\"ventas\"],\"inLanguage\":\"es\"},{\"@type\":\"WebPage\",\"@id\":\"https:\/\/inmocosta.com\/es\/nuestra-becaria-cristina-collier-ha-completado-las-100-primeras-horas-de-formacion-en-la-empresa-inmocosta-api\/\",\"url\":\"https:\/\/inmocosta.com\/es\/nuestra-becaria-cristina-collier-ha-completado-las-100-primeras-horas-de-formacion-en-la-empresa-inmocosta-api\/\",\"name\":\"100 primeres hores de formaci\u00f3 a l'empressa Inmocosta APi\",\"isPartOf\":{\"@id\":\"https:\/\/inmocosta.com\/es\/#website\"},\"datePublished\":\"2018-04-28T07:25:55+00:00\",\"dateModified\":\"2018-06-28T15:41:47+00:00\",\"description\":\"El mes de febrer v\u00e0rem signar un conveni de Col\u00b7laboraci\u00f3 duals amb la Generalitat de Catalunya, departament d'Ensenyament, per desenvolupar un r\u00e8gim d'alternan\u00e7a i amb formaci\u00f3 dual de GRAU MITJA D'ACTIVITATS COMERCIALS amb l'Institut de Torroella de Montgr\u00ed.\",\"breadcrumb\":{\"@id\":\"https:\/\/inmocosta.com\/es\/nuestra-becaria-cristina-collier-ha-completado-las-100-primeras-horas-de-formacion-en-la-empresa-inmocosta-api\/#breadcrumb\"},\"inLanguage\":\"es\",\"potentialAction\":[{\"@type\":\"ReadAction\",\"target\":[\"https:\/\/inmocosta.com\/es\/nuestra-becaria-cristina-collier-ha-completado-las-100-primeras-horas-de-formacion-en-la-empresa-inmocosta-api\/\"]}]},{\"@type\":\"BreadcrumbList\",\"@id\":\"https:\/\/inmocosta.com\/es\/nuestra-becaria-cristina-collier-ha-completado-las-100-primeras-horas-de-formacion-en-la-empresa-inmocosta-api\/#breadcrumb\",\"itemListElement\":[{\"@type\":\"ListItem\",\"position\":1,\"name\":\"Home\",\"item\":\"https:\/\/inmocosta.com\/es\/\"},{\"@type\":\"ListItem\",\"position\":2,\"name\":\"Nuestra becaria, Cristina Collier, ha completado las 100 primeras horas de formaci\u00f3n en la empresa Inmocosta APi\"}]},{\"@type\":\"WebSite\",\"@id\":\"https:\/\/inmocosta.com\/es\/#website\",\"url\":\"https:\/\/inmocosta.com\/es\/\",\"name\":\"Inmocosta API l&#039;Estartit -\",\"description\":\"Ag\u00e8ncia immobiliaria dedicada exclusivament a la compra venda d\u00b4immobles . L&#039;assessorem en la compra del seu habitatge. Comprar cases, pisos, apartaments.\",\"publisher\":{\"@id\":\"https:\/\/inmocosta.com\/es\/#organization\"},\"potentialAction\":[{\"@type\":\"SearchAction\",\"target\":{\"@type\":\"EntryPoint\",\"urlTemplate\":\"https:\/\/inmocosta.com\/es\/?s={search_term_string}\"},\"query-input\":\"required name=search_term_string\"}],\"inLanguage\":\"es\"},{\"@type\":\"Organization\",\"@id\":\"https:\/\/inmocosta.com\/es\/#organization\",\"name\":\"Inmocosta API L'Estartit\",\"url\":\"https:\/\/inmocosta.com\/es\/\",\"logo\":{\"@type\":\"ImageObject\",\"inLanguage\":\"es\",\"@id\":\"https:\/\/inmocosta.com\/es\/#\/schema\/logo\/image\/\",\"url\":\"https:\/\/inmocosta.com\/wp-content\/uploads\/2025\/01\/imatge_usuari.png\",\"contentUrl\":\"https:\/\/inmocosta.com\/wp-content\/uploads\/2025\/01\/imatge_usuari.png\",\"width\":500,\"height\":500,\"caption\":\"Inmocosta API L'Estartit\"},\"image\":{\"@id\":\"https:\/\/inmocosta.com\/es\/#\/schema\/logo\/image\/\"},\"sameAs\":[\"https:\/\/www.facebook.com\/inmocostaapi\/\",\"https:\/\/www.instagram.com\/inmocosta_api\/\",\"https:\/\/www.youtube.com\/channel\/UCidmbkY6BpJG9MA_OQUZgYQ\"]},{\"@type\":\"Person\",\"@id\":\"https:\/\/inmocosta.com\/es\/#\/schema\/person\/c1158d0f764ec40f4b366ff7afc7ddd8\",\"name\":\"info@inmocosta.com\",\"image\":{\"@type\":\"ImageObject\",\"inLanguage\":\"es\",\"@id\":\"https:\/\/inmocosta.com\/es\/#\/schema\/person\/image\/\",\"url\":\"https:\/\/secure.gravatar.com\/avatar\/6fcb462a4ecd1323c01cea6303344762c4ebd0c5a2d8936b060b9188b467a7e9?s=96&d=mm&r=g\",\"contentUrl\":\"https:\/\/secure.gravatar.com\/avatar\/6fcb462a4ecd1323c01cea6303344762c4ebd0c5a2d8936b060b9188b467a7e9?s=96&d=mm&r=g\",\"caption\":\"info@inmocosta.com\"}}]}<\/script>\n<!-- \/ Yoast SEO plugin. -->","yoast_head_json":{"title":"100 primeres hores de formaci\u00f3 a l'empressa Inmocosta APi","description":"El mes de febrer v\u00e0rem signar un conveni de Col\u00b7laboraci\u00f3 duals amb la Generalitat de Catalunya, departament d'Ensenyament, per desenvolupar un r\u00e8gim d'alternan\u00e7a i amb formaci\u00f3 dual de GRAU MITJA D'ACTIVITATS COMERCIALS amb l'Institut de Torroella de Montgr\u00ed.","robots":{"index":"index","follow":"follow","max-snippet":"max-snippet:-1","max-image-preview":"max-image-preview:large","max-video-preview":"max-video-preview:-1"},"canonical":"https:\/\/inmocosta.com\/es\/nuestra-becaria-cristina-collier-ha-completado-las-100-primeras-horas-de-formacion-en-la-empresa-inmocosta-api\/","og_locale":"es_ES","og_type":"article","og_title":"100 primeres hores de formaci\u00f3 a l'empressa Inmocosta APi","og_description":"El mes de febrer v\u00e0rem signar un conveni de Col\u00b7laboraci\u00f3 duals amb la Generalitat de Catalunya, departament d'Ensenyament, per desenvolupar un r\u00e8gim d'alternan\u00e7a i amb formaci\u00f3 dual de GRAU MITJA D'ACTIVITATS COMERCIALS amb l'Institut de Torroella de Montgr\u00ed.","og_url":"https:\/\/inmocosta.com\/es\/nuestra-becaria-cristina-collier-ha-completado-las-100-primeras-horas-de-formacion-en-la-empresa-inmocosta-api\/","og_site_name":"Inmocosta API l&#039;Estartit -","article_publisher":"https:\/\/www.facebook.com\/inmocostaapi\/","article_published_time":"2018-04-28T07:25:55+00:00","article_modified_time":"2018-06-28T15:41:47+00:00","og_image":[{"width":4032,"height":3024,"url":"https:\/\/inmocosta.com\/wp-content\/uploads\/2018\/03\/IMG_8570.jpg","type":"image\/jpeg"}],"author":"info@inmocosta.com","twitter_card":"summary_large_image","twitter_misc":{"Escrito por":"info@inmocosta.com","Tiempo de lectura":"1 minuto"},"schema":{"@context":"https:\/\/schema.org","@graph":[{"@type":"Article","@id":"https:\/\/inmocosta.com\/es\/nuestra-becaria-cristina-collier-ha-completado-las-100-primeras-horas-de-formacion-en-la-empresa-inmocosta-api\/#article","isPartOf":{"@id":"https:\/\/inmocosta.com\/es\/nuestra-becaria-cristina-collier-ha-completado-las-100-primeras-horas-de-formacion-en-la-empresa-inmocosta-api\/"},"author":{"name":"info@inmocosta.com","@id":"https:\/\/inmocosta.com\/es\/#\/schema\/person\/c1158d0f764ec40f4b366ff7afc7ddd8"},"headline":"Nuestra becaria, Cristina Collier, ha completado las 100 primeras horas de formaci\u00f3n en la empresa Inmocosta APi","datePublished":"2018-04-28T07:25:55+00:00","dateModified":"2018-06-28T15:41:47+00:00","mainEntityOfPage":{"@id":"https:\/\/inmocosta.com\/es\/nuestra-becaria-cristina-collier-ha-completado-las-100-primeras-horas-de-formacion-en-la-empresa-inmocosta-api\/"},"wordCount":221,"publisher":{"@id":"https:\/\/inmocosta.com\/es\/#organization"},"keywords":["Cristina Collier","departamento de Ense\u00f1anza","Departamento Educaci\u00f3n","formaci\u00f3n dual","Generalitat de Catalunya","Generalitat de Ctalunya","ha completado las 100 primeras horas de formaci\u00f3n en la empresa Inmocosta APi","ha completado las 100 primeras horas de formaci\u00f3n en la empresa Inmocosta Api de l'Estartit El mes de febrero firmamos un convenio de Colaboraci\u00f3n dual con la Generalitat de Catalu\u00f1a","Institut de Torroella de MOntgri","Nuestra becaria","Nuestro becaria"],"articleSection":["API","Compra Vivendes","entorno","inmobiliaria","ventas"],"inLanguage":"es"},{"@type":"WebPage","@id":"https:\/\/inmocosta.com\/es\/nuestra-becaria-cristina-collier-ha-completado-las-100-primeras-horas-de-formacion-en-la-empresa-inmocosta-api\/","url":"https:\/\/inmocosta.com\/es\/nuestra-becaria-cristina-collier-ha-completado-las-100-primeras-horas-de-formacion-en-la-empresa-inmocosta-api\/","name":"100 primeres hores de formaci\u00f3 a l'empressa Inmocosta APi","isPartOf":{"@id":"https:\/\/inmocosta.com\/es\/#website"},"datePublished":"2018-04-28T07:25:55+00:00","dateModified":"2018-06-28T15:41:47+00:00","description":"El mes de febrer v\u00e0rem signar un conveni de Col\u00b7laboraci\u00f3 duals amb la Generalitat de Catalunya, departament d'Ensenyament, per desenvolupar un r\u00e8gim d'alternan\u00e7a i amb formaci\u00f3 dual de GRAU MITJA D'ACTIVITATS COMERCIALS amb l'Institut de Torroella de Montgr\u00ed.","breadcrumb":{"@id":"https:\/\/inmocosta.com\/es\/nuestra-becaria-cristina-collier-ha-completado-las-100-primeras-horas-de-formacion-en-la-empresa-inmocosta-api\/#breadcrumb"},"inLanguage":"es","potentialAction":[{"@type":"ReadAction","target":["https:\/\/inmocosta.com\/es\/nuestra-becaria-cristina-collier-ha-completado-las-100-primeras-horas-de-formacion-en-la-empresa-inmocosta-api\/"]}]},{"@type":"BreadcrumbList","@id":"https:\/\/inmocosta.com\/es\/nuestra-becaria-cristina-collier-ha-completado-las-100-primeras-horas-de-formacion-en-la-empresa-inmocosta-api\/#breadcrumb","itemListElement":[{"@type":"ListItem","position":1,"name":"Home","item":"https:\/\/inmocosta.com\/es\/"},{"@type":"ListItem","position":2,"name":"Nuestra becaria, Cristina Collier, ha completado las 100 primeras horas de formaci\u00f3n en la empresa Inmocosta APi"}]},{"@type":"WebSite","@id":"https:\/\/inmocosta.com\/es\/#website","url":"https:\/\/inmocosta.com\/es\/","name":"Inmocosta API l&#039;Estartit -","description":"Ag\u00e8ncia immobiliaria dedicada exclusivament a la compra venda d\u00b4immobles . L&#039;assessorem en la compra del seu habitatge. Comprar cases, pisos, apartaments.","publisher":{"@id":"https:\/\/inmocosta.com\/es\/#organization"},"potentialAction":[{"@type":"SearchAction","target":{"@type":"EntryPoint","urlTemplate":"https:\/\/inmocosta.com\/es\/?s={search_term_string}"},"query-input":"required name=search_term_string"}],"inLanguage":"es"},{"@type":"Organization","@id":"https:\/\/inmocosta.com\/es\/#organization","name":"Inmocosta API L'Estartit","url":"https:\/\/inmocosta.com\/es\/","logo":{"@type":"ImageObject","inLanguage":"es","@id":"https:\/\/inmocosta.com\/es\/#\/schema\/logo\/image\/","url":"https:\/\/inmocosta.com\/wp-content\/uploads\/2025\/01\/imatge_usuari.png","contentUrl":"https:\/\/inmocosta.com\/wp-content\/uploads\/2025\/01\/imatge_usuari.png","width":500,"height":500,"caption":"Inmocosta API L'Estartit"},"image":{"@id":"https:\/\/inmocosta.com\/es\/#\/schema\/logo\/image\/"},"sameAs":["https:\/\/www.facebook.com\/inmocostaapi\/","https:\/\/www.instagram.com\/inmocosta_api\/","https:\/\/www.youtube.com\/channel\/UCidmbkY6BpJG9MA_OQUZgYQ"]},{"@type":"Person","@id":"https:\/\/inmocosta.com\/es\/#\/schema\/person\/c1158d0f764ec40f4b366ff7afc7ddd8","name":"info@inmocosta.com","image":{"@type":"ImageObject","inLanguage":"es","@id":"https:\/\/inmocosta.com\/es\/#\/schema\/person\/image\/","url":"https:\/\/secure.gravatar.com\/avatar\/6fcb462a4ecd1323c01cea6303344762c4ebd0c5a2d8936b060b9188b467a7e9?s=96&d=mm&r=g","contentUrl":"https:\/\/secure.gravatar.com\/avatar\/6fcb462a4ecd1323c01cea6303344762c4ebd0c5a2d8936b060b9188b467a7e9?s=96&d=mm&r=g","caption":"info@inmocosta.com"}}]}},"_links":{"self":[{"href":"https:\/\/inmocosta.com\/es\/wp-json\/wp\/v2\/posts\/37357","targetHints":{"allow":["GET"]}}],"collection":[{"href":"https:\/\/inmocosta.com\/es\/wp-json\/wp\/v2\/posts"}],"about":[{"href":"https:\/\/inmocosta.com\/es\/wp-json\/wp\/v2\/types\/post"}],"author":[{"embeddable":true,"href":"https:\/\/inmocosta.com\/es\/wp-json\/wp\/v2\/users\/1"}],"replies":[{"embeddable":true,"href":"https:\/\/inmocosta.com\/es\/wp-json\/wp\/v2\/comments?post=37357"}],"version-history":[{"count":4,"href":"https:\/\/inmocosta.com\/es\/wp-json\/wp\/v2\/posts\/37357\/revisions"}],"predecessor-version":[{"id":37364,"href":"https:\/\/inmocosta.com\/es\/wp-json\/wp\/v2\/posts\/37357\/revisions\/37364"}],"wp:featuredmedia":[{"embeddable":true,"href":"https:\/\/inmocosta.com\/es\/wp-json\/wp\/v2\/media\/37143"}],"wp:attachment":[{"href":"https:\/\/inmocosta.com\/es\/wp-json\/wp\/v2\/media?parent=37357"}],"wp:term":[{"taxonomy":"category","embeddable":true,"href":"https:\/\/inmocosta.com\/es\/wp-json\/wp\/v2\/categories?post=37357"},{"taxonomy":"post_tag","embeddable":true,"href":"https:\/\/inmocosta.com\/es\/wp-json\/wp\/v2\/tags?post=37357"}],"curies":[{"name":"wp","href":"https:\/\/api.w.org\/{rel}","templated":true}]}}