{"id":40122,"date":"2018-06-22T15:51:35","date_gmt":"2018-06-22T14:51:35","guid":{"rendered":"http:\/\/inmocosta.com\/?p=40122"},"modified":"2018-06-28T16:28:15","modified_gmt":"2018-06-28T15:28:15","slug":"jazz-festival-estartit-2018","status":"publish","type":"post","link":"https:\/\/inmocosta.com\/es\/jazz-festival-estartit-2018\/","title":{"rendered":"Jazz Festival Estartit 2018"},"content":{"rendered":"<h2>Del 19 al 22 de Julio<\/h2>\n<p><span style=\"font-size: 14pt;\">Durante estos 4 d\u00edas sonar\u00e1 por todo Estartit las notas del mejor jazz catal\u00e1n, estatal y europeo.<\/span><\/p>\n<p><span style=\"font-size: 14pt;\">La plaza del paseo del Molinet se convertir\u00e1 en el escenario al aire libre por este gran festival.<\/span><\/p>\n<p><span style=\"font-size: 14pt;\">Tambi\u00e9n habr\u00e1 zona para food trucks y una gran terraza con vistas al mar y a las maravillosas Islas Medes.<\/span><\/p>\n<p><span style=\"font-size: 14pt;\">Aqu\u00ed os dejamos con la programaci\u00f3n para que pod\u00e1is ver todo lo que ofrece este gran festival.<\/span><\/p>\n<p style=\"text-align: center;\"><a href=\"http:\/\/inmocosta.com\/wp-content\/uploads\/2018\/06\/Captura-de-pantalla-2018-06-22-a-les-16.14.20.png\"><img fetchpriority=\"high\" decoding=\"async\" class=\" wp-image-40109 aligncenter\" src=\"http:\/\/inmocosta.com\/wp-content\/uploads\/2018\/06\/Captura-de-pantalla-2018-06-22-a-les-16.14.20.png\" alt=\"\" width=\"227\" height=\"321\" srcset=\"https:\/\/inmocosta.com\/wp-content\/uploads\/2018\/06\/Captura-de-pantalla-2018-06-22-a-les-16.14.20.png 632w, https:\/\/inmocosta.com\/wp-content\/uploads\/2018\/06\/Captura-de-pantalla-2018-06-22-a-les-16.14.20-212x300.png 212w\" sizes=\"(max-width: 227px) 100vw, 227px\" \/><\/a><\/p>\n<h2 style=\"text-align: center;\">Dejar\u00e1s que te lo cuenten?<\/h2>\n<p>[\/vc_column_text][\/vc_column][\/vc_row][vc_row][vc_column]<span id=\"creative-link-wrap-3364\" class=\"ult_main_cl ult-adjust-bottom-margin  \" >\r\n\t \t\t\t<span class=\"  ult_crlink\" >\r\n\t\t\t\t\t<a  data-ultimate-target='#creative-link-wrap-3364 .ult_colorlink'  data-responsive-json-new='{\"font-size\":\"desktop:16px;\",\"line-height\":\"\"}'  href=\"http:\/\/www.festivaldetorroella.cat\/ca\/programacio\/c\/jazz-festival-lestartit-8.html\" target=\"_blank\" rel=\"noopener\"  class=\"ult_colorlink ult-responsive  ult_createlink\" style=\"font-weight:bold; \"  data-textcolor=\"#1e73be\" data-texthover=\"#333333\"data-style=\"\">\r\n\t\t\t\t\t\t\r\n\t\t\t\t\t\t<span data-hover=\"Compra ya tus entradas aqu\u00ed!\" style=\"color:#1e73be;;;\" class=\"ult_btn10_span   \">Compra ya tus entradas aqu\u00ed!<\/span>\r\n\t\t\t\t\t\t\r\n\t\t\t\t\t<\/a>\r\n\t\t\t\t<\/span>\r\n\t\t\t<\/span>[\/vc_column][\/vc_row]<\/p>\n","protected":false},"excerpt":{"rendered":"<p>Del 19 al 22 de Julio Durante estos 4 d\u00edas sonar\u00e1 por todo Estartit las notas del mejor jazz catal\u00e1n, estatal y europeo. La plaza del paseo del Molinet se convertir\u00e1 en el escenario al aire libre por este gran festival. Tambi\u00e9n habr\u00e1 zona para food trucks y una gran terraza con vistas al mar y a las maravillosas Islas Medes. Aqu\u00ed os dejamos &#8230;<\/p>\n","protected":false},"author":1,"featured_media":40126,"comment_status":"closed","ping_status":"open","sticky":false,"template":"","format":"standard","meta":{"footnotes":""},"categories":[427],"tags":[1204,1203,783,1206,1207,785,1208,771,772,550,846,1209,1205],"class_list":["post-40122","post","type-post","status-publish","format-standard","has-post-thumbnail","hentry","category-compra-vivendes-es","tag-4-dias","tag-del-19-al-22-de-julio","tag-estartit-es","tag-estatal-y-europeo","tag-gran-festival","tag-inmocostaapi-es","tag-islas-medes","tag-jazz-festival","tag-jazz-festival-estartit-2018","tag-lestartit","tag-la-plaza-del-paseo-del-molinet","tag-la-programacion","tag-mejor-jazz-catalan"],"yoast_head":"<!-- This site is optimized with the Yoast SEO plugin v21.8 - https:\/\/yoast.com\/wordpress\/plugins\/seo\/ -->\n<title>Jazz Festival Estartit 2018 \/ Festival Torroella de Montgr\u00ed - InmocostaAPI<\/title>\n<meta name=\"description\" content=\"Jazz Festival Estartit 2018 \/ Festival Torroella de Montgr\u00ed - InmocostaAPI. Del 19 al 22 de Julio. Durante estos 4 d\u00edas sonar\u00e1 por todo Estartit las notas del mejor jazz catal\u00e1n, estatal y europeo. Dejar\u00e1s que te lo cuenten? Compra ya tus entradas!\" \/>\n<meta name=\"robots\" content=\"index, follow, max-snippet:-1, max-image-preview:large, max-video-preview:-1\" \/>\n<link rel=\"canonical\" href=\"https:\/\/inmocosta.com\/es\/jazz-festival-estartit-2018\/\" \/>\n<meta property=\"og:locale\" content=\"es_ES\" \/>\n<meta property=\"og:type\" content=\"article\" \/>\n<meta property=\"og:title\" content=\"Jazz Festival Estartit 2018 \/ Festival Torroella de Montgr\u00ed - InmocostaAPI\" \/>\n<meta property=\"og:description\" content=\"Jazz Festival Estartit 2018 \/ Festival Torroella de Montgr\u00ed - InmocostaAPI. Del 19 al 22 de Julio. Durante estos 4 d\u00edas sonar\u00e1 por todo Estartit las notas del mejor jazz catal\u00e1n, estatal y europeo. Dejar\u00e1s que te lo cuenten? Compra ya tus entradas!\" \/>\n<meta property=\"og:url\" content=\"https:\/\/inmocosta.com\/es\/jazz-festival-estartit-2018\/\" \/>\n<meta property=\"og:site_name\" content=\"Inmocosta API l&#039;Estartit -\" \/>\n<meta property=\"article:publisher\" content=\"https:\/\/www.facebook.com\/inmocostaapi\/\" \/>\n<meta property=\"article:published_time\" content=\"2018-06-22T14:51:35+00:00\" \/>\n<meta property=\"article:modified_time\" content=\"2018-06-28T15:28:15+00:00\" \/>\n<meta property=\"og:image\" content=\"https:\/\/inmocosta.com\/wp-content\/uploads\/2018\/06\/phpThumb_generated_thumbnail.png\" \/>\n\t<meta property=\"og:image:width\" content=\"870\" \/>\n\t<meta property=\"og:image:height\" content=\"579\" \/>\n\t<meta property=\"og:image:type\" content=\"image\/png\" \/>\n<meta name=\"author\" content=\"info@inmocosta.com\" \/>\n<meta name=\"twitter:card\" content=\"summary_large_image\" \/>\n<meta name=\"twitter:label1\" content=\"Escrito por\" \/>\n\t<meta name=\"twitter:data1\" content=\"info@inmocosta.com\" \/>\n\t<meta name=\"twitter:label2\" content=\"Tiempo de lectura\" \/>\n\t<meta name=\"twitter:data2\" content=\"1 minuto\" \/>\n<script type=\"application\/ld+json\" class=\"yoast-schema-graph\">{\"@context\":\"https:\/\/schema.org\",\"@graph\":[{\"@type\":\"Article\",\"@id\":\"https:\/\/inmocosta.com\/es\/jazz-festival-estartit-2018\/#article\",\"isPartOf\":{\"@id\":\"https:\/\/inmocosta.com\/es\/jazz-festival-estartit-2018\/\"},\"author\":{\"name\":\"info@inmocosta.com\",\"@id\":\"https:\/\/inmocosta.com\/es\/#\/schema\/person\/c1158d0f764ec40f4b366ff7afc7ddd8\"},\"headline\":\"Jazz Festival Estartit 2018\",\"datePublished\":\"2018-06-22T14:51:35+00:00\",\"dateModified\":\"2018-06-28T15:28:15+00:00\",\"mainEntityOfPage\":{\"@id\":\"https:\/\/inmocosta.com\/es\/jazz-festival-estartit-2018\/\"},\"wordCount\":141,\"publisher\":{\"@id\":\"https:\/\/inmocosta.com\/es\/#organization\"},\"keywords\":[\"4 d\u00edas\",\"Del 19 al 22 de Julio\",\"estartit\",\"estatal y europeo\",\"gran festival\",\"InmocostaAPI\",\"Islas Medes\",\"Jazz Festival\",\"Jazz Festival Estartit 2018\",\"l'estartit\",\"La Plaza del Paseo del Molinet\",\"la programaci\u00f3n\",\"mejor jazz catal\u00e1n\"],\"articleSection\":[\"Compra Vivendes\"],\"inLanguage\":\"es\"},{\"@type\":\"WebPage\",\"@id\":\"https:\/\/inmocosta.com\/es\/jazz-festival-estartit-2018\/\",\"url\":\"https:\/\/inmocosta.com\/es\/jazz-festival-estartit-2018\/\",\"name\":\"Jazz Festival Estartit 2018 \/ Festival Torroella de Montgr\u00ed - InmocostaAPI\",\"isPartOf\":{\"@id\":\"https:\/\/inmocosta.com\/es\/#website\"},\"datePublished\":\"2018-06-22T14:51:35+00:00\",\"dateModified\":\"2018-06-28T15:28:15+00:00\",\"description\":\"Jazz Festival Estartit 2018 \/ Festival Torroella de Montgr\u00ed - InmocostaAPI. Del 19 al 22 de Julio. Durante estos 4 d\u00edas sonar\u00e1 por todo Estartit las notas del mejor jazz catal\u00e1n, estatal y europeo. Dejar\u00e1s que te lo cuenten? Compra ya tus entradas!\",\"breadcrumb\":{\"@id\":\"https:\/\/inmocosta.com\/es\/jazz-festival-estartit-2018\/#breadcrumb\"},\"inLanguage\":\"es\",\"potentialAction\":[{\"@type\":\"ReadAction\",\"target\":[\"https:\/\/inmocosta.com\/es\/jazz-festival-estartit-2018\/\"]}]},{\"@type\":\"BreadcrumbList\",\"@id\":\"https:\/\/inmocosta.com\/es\/jazz-festival-estartit-2018\/#breadcrumb\",\"itemListElement\":[{\"@type\":\"ListItem\",\"position\":1,\"name\":\"Home\",\"item\":\"https:\/\/inmocosta.com\/es\/\"},{\"@type\":\"ListItem\",\"position\":2,\"name\":\"Jazz Festival Estartit 2018\"}]},{\"@type\":\"WebSite\",\"@id\":\"https:\/\/inmocosta.com\/es\/#website\",\"url\":\"https:\/\/inmocosta.com\/es\/\",\"name\":\"Inmocosta API l&#039;Estartit -\",\"description\":\"Ag\u00e8ncia immobiliaria dedicada exclusivament a la compra venda d\u00b4immobles . L&#039;assessorem en la compra del seu habitatge. Comprar cases, pisos, apartaments.\",\"publisher\":{\"@id\":\"https:\/\/inmocosta.com\/es\/#organization\"},\"potentialAction\":[{\"@type\":\"SearchAction\",\"target\":{\"@type\":\"EntryPoint\",\"urlTemplate\":\"https:\/\/inmocosta.com\/es\/?s={search_term_string}\"},\"query-input\":\"required name=search_term_string\"}],\"inLanguage\":\"es\"},{\"@type\":\"Organization\",\"@id\":\"https:\/\/inmocosta.com\/es\/#organization\",\"name\":\"Inmocosta API L'Estartit\",\"url\":\"https:\/\/inmocosta.com\/es\/\",\"logo\":{\"@type\":\"ImageObject\",\"inLanguage\":\"es\",\"@id\":\"https:\/\/inmocosta.com\/es\/#\/schema\/logo\/image\/\",\"url\":\"https:\/\/inmocosta.com\/wp-content\/uploads\/2025\/01\/imatge_usuari.png\",\"contentUrl\":\"https:\/\/inmocosta.com\/wp-content\/uploads\/2025\/01\/imatge_usuari.png\",\"width\":500,\"height\":500,\"caption\":\"Inmocosta API L'Estartit\"},\"image\":{\"@id\":\"https:\/\/inmocosta.com\/es\/#\/schema\/logo\/image\/\"},\"sameAs\":[\"https:\/\/www.facebook.com\/inmocostaapi\/\",\"https:\/\/www.instagram.com\/inmocosta_api\/\",\"https:\/\/www.youtube.com\/channel\/UCidmbkY6BpJG9MA_OQUZgYQ\"]},{\"@type\":\"Person\",\"@id\":\"https:\/\/inmocosta.com\/es\/#\/schema\/person\/c1158d0f764ec40f4b366ff7afc7ddd8\",\"name\":\"info@inmocosta.com\",\"image\":{\"@type\":\"ImageObject\",\"inLanguage\":\"es\",\"@id\":\"https:\/\/inmocosta.com\/es\/#\/schema\/person\/image\/\",\"url\":\"https:\/\/secure.gravatar.com\/avatar\/6fcb462a4ecd1323c01cea6303344762c4ebd0c5a2d8936b060b9188b467a7e9?s=96&d=mm&r=g\",\"contentUrl\":\"https:\/\/secure.gravatar.com\/avatar\/6fcb462a4ecd1323c01cea6303344762c4ebd0c5a2d8936b060b9188b467a7e9?s=96&d=mm&r=g\",\"caption\":\"info@inmocosta.com\"}}]}<\/script>\n<!-- \/ Yoast SEO plugin. -->","yoast_head_json":{"title":"Jazz Festival Estartit 2018 \/ Festival Torroella de Montgr\u00ed - InmocostaAPI","description":"Jazz Festival Estartit 2018 \/ Festival Torroella de Montgr\u00ed - InmocostaAPI. Del 19 al 22 de Julio. Durante estos 4 d\u00edas sonar\u00e1 por todo Estartit las notas del mejor jazz catal\u00e1n, estatal y europeo. Dejar\u00e1s que te lo cuenten? Compra ya tus entradas!","robots":{"index":"index","follow":"follow","max-snippet":"max-snippet:-1","max-image-preview":"max-image-preview:large","max-video-preview":"max-video-preview:-1"},"canonical":"https:\/\/inmocosta.com\/es\/jazz-festival-estartit-2018\/","og_locale":"es_ES","og_type":"article","og_title":"Jazz Festival Estartit 2018 \/ Festival Torroella de Montgr\u00ed - InmocostaAPI","og_description":"Jazz Festival Estartit 2018 \/ Festival Torroella de Montgr\u00ed - InmocostaAPI. Del 19 al 22 de Julio. Durante estos 4 d\u00edas sonar\u00e1 por todo Estartit las notas del mejor jazz catal\u00e1n, estatal y europeo. Dejar\u00e1s que te lo cuenten? Compra ya tus entradas!","og_url":"https:\/\/inmocosta.com\/es\/jazz-festival-estartit-2018\/","og_site_name":"Inmocosta API l&#039;Estartit -","article_publisher":"https:\/\/www.facebook.com\/inmocostaapi\/","article_published_time":"2018-06-22T14:51:35+00:00","article_modified_time":"2018-06-28T15:28:15+00:00","og_image":[{"width":870,"height":579,"url":"https:\/\/inmocosta.com\/wp-content\/uploads\/2018\/06\/phpThumb_generated_thumbnail.png","type":"image\/png"}],"author":"info@inmocosta.com","twitter_card":"summary_large_image","twitter_misc":{"Escrito por":"info@inmocosta.com","Tiempo de lectura":"1 minuto"},"schema":{"@context":"https:\/\/schema.org","@graph":[{"@type":"Article","@id":"https:\/\/inmocosta.com\/es\/jazz-festival-estartit-2018\/#article","isPartOf":{"@id":"https:\/\/inmocosta.com\/es\/jazz-festival-estartit-2018\/"},"author":{"name":"info@inmocosta.com","@id":"https:\/\/inmocosta.com\/es\/#\/schema\/person\/c1158d0f764ec40f4b366ff7afc7ddd8"},"headline":"Jazz Festival Estartit 2018","datePublished":"2018-06-22T14:51:35+00:00","dateModified":"2018-06-28T15:28:15+00:00","mainEntityOfPage":{"@id":"https:\/\/inmocosta.com\/es\/jazz-festival-estartit-2018\/"},"wordCount":141,"publisher":{"@id":"https:\/\/inmocosta.com\/es\/#organization"},"keywords":["4 d\u00edas","Del 19 al 22 de Julio","estartit","estatal y europeo","gran festival","InmocostaAPI","Islas Medes","Jazz Festival","Jazz Festival Estartit 2018","l'estartit","La Plaza del Paseo del Molinet","la programaci\u00f3n","mejor jazz catal\u00e1n"],"articleSection":["Compra Vivendes"],"inLanguage":"es"},{"@type":"WebPage","@id":"https:\/\/inmocosta.com\/es\/jazz-festival-estartit-2018\/","url":"https:\/\/inmocosta.com\/es\/jazz-festival-estartit-2018\/","name":"Jazz Festival Estartit 2018 \/ Festival Torroella de Montgr\u00ed - InmocostaAPI","isPartOf":{"@id":"https:\/\/inmocosta.com\/es\/#website"},"datePublished":"2018-06-22T14:51:35+00:00","dateModified":"2018-06-28T15:28:15+00:00","description":"Jazz Festival Estartit 2018 \/ Festival Torroella de Montgr\u00ed - InmocostaAPI. Del 19 al 22 de Julio. Durante estos 4 d\u00edas sonar\u00e1 por todo Estartit las notas del mejor jazz catal\u00e1n, estatal y europeo. Dejar\u00e1s que te lo cuenten? Compra ya tus entradas!","breadcrumb":{"@id":"https:\/\/inmocosta.com\/es\/jazz-festival-estartit-2018\/#breadcrumb"},"inLanguage":"es","potentialAction":[{"@type":"ReadAction","target":["https:\/\/inmocosta.com\/es\/jazz-festival-estartit-2018\/"]}]},{"@type":"BreadcrumbList","@id":"https:\/\/inmocosta.com\/es\/jazz-festival-estartit-2018\/#breadcrumb","itemListElement":[{"@type":"ListItem","position":1,"name":"Home","item":"https:\/\/inmocosta.com\/es\/"},{"@type":"ListItem","position":2,"name":"Jazz Festival Estartit 2018"}]},{"@type":"WebSite","@id":"https:\/\/inmocosta.com\/es\/#website","url":"https:\/\/inmocosta.com\/es\/","name":"Inmocosta API l&#039;Estartit -","description":"Ag\u00e8ncia immobiliaria dedicada exclusivament a la compra venda d\u00b4immobles . L&#039;assessorem en la compra del seu habitatge. Comprar cases, pisos, apartaments.","publisher":{"@id":"https:\/\/inmocosta.com\/es\/#organization"},"potentialAction":[{"@type":"SearchAction","target":{"@type":"EntryPoint","urlTemplate":"https:\/\/inmocosta.com\/es\/?s={search_term_string}"},"query-input":"required name=search_term_string"}],"inLanguage":"es"},{"@type":"Organization","@id":"https:\/\/inmocosta.com\/es\/#organization","name":"Inmocosta API L'Estartit","url":"https:\/\/inmocosta.com\/es\/","logo":{"@type":"ImageObject","inLanguage":"es","@id":"https:\/\/inmocosta.com\/es\/#\/schema\/logo\/image\/","url":"https:\/\/inmocosta.com\/wp-content\/uploads\/2025\/01\/imatge_usuari.png","contentUrl":"https:\/\/inmocosta.com\/wp-content\/uploads\/2025\/01\/imatge_usuari.png","width":500,"height":500,"caption":"Inmocosta API L'Estartit"},"image":{"@id":"https:\/\/inmocosta.com\/es\/#\/schema\/logo\/image\/"},"sameAs":["https:\/\/www.facebook.com\/inmocostaapi\/","https:\/\/www.instagram.com\/inmocosta_api\/","https:\/\/www.youtube.com\/channel\/UCidmbkY6BpJG9MA_OQUZgYQ"]},{"@type":"Person","@id":"https:\/\/inmocosta.com\/es\/#\/schema\/person\/c1158d0f764ec40f4b366ff7afc7ddd8","name":"info@inmocosta.com","image":{"@type":"ImageObject","inLanguage":"es","@id":"https:\/\/inmocosta.com\/es\/#\/schema\/person\/image\/","url":"https:\/\/secure.gravatar.com\/avatar\/6fcb462a4ecd1323c01cea6303344762c4ebd0c5a2d8936b060b9188b467a7e9?s=96&d=mm&r=g","contentUrl":"https:\/\/secure.gravatar.com\/avatar\/6fcb462a4ecd1323c01cea6303344762c4ebd0c5a2d8936b060b9188b467a7e9?s=96&d=mm&r=g","caption":"info@inmocosta.com"}}]}},"_links":{"self":[{"href":"https:\/\/inmocosta.com\/es\/wp-json\/wp\/v2\/posts\/40122","targetHints":{"allow":["GET"]}}],"collection":[{"href":"https:\/\/inmocosta.com\/es\/wp-json\/wp\/v2\/posts"}],"about":[{"href":"https:\/\/inmocosta.com\/es\/wp-json\/wp\/v2\/types\/post"}],"author":[{"embeddable":true,"href":"https:\/\/inmocosta.com\/es\/wp-json\/wp\/v2\/users\/1"}],"replies":[{"embeddable":true,"href":"https:\/\/inmocosta.com\/es\/wp-json\/wp\/v2\/comments?post=40122"}],"version-history":[{"count":5,"href":"https:\/\/inmocosta.com\/es\/wp-json\/wp\/v2\/posts\/40122\/revisions"}],"predecessor-version":[{"id":40137,"href":"https:\/\/inmocosta.com\/es\/wp-json\/wp\/v2\/posts\/40122\/revisions\/40137"}],"wp:featuredmedia":[{"embeddable":true,"href":"https:\/\/inmocosta.com\/es\/wp-json\/wp\/v2\/media\/40126"}],"wp:attachment":[{"href":"https:\/\/inmocosta.com\/es\/wp-json\/wp\/v2\/media?parent=40122"}],"wp:term":[{"taxonomy":"category","embeddable":true,"href":"https:\/\/inmocosta.com\/es\/wp-json\/wp\/v2\/categories?post=40122"},{"taxonomy":"post_tag","embeddable":true,"href":"https:\/\/inmocosta.com\/es\/wp-json\/wp\/v2\/tags?post=40122"}],"curies":[{"name":"wp","href":"https:\/\/api.w.org\/{rel}","templated":true}]}}