{"id":40227,"date":"2018-06-25T16:42:08","date_gmt":"2018-06-25T15:42:08","guid":{"rendered":"http:\/\/inmocosta.com\/38a-edicio-del-festival-de-torroella-de-montgri\/"},"modified":"2018-06-28T16:24:26","modified_gmt":"2018-06-28T15:24:26","slug":"38a-edicion-del-festival-de-torroella-de-montgri","status":"publish","type":"post","link":"https:\/\/inmocosta.com\/es\/38a-edicion-del-festival-de-torroella-de-montgri\/","title":{"rendered":"38a Edici\u00f3n del Festival de Torroella de Montgr\u00ed"},"content":{"rendered":"<h2>38a Edici\u00f3n del Festival de Torroella de Montgr\u00ed<\/h2>\n<p>La 38\u00aa edici\u00f3n del Festival de Torroella de Montgr\u00ed se celebrar\u00e1 del 1 a 19 de agosto.<\/p>\n<p>Durante estos 19 d\u00edas habr\u00e1 actuaciones casi cada d\u00eda.<\/p>\n<p>Durante estos d\u00edas contaremos con la actuaci\u00f3n de grandes int\u00e9rpretes de aqu\u00ed y de fuera; y tambi\u00e9n de j\u00f3venes que empiezan a destacar en este mundo de la m\u00fasica<\/p>\n<p>El festival ocupara espacios emblem\u00e1ticos de Torroella.<\/p>\n<p>Se inaugurar\u00e1 el festival con un concierto de la Academia Bizantina el d\u00eda 1 de agosto en el Auditorio del Espacio Ter.<\/p>\n<p>A continuaci\u00f3n os dejaremos un enlace para comprar las entradas y para poder consultar el calendario de programaci\u00f3n de este a\u00f1o, donde podr\u00e1 estar bien informado de las actuaciones que habr\u00e1.<\/p>\n<p>&nbsp;<\/p>\n<p><a href=\"http:\/\/inmocosta.com\/wp-content\/uploads\/2018\/06\/phpThumb_generated_thumbnail-1.png\"><img fetchpriority=\"high\" decoding=\"async\" class=\"size-full wp-image-40233 aligncenter\" src=\"http:\/\/inmocosta.com\/wp-content\/uploads\/2018\/06\/phpThumb_generated_thumbnail-1.png\" alt=\"\" width=\"270\" height=\"382\" srcset=\"https:\/\/inmocosta.com\/wp-content\/uploads\/2018\/06\/phpThumb_generated_thumbnail-1.png 270w, https:\/\/inmocosta.com\/wp-content\/uploads\/2018\/06\/phpThumb_generated_thumbnail-1-212x300.png 212w\" sizes=\"(max-width: 270px) 100vw, 270px\" \/><\/a>[vc_row][vc_column]<span id=\"creative-link-wrap-7668\" class=\"ult_main_cl ult-adjust-bottom-margin  \" >\r\n\t \t\t\t<span class=\"  ult_crlink\" >\r\n\t\t\t\t\t<a  data-ultimate-target='#creative-link-wrap-7668 .ult_colorlink'  data-responsive-json-new='{\"font-size\":\"desktop:16px;\",\"line-height\":\"\"}'  href=\"http:\/\/www.festivaldetorroella.cat\/ca\/programacio\/c\/festival-torroella-de-montgri-2.html\" target=\"_blank\" rel=\"noopener\"  class=\"ult_colorlink ult-responsive  ult_createlink\" style=\"text-decoration:underline;font-weight:bold; \"  data-textcolor=\"#333333\" data-texthover=\"#333333\"data-style=\"\">\r\n\t\t\t\t\t\t\r\n\t\t\t\t\t\t<span data-hover=\"Pulsa aqu\u00ed para m\u00e1s informaci\u00f3n!\" style=\"color:#333333;;;\" class=\"ult_btn10_span   \">Pulsa aqu\u00ed para m\u00e1s informaci\u00f3n!<\/span>\r\n\t\t\t\t\t\t\r\n\t\t\t\t\t<\/a>\r\n\t\t\t\t<\/span>\r\n\t\t\t<\/span>[\/vc_column][\/vc_row]<\/p>\n","protected":false},"excerpt":{"rendered":"<p>38a Edici\u00f3n del Festival de Torroella de Montgr\u00ed La 38\u00aa edici\u00f3n del Festival de Torroella de Montgr\u00ed se celebrar\u00e1 del 1 a 19 de agosto. Durante estos 19 d\u00edas habr\u00e1 actuaciones casi cada d\u00eda. Durante estos d\u00edas contaremos con la actuaci\u00f3n de grandes int\u00e9rpretes de aqu\u00ed y de fuera; y tambi\u00e9n de j\u00f3venes que empiezan a destacar en este mundo de la m\u00fasica El &#8230;<\/p>\n","protected":false},"author":1,"featured_media":40244,"comment_status":"closed","ping_status":"open","sticky":false,"template":"","format":"standard","meta":{"footnotes":""},"categories":[427],"tags":[1188,1187,1189,1190,1193,414,1458,1192,1191],"class_list":["post-40227","post","type-post","status-publish","format-standard","has-post-thumbnail","hentry","category-compra-vivendes-es","tag-19-dias","tag-38a-edicion-del-festival-de-torroella-de-montgri","tag-actuacion-de-grandes-interpretes-de-aqui-y-de-fuera-y-tambien-de-jovenes-que-empiezan-a-destacar-en-este-mundo-de-la-musica","tag-auditorio-del-espacio-ter","tag-espacios-emblematicos-de-torroella","tag-festival","tag-festival-de-torroella-de-montgri","tag-mundo-de-la-musica","tag-poder-consultar-el-calendario-de-programacion-de-este-ano"],"yoast_head":"<!-- This site is optimized with the Yoast SEO plugin v21.8 - https:\/\/yoast.com\/wordpress\/plugins\/seo\/ -->\n<title>38a Edici\u00f3n del Festival de Torroella de Montgr\u00ed - Inmocosta API l&#039;Estartit -<\/title>\n<meta name=\"description\" content=\"38a Edici\u00f3n del Festival de Torroella de Montgr\u00ed La 38\u00aa edici\u00f3n del Festival de Torroella de Montgr\u00ed se celebrar\u00e1 del 1 a 19 de agosto. Durante estos 19 d\u00edas habr\u00e1 actuaciones casi cada d\u00eda.Se inaugurar\u00e1 el festival con un concierto de la Academia Bizantina el d\u00eda 1 de agosto en el Auditorio del Espacio Ter.\" \/>\n<meta name=\"robots\" content=\"index, follow, max-snippet:-1, max-image-preview:large, max-video-preview:-1\" \/>\n<link rel=\"canonical\" href=\"https:\/\/inmocosta.com\/es\/38a-edicion-del-festival-de-torroella-de-montgri\/\" \/>\n<meta property=\"og:locale\" content=\"es_ES\" \/>\n<meta property=\"og:type\" content=\"article\" \/>\n<meta property=\"og:title\" content=\"38a Edici\u00f3n del Festival de Torroella de Montgr\u00ed - Inmocosta API l&#039;Estartit -\" \/>\n<meta property=\"og:description\" content=\"38a Edici\u00f3n del Festival de Torroella de Montgr\u00ed La 38\u00aa edici\u00f3n del Festival de Torroella de Montgr\u00ed se celebrar\u00e1 del 1 a 19 de agosto. Durante estos 19 d\u00edas habr\u00e1 actuaciones casi cada d\u00eda.Se inaugurar\u00e1 el festival con un concierto de la Academia Bizantina el d\u00eda 1 de agosto en el Auditorio del Espacio Ter.\" \/>\n<meta property=\"og:url\" content=\"https:\/\/inmocosta.com\/es\/38a-edicion-del-festival-de-torroella-de-montgri\/\" \/>\n<meta property=\"og:site_name\" content=\"Inmocosta API l&#039;Estartit -\" \/>\n<meta property=\"article:publisher\" content=\"https:\/\/www.facebook.com\/inmocostaapi\/\" \/>\n<meta property=\"article:published_time\" content=\"2018-06-25T15:42:08+00:00\" \/>\n<meta property=\"article:modified_time\" content=\"2018-06-28T15:24:26+00:00\" \/>\n<meta property=\"og:image\" content=\"https:\/\/inmocosta.com\/wp-content\/uploads\/2018\/06\/festival-montgri-2018.png\" \/>\n\t<meta property=\"og:image:width\" content=\"768\" \/>\n\t<meta property=\"og:image:height\" content=\"379\" \/>\n\t<meta property=\"og:image:type\" content=\"image\/png\" \/>\n<meta name=\"author\" content=\"info@inmocosta.com\" \/>\n<meta name=\"twitter:card\" content=\"summary_large_image\" \/>\n<meta name=\"twitter:label1\" content=\"Escrito por\" \/>\n\t<meta name=\"twitter:data1\" content=\"info@inmocosta.com\" \/>\n\t<meta name=\"twitter:label2\" content=\"Tiempo de lectura\" \/>\n\t<meta name=\"twitter:data2\" content=\"1 minuto\" \/>\n<script type=\"application\/ld+json\" class=\"yoast-schema-graph\">{\"@context\":\"https:\/\/schema.org\",\"@graph\":[{\"@type\":\"Article\",\"@id\":\"https:\/\/inmocosta.com\/es\/38a-edicion-del-festival-de-torroella-de-montgri\/#article\",\"isPartOf\":{\"@id\":\"https:\/\/inmocosta.com\/es\/38a-edicion-del-festival-de-torroella-de-montgri\/\"},\"author\":{\"name\":\"info@inmocosta.com\",\"@id\":\"https:\/\/inmocosta.com\/es\/#\/schema\/person\/c1158d0f764ec40f4b366ff7afc7ddd8\"},\"headline\":\"38a Edici\u00f3n del Festival de Torroella de Montgr\u00ed\",\"datePublished\":\"2018-06-25T15:42:08+00:00\",\"dateModified\":\"2018-06-28T15:24:26+00:00\",\"mainEntityOfPage\":{\"@id\":\"https:\/\/inmocosta.com\/es\/38a-edicion-del-festival-de-torroella-de-montgri\/\"},\"wordCount\":188,\"publisher\":{\"@id\":\"https:\/\/inmocosta.com\/es\/#organization\"},\"keywords\":[\"19 d\u00edas\",\"38a Edici\u00f3n del Festival de Torroella de Montgr\u00ed\",\"actuaci\u00f3n de grandes int\u00e9rpretes de aqu\u00ed y de fuera; y tambi\u00e9n de j\u00f3venes que empiezan a destacar en este mundo de la m\u00fasica\",\"Auditorio del Espacio Ter\",\"espacios emblem\u00e1ticos de Torroella\",\"Festival\",\"Festival de Torroella de Montgri\",\"mundo de la m\u00fasica\",\"poder consultar el calendario de programaci\u00f3n de este a\u00f1o\"],\"articleSection\":[\"Compra Vivendes\"],\"inLanguage\":\"es\"},{\"@type\":\"WebPage\",\"@id\":\"https:\/\/inmocosta.com\/es\/38a-edicion-del-festival-de-torroella-de-montgri\/\",\"url\":\"https:\/\/inmocosta.com\/es\/38a-edicion-del-festival-de-torroella-de-montgri\/\",\"name\":\"38a Edici\u00f3n del Festival de Torroella de Montgr\u00ed - Inmocosta API l&#039;Estartit -\",\"isPartOf\":{\"@id\":\"https:\/\/inmocosta.com\/es\/#website\"},\"datePublished\":\"2018-06-25T15:42:08+00:00\",\"dateModified\":\"2018-06-28T15:24:26+00:00\",\"description\":\"38a Edici\u00f3n del Festival de Torroella de Montgr\u00ed La 38\u00aa edici\u00f3n del Festival de Torroella de Montgr\u00ed se celebrar\u00e1 del 1 a 19 de agosto. Durante estos 19 d\u00edas habr\u00e1 actuaciones casi cada d\u00eda.Se inaugurar\u00e1 el festival con un concierto de la Academia Bizantina el d\u00eda 1 de agosto en el Auditorio del Espacio Ter.\",\"breadcrumb\":{\"@id\":\"https:\/\/inmocosta.com\/es\/38a-edicion-del-festival-de-torroella-de-montgri\/#breadcrumb\"},\"inLanguage\":\"es\",\"potentialAction\":[{\"@type\":\"ReadAction\",\"target\":[\"https:\/\/inmocosta.com\/es\/38a-edicion-del-festival-de-torroella-de-montgri\/\"]}]},{\"@type\":\"BreadcrumbList\",\"@id\":\"https:\/\/inmocosta.com\/es\/38a-edicion-del-festival-de-torroella-de-montgri\/#breadcrumb\",\"itemListElement\":[{\"@type\":\"ListItem\",\"position\":1,\"name\":\"Home\",\"item\":\"https:\/\/inmocosta.com\/es\/\"},{\"@type\":\"ListItem\",\"position\":2,\"name\":\"38a Edici\u00f3n del Festival de Torroella de Montgr\u00ed\"}]},{\"@type\":\"WebSite\",\"@id\":\"https:\/\/inmocosta.com\/es\/#website\",\"url\":\"https:\/\/inmocosta.com\/es\/\",\"name\":\"Inmocosta API l&#039;Estartit -\",\"description\":\"Ag\u00e8ncia immobiliaria dedicada exclusivament a la compra venda d\u00b4immobles . L&#039;assessorem en la compra del seu habitatge. Comprar cases, pisos, apartaments.\",\"publisher\":{\"@id\":\"https:\/\/inmocosta.com\/es\/#organization\"},\"potentialAction\":[{\"@type\":\"SearchAction\",\"target\":{\"@type\":\"EntryPoint\",\"urlTemplate\":\"https:\/\/inmocosta.com\/es\/?s={search_term_string}\"},\"query-input\":\"required name=search_term_string\"}],\"inLanguage\":\"es\"},{\"@type\":\"Organization\",\"@id\":\"https:\/\/inmocosta.com\/es\/#organization\",\"name\":\"Inmocosta API L'Estartit\",\"url\":\"https:\/\/inmocosta.com\/es\/\",\"logo\":{\"@type\":\"ImageObject\",\"inLanguage\":\"es\",\"@id\":\"https:\/\/inmocosta.com\/es\/#\/schema\/logo\/image\/\",\"url\":\"https:\/\/inmocosta.com\/wp-content\/uploads\/2025\/01\/imatge_usuari.png\",\"contentUrl\":\"https:\/\/inmocosta.com\/wp-content\/uploads\/2025\/01\/imatge_usuari.png\",\"width\":500,\"height\":500,\"caption\":\"Inmocosta API L'Estartit\"},\"image\":{\"@id\":\"https:\/\/inmocosta.com\/es\/#\/schema\/logo\/image\/\"},\"sameAs\":[\"https:\/\/www.facebook.com\/inmocostaapi\/\",\"https:\/\/www.instagram.com\/inmocosta_api\/\",\"https:\/\/www.youtube.com\/channel\/UCidmbkY6BpJG9MA_OQUZgYQ\"]},{\"@type\":\"Person\",\"@id\":\"https:\/\/inmocosta.com\/es\/#\/schema\/person\/c1158d0f764ec40f4b366ff7afc7ddd8\",\"name\":\"info@inmocosta.com\",\"image\":{\"@type\":\"ImageObject\",\"inLanguage\":\"es\",\"@id\":\"https:\/\/inmocosta.com\/es\/#\/schema\/person\/image\/\",\"url\":\"https:\/\/secure.gravatar.com\/avatar\/6fcb462a4ecd1323c01cea6303344762c4ebd0c5a2d8936b060b9188b467a7e9?s=96&d=mm&r=g\",\"contentUrl\":\"https:\/\/secure.gravatar.com\/avatar\/6fcb462a4ecd1323c01cea6303344762c4ebd0c5a2d8936b060b9188b467a7e9?s=96&d=mm&r=g\",\"caption\":\"info@inmocosta.com\"}}]}<\/script>\n<!-- \/ Yoast SEO plugin. -->","yoast_head_json":{"title":"38a Edici\u00f3n del Festival de Torroella de Montgr\u00ed - Inmocosta API l&#039;Estartit -","description":"38a Edici\u00f3n del Festival de Torroella de Montgr\u00ed La 38\u00aa edici\u00f3n del Festival de Torroella de Montgr\u00ed se celebrar\u00e1 del 1 a 19 de agosto. Durante estos 19 d\u00edas habr\u00e1 actuaciones casi cada d\u00eda.Se inaugurar\u00e1 el festival con un concierto de la Academia Bizantina el d\u00eda 1 de agosto en el Auditorio del Espacio Ter.","robots":{"index":"index","follow":"follow","max-snippet":"max-snippet:-1","max-image-preview":"max-image-preview:large","max-video-preview":"max-video-preview:-1"},"canonical":"https:\/\/inmocosta.com\/es\/38a-edicion-del-festival-de-torroella-de-montgri\/","og_locale":"es_ES","og_type":"article","og_title":"38a Edici\u00f3n del Festival de Torroella de Montgr\u00ed - Inmocosta API l&#039;Estartit -","og_description":"38a Edici\u00f3n del Festival de Torroella de Montgr\u00ed La 38\u00aa edici\u00f3n del Festival de Torroella de Montgr\u00ed se celebrar\u00e1 del 1 a 19 de agosto. Durante estos 19 d\u00edas habr\u00e1 actuaciones casi cada d\u00eda.Se inaugurar\u00e1 el festival con un concierto de la Academia Bizantina el d\u00eda 1 de agosto en el Auditorio del Espacio Ter.","og_url":"https:\/\/inmocosta.com\/es\/38a-edicion-del-festival-de-torroella-de-montgri\/","og_site_name":"Inmocosta API l&#039;Estartit -","article_publisher":"https:\/\/www.facebook.com\/inmocostaapi\/","article_published_time":"2018-06-25T15:42:08+00:00","article_modified_time":"2018-06-28T15:24:26+00:00","og_image":[{"width":768,"height":379,"url":"https:\/\/inmocosta.com\/wp-content\/uploads\/2018\/06\/festival-montgri-2018.png","type":"image\/png"}],"author":"info@inmocosta.com","twitter_card":"summary_large_image","twitter_misc":{"Escrito por":"info@inmocosta.com","Tiempo de lectura":"1 minuto"},"schema":{"@context":"https:\/\/schema.org","@graph":[{"@type":"Article","@id":"https:\/\/inmocosta.com\/es\/38a-edicion-del-festival-de-torroella-de-montgri\/#article","isPartOf":{"@id":"https:\/\/inmocosta.com\/es\/38a-edicion-del-festival-de-torroella-de-montgri\/"},"author":{"name":"info@inmocosta.com","@id":"https:\/\/inmocosta.com\/es\/#\/schema\/person\/c1158d0f764ec40f4b366ff7afc7ddd8"},"headline":"38a Edici\u00f3n del Festival de Torroella de Montgr\u00ed","datePublished":"2018-06-25T15:42:08+00:00","dateModified":"2018-06-28T15:24:26+00:00","mainEntityOfPage":{"@id":"https:\/\/inmocosta.com\/es\/38a-edicion-del-festival-de-torroella-de-montgri\/"},"wordCount":188,"publisher":{"@id":"https:\/\/inmocosta.com\/es\/#organization"},"keywords":["19 d\u00edas","38a Edici\u00f3n del Festival de Torroella de Montgr\u00ed","actuaci\u00f3n de grandes int\u00e9rpretes de aqu\u00ed y de fuera; y tambi\u00e9n de j\u00f3venes que empiezan a destacar en este mundo de la m\u00fasica","Auditorio del Espacio Ter","espacios emblem\u00e1ticos de Torroella","Festival","Festival de Torroella de Montgri","mundo de la m\u00fasica","poder consultar el calendario de programaci\u00f3n de este a\u00f1o"],"articleSection":["Compra Vivendes"],"inLanguage":"es"},{"@type":"WebPage","@id":"https:\/\/inmocosta.com\/es\/38a-edicion-del-festival-de-torroella-de-montgri\/","url":"https:\/\/inmocosta.com\/es\/38a-edicion-del-festival-de-torroella-de-montgri\/","name":"38a Edici\u00f3n del Festival de Torroella de Montgr\u00ed - Inmocosta API l&#039;Estartit -","isPartOf":{"@id":"https:\/\/inmocosta.com\/es\/#website"},"datePublished":"2018-06-25T15:42:08+00:00","dateModified":"2018-06-28T15:24:26+00:00","description":"38a Edici\u00f3n del Festival de Torroella de Montgr\u00ed La 38\u00aa edici\u00f3n del Festival de Torroella de Montgr\u00ed se celebrar\u00e1 del 1 a 19 de agosto. Durante estos 19 d\u00edas habr\u00e1 actuaciones casi cada d\u00eda.Se inaugurar\u00e1 el festival con un concierto de la Academia Bizantina el d\u00eda 1 de agosto en el Auditorio del Espacio Ter.","breadcrumb":{"@id":"https:\/\/inmocosta.com\/es\/38a-edicion-del-festival-de-torroella-de-montgri\/#breadcrumb"},"inLanguage":"es","potentialAction":[{"@type":"ReadAction","target":["https:\/\/inmocosta.com\/es\/38a-edicion-del-festival-de-torroella-de-montgri\/"]}]},{"@type":"BreadcrumbList","@id":"https:\/\/inmocosta.com\/es\/38a-edicion-del-festival-de-torroella-de-montgri\/#breadcrumb","itemListElement":[{"@type":"ListItem","position":1,"name":"Home","item":"https:\/\/inmocosta.com\/es\/"},{"@type":"ListItem","position":2,"name":"38a Edici\u00f3n del Festival de Torroella de Montgr\u00ed"}]},{"@type":"WebSite","@id":"https:\/\/inmocosta.com\/es\/#website","url":"https:\/\/inmocosta.com\/es\/","name":"Inmocosta API l&#039;Estartit -","description":"Ag\u00e8ncia immobiliaria dedicada exclusivament a la compra venda d\u00b4immobles . L&#039;assessorem en la compra del seu habitatge. Comprar cases, pisos, apartaments.","publisher":{"@id":"https:\/\/inmocosta.com\/es\/#organization"},"potentialAction":[{"@type":"SearchAction","target":{"@type":"EntryPoint","urlTemplate":"https:\/\/inmocosta.com\/es\/?s={search_term_string}"},"query-input":"required name=search_term_string"}],"inLanguage":"es"},{"@type":"Organization","@id":"https:\/\/inmocosta.com\/es\/#organization","name":"Inmocosta API L'Estartit","url":"https:\/\/inmocosta.com\/es\/","logo":{"@type":"ImageObject","inLanguage":"es","@id":"https:\/\/inmocosta.com\/es\/#\/schema\/logo\/image\/","url":"https:\/\/inmocosta.com\/wp-content\/uploads\/2025\/01\/imatge_usuari.png","contentUrl":"https:\/\/inmocosta.com\/wp-content\/uploads\/2025\/01\/imatge_usuari.png","width":500,"height":500,"caption":"Inmocosta API L'Estartit"},"image":{"@id":"https:\/\/inmocosta.com\/es\/#\/schema\/logo\/image\/"},"sameAs":["https:\/\/www.facebook.com\/inmocostaapi\/","https:\/\/www.instagram.com\/inmocosta_api\/","https:\/\/www.youtube.com\/channel\/UCidmbkY6BpJG9MA_OQUZgYQ"]},{"@type":"Person","@id":"https:\/\/inmocosta.com\/es\/#\/schema\/person\/c1158d0f764ec40f4b366ff7afc7ddd8","name":"info@inmocosta.com","image":{"@type":"ImageObject","inLanguage":"es","@id":"https:\/\/inmocosta.com\/es\/#\/schema\/person\/image\/","url":"https:\/\/secure.gravatar.com\/avatar\/6fcb462a4ecd1323c01cea6303344762c4ebd0c5a2d8936b060b9188b467a7e9?s=96&d=mm&r=g","contentUrl":"https:\/\/secure.gravatar.com\/avatar\/6fcb462a4ecd1323c01cea6303344762c4ebd0c5a2d8936b060b9188b467a7e9?s=96&d=mm&r=g","caption":"info@inmocosta.com"}}]}},"_links":{"self":[{"href":"https:\/\/inmocosta.com\/es\/wp-json\/wp\/v2\/posts\/40227","targetHints":{"allow":["GET"]}}],"collection":[{"href":"https:\/\/inmocosta.com\/es\/wp-json\/wp\/v2\/posts"}],"about":[{"href":"https:\/\/inmocosta.com\/es\/wp-json\/wp\/v2\/types\/post"}],"author":[{"embeddable":true,"href":"https:\/\/inmocosta.com\/es\/wp-json\/wp\/v2\/users\/1"}],"replies":[{"embeddable":true,"href":"https:\/\/inmocosta.com\/es\/wp-json\/wp\/v2\/comments?post=40227"}],"version-history":[{"count":5,"href":"https:\/\/inmocosta.com\/es\/wp-json\/wp\/v2\/posts\/40227\/revisions"}],"predecessor-version":[{"id":40456,"href":"https:\/\/inmocosta.com\/es\/wp-json\/wp\/v2\/posts\/40227\/revisions\/40456"}],"wp:featuredmedia":[{"embeddable":true,"href":"https:\/\/inmocosta.com\/es\/wp-json\/wp\/v2\/media\/40244"}],"wp:attachment":[{"href":"https:\/\/inmocosta.com\/es\/wp-json\/wp\/v2\/media?parent=40227"}],"wp:term":[{"taxonomy":"category","embeddable":true,"href":"https:\/\/inmocosta.com\/es\/wp-json\/wp\/v2\/categories?post=40227"},{"taxonomy":"post_tag","embeddable":true,"href":"https:\/\/inmocosta.com\/es\/wp-json\/wp\/v2\/tags?post=40227"}],"curies":[{"name":"wp","href":"https:\/\/api.w.org\/{rel}","templated":true}]}}