{"id":40271,"date":"2018-06-27T14:59:12","date_gmt":"2018-06-27T13:59:12","guid":{"rendered":"http:\/\/inmocosta.com\/pirates-i-corsaris-a-les-illes-medes-2018\/"},"modified":"2018-06-28T16:20:49","modified_gmt":"2018-06-28T15:20:49","slug":"piratas-y-corsarios-en-las-islas-medes-2018","status":"publish","type":"post","link":"https:\/\/inmocosta.com\/es\/piratas-y-corsarios-en-las-islas-medes-2018\/","title":{"rendered":"Piratas y Corsarios en las Islas Medes 2018"},"content":{"rendered":"<h2>21, 22 y 23 de Septiembre<\/h2>\n<p><span style=\"font-size: 14pt;\">Las Medes han sido el refugio de piratas y corsarios desde hace muchos a\u00f1os, desde all\u00e1 dirig\u00edan los ataques a las costas.<\/span><\/p>\n<p><span style=\"font-size: 14pt;\">Para recordar aquellos tiempos, l&#8217;Estartit se llena de fiesta. Las calles est\u00e1n llenas de paradas con productos artesanos y tradicionales, de decoraciones y de alegr\u00eda.<\/span><\/p>\n<p><span style=\"font-size: 14pt;\">La feria se celebra el tercer fin de semana de septiembre, donde podremos disfrutar de espect\u00e1culos, animaciones, actuaciones, talleres, mercado artesano, exposiciones, habaneras, danzas, el desembarco de los corsarios, la izada de la bandera pirata&#8230; \u00a1Y mucho m\u00e1s!<\/span><\/p>\n<p><span style=\"font-size: 14pt;\">\u00a1Venid a disfrutar de este fin de semana junto a los piratas y los corsarios de l&#8217;Estartit!<\/span><\/p>\n<p>[vc_row][vc_column][vc_gallery type=\u00bbimage_grid\u00bb images=\u00bb40373,40377,40381,40441,40445,40449&#8243;][\/vc_column][\/vc_row]<\/p>\n","protected":false},"excerpt":{"rendered":"<p>21, 22 y 23 de Septiembre Las Medes han sido el refugio de piratas y corsarios desde hace muchos a\u00f1os, desde all\u00e1 dirig\u00edan los ataques a las costas. Para recordar aquellos tiempos, l&#8217;Estartit se llena de fiesta. Las calles est\u00e1n llenas de paradas con productos artesanos y tradicionales, de decoraciones y de alegr\u00eda. La feria se celebra el tercer fin de semana de septiembre, &#8230;<\/p>\n","protected":false},"author":1,"featured_media":40418,"comment_status":"closed","ping_status":"open","sticky":false,"template":"","format":"standard","meta":{"footnotes":""},"categories":[427,301,307,314],"tags":[1183,1182,1178,1181,784,1179,1185,1177,1186,1184,1180],"class_list":["post-40271","post","type-post","status-publish","format-standard","has-post-thumbnail","hentry","category-compra-vivendes-es","category-docoracion","category-entorno","category-inmobiliaria","tag-actuaciones","tag-animaciones","tag-corsarios","tag-espectaculos","tag-events-es","tag-islas-medas","tag-mercado-artesano","tag-piratas","tag-piratas-y-corsarios","tag-talleres","tag-tercer-fin-de-semana-de-septiembre"],"yoast_head":"<!-- This site is optimized with the Yoast SEO plugin v21.8 - https:\/\/yoast.com\/wordpress\/plugins\/seo\/ -->\n<title>Piratas y Corsarios en las Islas Medes 2018 - Inmocosta API l&#039;Estartit -<\/title>\n<meta name=\"description\" content=\"Piratas y Corsarios en las Islas Medes 2018 21, 22 i 23 de Septiembre. Venid a disfrutar de un fantastico fin de semana lleno de actividades como excursiones a las Islas Medes, talleres, espectaculos...\" \/>\n<meta name=\"robots\" content=\"index, follow, max-snippet:-1, max-image-preview:large, max-video-preview:-1\" \/>\n<link rel=\"canonical\" href=\"https:\/\/inmocosta.com\/es\/piratas-y-corsarios-en-las-islas-medes-2018\/\" \/>\n<meta property=\"og:locale\" content=\"es_ES\" \/>\n<meta property=\"og:type\" content=\"article\" \/>\n<meta property=\"og:title\" content=\"Piratas y Corsarios en las Islas Medes 2018 - Inmocosta API l&#039;Estartit -\" \/>\n<meta property=\"og:description\" content=\"Piratas y Corsarios en las Islas Medes 2018 21, 22 i 23 de Septiembre. Venid a disfrutar de un fantastico fin de semana lleno de actividades como excursiones a las Islas Medes, talleres, espectaculos...\" \/>\n<meta property=\"og:url\" content=\"https:\/\/inmocosta.com\/es\/piratas-y-corsarios-en-las-islas-medes-2018\/\" \/>\n<meta property=\"og:site_name\" content=\"Inmocosta API l&#039;Estartit -\" \/>\n<meta property=\"article:publisher\" content=\"https:\/\/www.facebook.com\/inmocostaapi\/\" \/>\n<meta property=\"article:published_time\" content=\"2018-06-27T13:59:12+00:00\" \/>\n<meta property=\"article:modified_time\" content=\"2018-06-28T15:20:49+00:00\" \/>\n<meta property=\"og:image\" content=\"https:\/\/inmocosta.com\/wp-content\/uploads\/2018\/06\/pirates.jpeg\" \/>\n\t<meta property=\"og:image:width\" content=\"869\" \/>\n\t<meta property=\"og:image:height\" content=\"580\" \/>\n\t<meta property=\"og:image:type\" content=\"image\/jpeg\" \/>\n<meta name=\"author\" content=\"info@inmocosta.com\" \/>\n<meta name=\"twitter:card\" content=\"summary_large_image\" \/>\n<meta name=\"twitter:label1\" content=\"Escrito por\" \/>\n\t<meta name=\"twitter:data1\" content=\"info@inmocosta.com\" \/>\n\t<meta name=\"twitter:label2\" content=\"Tiempo de lectura\" \/>\n\t<meta name=\"twitter:data2\" content=\"1 minuto\" \/>\n<script type=\"application\/ld+json\" class=\"yoast-schema-graph\">{\"@context\":\"https:\/\/schema.org\",\"@graph\":[{\"@type\":\"Article\",\"@id\":\"https:\/\/inmocosta.com\/es\/piratas-y-corsarios-en-las-islas-medes-2018\/#article\",\"isPartOf\":{\"@id\":\"https:\/\/inmocosta.com\/es\/piratas-y-corsarios-en-las-islas-medes-2018\/\"},\"author\":{\"name\":\"info@inmocosta.com\",\"@id\":\"https:\/\/inmocosta.com\/es\/#\/schema\/person\/c1158d0f764ec40f4b366ff7afc7ddd8\"},\"headline\":\"Piratas y Corsarios en las Islas Medes 2018\",\"datePublished\":\"2018-06-27T13:59:12+00:00\",\"dateModified\":\"2018-06-28T15:20:49+00:00\",\"mainEntityOfPage\":{\"@id\":\"https:\/\/inmocosta.com\/es\/piratas-y-corsarios-en-las-islas-medes-2018\/\"},\"wordCount\":134,\"publisher\":{\"@id\":\"https:\/\/inmocosta.com\/es\/#organization\"},\"keywords\":[\"actuaciones\",\"animaciones\",\"corsarios\",\"espect\u00e1culos\",\"Events\",\"islas medas\",\"mercado artesano\",\"piratas\",\"piratas y corsarios\",\"talleres\",\"tercer fin de semana de septiembre\"],\"articleSection\":[\"Compra Vivendes\",\"decoraci\u00f3n\",\"entorno\",\"inmobiliaria\"],\"inLanguage\":\"es\"},{\"@type\":\"WebPage\",\"@id\":\"https:\/\/inmocosta.com\/es\/piratas-y-corsarios-en-las-islas-medes-2018\/\",\"url\":\"https:\/\/inmocosta.com\/es\/piratas-y-corsarios-en-las-islas-medes-2018\/\",\"name\":\"Piratas y Corsarios en las Islas Medes 2018 - Inmocosta API l&#039;Estartit -\",\"isPartOf\":{\"@id\":\"https:\/\/inmocosta.com\/es\/#website\"},\"datePublished\":\"2018-06-27T13:59:12+00:00\",\"dateModified\":\"2018-06-28T15:20:49+00:00\",\"description\":\"Piratas y Corsarios en las Islas Medes 2018 21, 22 i 23 de Septiembre. Venid a disfrutar de un fantastico fin de semana lleno de actividades como excursiones a las Islas Medes, talleres, espectaculos...\",\"breadcrumb\":{\"@id\":\"https:\/\/inmocosta.com\/es\/piratas-y-corsarios-en-las-islas-medes-2018\/#breadcrumb\"},\"inLanguage\":\"es\",\"potentialAction\":[{\"@type\":\"ReadAction\",\"target\":[\"https:\/\/inmocosta.com\/es\/piratas-y-corsarios-en-las-islas-medes-2018\/\"]}]},{\"@type\":\"BreadcrumbList\",\"@id\":\"https:\/\/inmocosta.com\/es\/piratas-y-corsarios-en-las-islas-medes-2018\/#breadcrumb\",\"itemListElement\":[{\"@type\":\"ListItem\",\"position\":1,\"name\":\"Home\",\"item\":\"https:\/\/inmocosta.com\/es\/\"},{\"@type\":\"ListItem\",\"position\":2,\"name\":\"Piratas y Corsarios en las Islas Medes 2018\"}]},{\"@type\":\"WebSite\",\"@id\":\"https:\/\/inmocosta.com\/es\/#website\",\"url\":\"https:\/\/inmocosta.com\/es\/\",\"name\":\"Inmocosta API l&#039;Estartit -\",\"description\":\"Ag\u00e8ncia immobiliaria dedicada exclusivament a la compra venda d\u00b4immobles . L&#039;assessorem en la compra del seu habitatge. Comprar cases, pisos, apartaments.\",\"publisher\":{\"@id\":\"https:\/\/inmocosta.com\/es\/#organization\"},\"potentialAction\":[{\"@type\":\"SearchAction\",\"target\":{\"@type\":\"EntryPoint\",\"urlTemplate\":\"https:\/\/inmocosta.com\/es\/?s={search_term_string}\"},\"query-input\":\"required name=search_term_string\"}],\"inLanguage\":\"es\"},{\"@type\":\"Organization\",\"@id\":\"https:\/\/inmocosta.com\/es\/#organization\",\"name\":\"Inmocosta API L'Estartit\",\"url\":\"https:\/\/inmocosta.com\/es\/\",\"logo\":{\"@type\":\"ImageObject\",\"inLanguage\":\"es\",\"@id\":\"https:\/\/inmocosta.com\/es\/#\/schema\/logo\/image\/\",\"url\":\"https:\/\/inmocosta.com\/wp-content\/uploads\/2025\/01\/imatge_usuari.png\",\"contentUrl\":\"https:\/\/inmocosta.com\/wp-content\/uploads\/2025\/01\/imatge_usuari.png\",\"width\":500,\"height\":500,\"caption\":\"Inmocosta API L'Estartit\"},\"image\":{\"@id\":\"https:\/\/inmocosta.com\/es\/#\/schema\/logo\/image\/\"},\"sameAs\":[\"https:\/\/www.facebook.com\/inmocostaapi\/\",\"https:\/\/www.instagram.com\/inmocosta_api\/\",\"https:\/\/www.youtube.com\/channel\/UCidmbkY6BpJG9MA_OQUZgYQ\"]},{\"@type\":\"Person\",\"@id\":\"https:\/\/inmocosta.com\/es\/#\/schema\/person\/c1158d0f764ec40f4b366ff7afc7ddd8\",\"name\":\"info@inmocosta.com\",\"image\":{\"@type\":\"ImageObject\",\"inLanguage\":\"es\",\"@id\":\"https:\/\/inmocosta.com\/es\/#\/schema\/person\/image\/\",\"url\":\"https:\/\/secure.gravatar.com\/avatar\/6fcb462a4ecd1323c01cea6303344762c4ebd0c5a2d8936b060b9188b467a7e9?s=96&d=mm&r=g\",\"contentUrl\":\"https:\/\/secure.gravatar.com\/avatar\/6fcb462a4ecd1323c01cea6303344762c4ebd0c5a2d8936b060b9188b467a7e9?s=96&d=mm&r=g\",\"caption\":\"info@inmocosta.com\"}}]}<\/script>\n<!-- \/ Yoast SEO plugin. -->","yoast_head_json":{"title":"Piratas y Corsarios en las Islas Medes 2018 - Inmocosta API l&#039;Estartit -","description":"Piratas y Corsarios en las Islas Medes 2018 21, 22 i 23 de Septiembre. Venid a disfrutar de un fantastico fin de semana lleno de actividades como excursiones a las Islas Medes, talleres, espectaculos...","robots":{"index":"index","follow":"follow","max-snippet":"max-snippet:-1","max-image-preview":"max-image-preview:large","max-video-preview":"max-video-preview:-1"},"canonical":"https:\/\/inmocosta.com\/es\/piratas-y-corsarios-en-las-islas-medes-2018\/","og_locale":"es_ES","og_type":"article","og_title":"Piratas y Corsarios en las Islas Medes 2018 - Inmocosta API l&#039;Estartit -","og_description":"Piratas y Corsarios en las Islas Medes 2018 21, 22 i 23 de Septiembre. Venid a disfrutar de un fantastico fin de semana lleno de actividades como excursiones a las Islas Medes, talleres, espectaculos...","og_url":"https:\/\/inmocosta.com\/es\/piratas-y-corsarios-en-las-islas-medes-2018\/","og_site_name":"Inmocosta API l&#039;Estartit -","article_publisher":"https:\/\/www.facebook.com\/inmocostaapi\/","article_published_time":"2018-06-27T13:59:12+00:00","article_modified_time":"2018-06-28T15:20:49+00:00","og_image":[{"width":869,"height":580,"url":"https:\/\/inmocosta.com\/wp-content\/uploads\/2018\/06\/pirates.jpeg","type":"image\/jpeg"}],"author":"info@inmocosta.com","twitter_card":"summary_large_image","twitter_misc":{"Escrito por":"info@inmocosta.com","Tiempo de lectura":"1 minuto"},"schema":{"@context":"https:\/\/schema.org","@graph":[{"@type":"Article","@id":"https:\/\/inmocosta.com\/es\/piratas-y-corsarios-en-las-islas-medes-2018\/#article","isPartOf":{"@id":"https:\/\/inmocosta.com\/es\/piratas-y-corsarios-en-las-islas-medes-2018\/"},"author":{"name":"info@inmocosta.com","@id":"https:\/\/inmocosta.com\/es\/#\/schema\/person\/c1158d0f764ec40f4b366ff7afc7ddd8"},"headline":"Piratas y Corsarios en las Islas Medes 2018","datePublished":"2018-06-27T13:59:12+00:00","dateModified":"2018-06-28T15:20:49+00:00","mainEntityOfPage":{"@id":"https:\/\/inmocosta.com\/es\/piratas-y-corsarios-en-las-islas-medes-2018\/"},"wordCount":134,"publisher":{"@id":"https:\/\/inmocosta.com\/es\/#organization"},"keywords":["actuaciones","animaciones","corsarios","espect\u00e1culos","Events","islas medas","mercado artesano","piratas","piratas y corsarios","talleres","tercer fin de semana de septiembre"],"articleSection":["Compra Vivendes","decoraci\u00f3n","entorno","inmobiliaria"],"inLanguage":"es"},{"@type":"WebPage","@id":"https:\/\/inmocosta.com\/es\/piratas-y-corsarios-en-las-islas-medes-2018\/","url":"https:\/\/inmocosta.com\/es\/piratas-y-corsarios-en-las-islas-medes-2018\/","name":"Piratas y Corsarios en las Islas Medes 2018 - Inmocosta API l&#039;Estartit -","isPartOf":{"@id":"https:\/\/inmocosta.com\/es\/#website"},"datePublished":"2018-06-27T13:59:12+00:00","dateModified":"2018-06-28T15:20:49+00:00","description":"Piratas y Corsarios en las Islas Medes 2018 21, 22 i 23 de Septiembre. Venid a disfrutar de un fantastico fin de semana lleno de actividades como excursiones a las Islas Medes, talleres, espectaculos...","breadcrumb":{"@id":"https:\/\/inmocosta.com\/es\/piratas-y-corsarios-en-las-islas-medes-2018\/#breadcrumb"},"inLanguage":"es","potentialAction":[{"@type":"ReadAction","target":["https:\/\/inmocosta.com\/es\/piratas-y-corsarios-en-las-islas-medes-2018\/"]}]},{"@type":"BreadcrumbList","@id":"https:\/\/inmocosta.com\/es\/piratas-y-corsarios-en-las-islas-medes-2018\/#breadcrumb","itemListElement":[{"@type":"ListItem","position":1,"name":"Home","item":"https:\/\/inmocosta.com\/es\/"},{"@type":"ListItem","position":2,"name":"Piratas y Corsarios en las Islas Medes 2018"}]},{"@type":"WebSite","@id":"https:\/\/inmocosta.com\/es\/#website","url":"https:\/\/inmocosta.com\/es\/","name":"Inmocosta API l&#039;Estartit -","description":"Ag\u00e8ncia immobiliaria dedicada exclusivament a la compra venda d\u00b4immobles . L&#039;assessorem en la compra del seu habitatge. Comprar cases, pisos, apartaments.","publisher":{"@id":"https:\/\/inmocosta.com\/es\/#organization"},"potentialAction":[{"@type":"SearchAction","target":{"@type":"EntryPoint","urlTemplate":"https:\/\/inmocosta.com\/es\/?s={search_term_string}"},"query-input":"required name=search_term_string"}],"inLanguage":"es"},{"@type":"Organization","@id":"https:\/\/inmocosta.com\/es\/#organization","name":"Inmocosta API L'Estartit","url":"https:\/\/inmocosta.com\/es\/","logo":{"@type":"ImageObject","inLanguage":"es","@id":"https:\/\/inmocosta.com\/es\/#\/schema\/logo\/image\/","url":"https:\/\/inmocosta.com\/wp-content\/uploads\/2025\/01\/imatge_usuari.png","contentUrl":"https:\/\/inmocosta.com\/wp-content\/uploads\/2025\/01\/imatge_usuari.png","width":500,"height":500,"caption":"Inmocosta API L'Estartit"},"image":{"@id":"https:\/\/inmocosta.com\/es\/#\/schema\/logo\/image\/"},"sameAs":["https:\/\/www.facebook.com\/inmocostaapi\/","https:\/\/www.instagram.com\/inmocosta_api\/","https:\/\/www.youtube.com\/channel\/UCidmbkY6BpJG9MA_OQUZgYQ"]},{"@type":"Person","@id":"https:\/\/inmocosta.com\/es\/#\/schema\/person\/c1158d0f764ec40f4b366ff7afc7ddd8","name":"info@inmocosta.com","image":{"@type":"ImageObject","inLanguage":"es","@id":"https:\/\/inmocosta.com\/es\/#\/schema\/person\/image\/","url":"https:\/\/secure.gravatar.com\/avatar\/6fcb462a4ecd1323c01cea6303344762c4ebd0c5a2d8936b060b9188b467a7e9?s=96&d=mm&r=g","contentUrl":"https:\/\/secure.gravatar.com\/avatar\/6fcb462a4ecd1323c01cea6303344762c4ebd0c5a2d8936b060b9188b467a7e9?s=96&d=mm&r=g","caption":"info@inmocosta.com"}}]}},"_links":{"self":[{"href":"https:\/\/inmocosta.com\/es\/wp-json\/wp\/v2\/posts\/40271","targetHints":{"allow":["GET"]}}],"collection":[{"href":"https:\/\/inmocosta.com\/es\/wp-json\/wp\/v2\/posts"}],"about":[{"href":"https:\/\/inmocosta.com\/es\/wp-json\/wp\/v2\/types\/post"}],"author":[{"embeddable":true,"href":"https:\/\/inmocosta.com\/es\/wp-json\/wp\/v2\/users\/1"}],"replies":[{"embeddable":true,"href":"https:\/\/inmocosta.com\/es\/wp-json\/wp\/v2\/comments?post=40271"}],"version-history":[{"count":9,"href":"https:\/\/inmocosta.com\/es\/wp-json\/wp\/v2\/posts\/40271\/revisions"}],"predecessor-version":[{"id":40457,"href":"https:\/\/inmocosta.com\/es\/wp-json\/wp\/v2\/posts\/40271\/revisions\/40457"}],"wp:featuredmedia":[{"embeddable":true,"href":"https:\/\/inmocosta.com\/es\/wp-json\/wp\/v2\/media\/40418"}],"wp:attachment":[{"href":"https:\/\/inmocosta.com\/es\/wp-json\/wp\/v2\/media?parent=40271"}],"wp:term":[{"taxonomy":"category","embeddable":true,"href":"https:\/\/inmocosta.com\/es\/wp-json\/wp\/v2\/categories?post=40271"},{"taxonomy":"post_tag","embeddable":true,"href":"https:\/\/inmocosta.com\/es\/wp-json\/wp\/v2\/tags?post=40271"}],"curies":[{"name":"wp","href":"https:\/\/api.w.org\/{rel}","templated":true}]}}