{"id":56479,"date":"2020-01-09T10:19:39","date_gmt":"2020-01-09T09:19:39","guid":{"rendered":"https:\/\/inmocosta.com\/els-experts-opinen-com-ha-estat-levolucio-de-el-sector-immobiliari-en-els-darrers-anys\/"},"modified":"2020-01-09T10:36:16","modified_gmt":"2020-01-09T09:36:16","slug":"els-experts-opinen-com-ha-estat-levolucio-de-el-sector-immobiliari-en-els-darrers-anys","status":"publish","type":"post","link":"https:\/\/inmocosta.com\/es\/els-experts-opinen-com-ha-estat-levolucio-de-el-sector-immobiliari-en-els-darrers-anys\/","title":{"rendered":"Los expertos opinan: \u00bfc\u00f3mo ha sido la evoluci\u00f3n del sector inmobiliario en los \u00faltimos a\u00f1os?"},"content":{"rendered":"\n<figure class=\"wp-block-embed-youtube wp-block-embed is-type-video is-provider-youtube wp-embed-aspect-16-9 wp-has-aspect-ratio\"><div class=\"wp-block-embed__wrapper\">\n<div class=\"video-container\"><iframe title=\"Los expertos opinan: La evoluci\u00f3n del sector inmobiliario en los \u00faltimos a\u00f1os\" width=\"1200\" height=\"675\" src=\"https:\/\/www.youtube.com\/embed\/Jcw--ZfX4Mw?feature=oembed\" frameborder=\"0\" allow=\"accelerometer; autoplay; encrypted-media; gyroscope; picture-in-picture\" allowfullscreen><\/iframe><\/div>\n<\/div><\/figure>\n\n\n\n<p> La\u00a0<a rel=\"noreferrer noopener\" href=\"https:\/\/blogprofesional.fotocasa.es\/asi-fue-el-fotocasa-conference-madrid-especial-20-aniversario\/\" target=\"_blank\">celebraci\u00f3n del 20 aniversario de Fotocasa<\/a><strong>\u00a0reuni\u00f3 a los m\u00e1ximos expertos del sector inmobiliario en nuestro pa\u00eds<\/strong>. Y quisimos aprovechar la ocasi\u00f3n para conocer sus opiniones sobre el pasado, el presente y el futuro del sector. En este v\u00eddeo recogemos sus respuestas sobre la evoluci\u00f3n vivida por el mercado en los \u00faltimos a\u00f1os, que algunos califican de verdadera revoluci\u00f3n, sobre todo por el papel que han jugado la tecnolog\u00eda y la digitalizaci\u00f3n.\u00a0 <\/p>\n\n\n\n<p>Juan Antonio G\u00f3mez Pintado, presidente de APCEspa\u00f1a,&nbsp;<strong>coincide en la importancia de la tecnolog\u00eda y suma<\/strong>&nbsp;\u201cel cambio de materiales que se ha producido en todo el proceso productivo\u201d, aunque hay mucho camino por recorrer en la industrializaci\u00f3n de la construcci\u00f3n.&nbsp;<\/p>\n\n\n\n<p>Adem\u00e1s de la revoluci\u00f3n tecnol\u00f3gica, la analista inmobiliaria&nbsp;<strong>Beatriz Toribio apunta otro cambio significativo en los \u00faltimos a\u00f1os<\/strong>: el cambio de enfoque hacia la demanda, a diferencia del ciclo anterior, m\u00e1s centrado en la oferta, lo que tuvo como consecuencia una serie de excesos y malas pr\u00e1cticas que ya no se est\u00e1n produciendo.&nbsp;<\/p>\n\n\n\n<p><strong>La profesionalizaci\u00f3n \u00e9s el factor m\u00e1s destacado para Concha Os\u00e1car<\/strong>, socia directora en Azora, junto con la cada vez mayor exigencia por parte de los clientes respecto a la calidad de la vivienda.&nbsp;<\/p>\n\n\n\n<p>Anna Gener, presidenta y CEO de Savills Aguirre Newman Barcelona,&nbsp;<strong>destaca el gran esfuerzo que ha hecho el sector por modernizarse<\/strong>&nbsp;sobre todo despu\u00e9s de la crisis, lo que le ha llevado a ser \u201cm\u00e1s riguroso, m\u00e1s transparente y conectarse m\u00e1s con el usuario\u201d. \u201cHemos avanzado much\u00edsimo\u201d, concluye.&nbsp;<\/p>\n\n\n\n<p>fuente:  <a href=\"https:\/\/blogprofesional.fotocasa.es\/expertos-opinan-evolucion-sector-inmobiliario-ultimos-anos\/\">https:\/\/blogprofesional.fotocasa.es\/expertos-opinan-evolucion-sector-inmobiliario-ultimos-anos\/<\/a> <\/p>\n","protected":false},"excerpt":{"rendered":"<p>La\u00a0celebraci\u00f3n del 20 aniversario de Fotocasa\u00a0reuni\u00f3 a los m\u00e1ximos expertos del sector inmobiliario en nuestro pa\u00eds. Y quisimos aprovechar la ocasi\u00f3n para conocer sus opiniones sobre el pasado, el presente y el futuro del sector. En este v\u00eddeo recogemos sus respuestas sobre la evoluci\u00f3n vivida por el mercado en los \u00faltimos a\u00f1os, que algunos califican de verdadera revoluci\u00f3n, sobre todo por el papel que &#8230;<\/p>\n","protected":false},"author":1,"featured_media":56476,"comment_status":"closed","ping_status":"open","sticky":false,"template":"","format":"standard","meta":{"footnotes":""},"categories":[427],"tags":[2751,2752,2753],"class_list":["post-56479","post","type-post","status-publish","format-standard","has-post-thumbnail","hentry","category-compra-vivendes-es","tag-evolucion-sector-inmobiliario","tag-expertos","tag-inmobiliarias"],"yoast_head":"<!-- This site is optimized with the Yoast SEO plugin v21.8 - https:\/\/yoast.com\/wordpress\/plugins\/seo\/ -->\n<title>Los expertos opinan: \u00bfc\u00f3mo ha sido la evoluci\u00f3n del sector inmobiliario en los \u00faltimos a\u00f1os? - Inmocosta API l&#039;Estartit -<\/title>\n<meta name=\"robots\" content=\"index, follow, max-snippet:-1, max-image-preview:large, max-video-preview:-1\" \/>\n<link rel=\"canonical\" href=\"https:\/\/inmocosta.com\/es\/els-experts-opinen-com-ha-estat-levolucio-de-el-sector-immobiliari-en-els-darrers-anys\/\" \/>\n<meta property=\"og:locale\" content=\"es_ES\" \/>\n<meta property=\"og:type\" content=\"article\" \/>\n<meta property=\"og:title\" content=\"Los expertos opinan: \u00bfc\u00f3mo ha sido la evoluci\u00f3n del sector inmobiliario en los \u00faltimos a\u00f1os? - Inmocosta API l&#039;Estartit -\" \/>\n<meta property=\"og:description\" content=\"La\u00a0celebraci\u00f3n del 20 aniversario de Fotocasa\u00a0reuni\u00f3 a los m\u00e1ximos expertos del sector inmobiliario en nuestro pa\u00eds. Y quisimos aprovechar la ocasi\u00f3n para conocer sus opiniones sobre el pasado, el presente y el futuro del sector. En este v\u00eddeo recogemos sus respuestas sobre la evoluci\u00f3n vivida por el mercado en los \u00faltimos a\u00f1os, que algunos califican de verdadera revoluci\u00f3n, sobre todo por el papel que ...\" \/>\n<meta property=\"og:url\" content=\"https:\/\/inmocosta.com\/es\/els-experts-opinen-com-ha-estat-levolucio-de-el-sector-immobiliari-en-els-darrers-anys\/\" \/>\n<meta property=\"og:site_name\" content=\"Inmocosta API l&#039;Estartit -\" \/>\n<meta property=\"article:publisher\" content=\"https:\/\/www.facebook.com\/inmocostaapi\/\" \/>\n<meta property=\"article:published_time\" content=\"2020-01-09T09:19:39+00:00\" \/>\n<meta property=\"article:modified_time\" content=\"2020-01-09T09:36:16+00:00\" \/>\n<meta property=\"og:image\" content=\"https:\/\/inmocosta.com\/wp-content\/uploads\/2020\/01\/expertos-opinan.jpg\" \/>\n\t<meta property=\"og:image:width\" content=\"768\" \/>\n\t<meta property=\"og:image:height\" content=\"400\" \/>\n\t<meta property=\"og:image:type\" content=\"image\/jpeg\" \/>\n<meta name=\"author\" content=\"info@inmocosta.com\" \/>\n<meta name=\"twitter:card\" content=\"summary_large_image\" \/>\n<meta name=\"twitter:label1\" content=\"Escrito por\" \/>\n\t<meta name=\"twitter:data1\" content=\"info@inmocosta.com\" \/>\n\t<meta name=\"twitter:label2\" content=\"Tiempo de lectura\" \/>\n\t<meta name=\"twitter:data2\" content=\"1 minuto\" \/>\n<script type=\"application\/ld+json\" class=\"yoast-schema-graph\">{\"@context\":\"https:\/\/schema.org\",\"@graph\":[{\"@type\":\"Article\",\"@id\":\"https:\/\/inmocosta.com\/es\/els-experts-opinen-com-ha-estat-levolucio-de-el-sector-immobiliari-en-els-darrers-anys\/#article\",\"isPartOf\":{\"@id\":\"https:\/\/inmocosta.com\/es\/els-experts-opinen-com-ha-estat-levolucio-de-el-sector-immobiliari-en-els-darrers-anys\/\"},\"author\":{\"name\":\"info@inmocosta.com\",\"@id\":\"https:\/\/inmocosta.com\/es\/#\/schema\/person\/c1158d0f764ec40f4b366ff7afc7ddd8\"},\"headline\":\"Los expertos opinan: \u00bfc\u00f3mo ha sido la evoluci\u00f3n del sector inmobiliario en los \u00faltimos a\u00f1os?\",\"datePublished\":\"2020-01-09T09:19:39+00:00\",\"dateModified\":\"2020-01-09T09:36:16+00:00\",\"mainEntityOfPage\":{\"@id\":\"https:\/\/inmocosta.com\/es\/els-experts-opinen-com-ha-estat-levolucio-de-el-sector-immobiliari-en-els-darrers-anys\/\"},\"wordCount\":315,\"publisher\":{\"@id\":\"https:\/\/inmocosta.com\/es\/#organization\"},\"keywords\":[\"evoluci\u00f3n sector inmobiliario\",\"expertos\",\"inmobiliarias\"],\"articleSection\":[\"Compra Vivendes\"],\"inLanguage\":\"es\"},{\"@type\":\"WebPage\",\"@id\":\"https:\/\/inmocosta.com\/es\/els-experts-opinen-com-ha-estat-levolucio-de-el-sector-immobiliari-en-els-darrers-anys\/\",\"url\":\"https:\/\/inmocosta.com\/es\/els-experts-opinen-com-ha-estat-levolucio-de-el-sector-immobiliari-en-els-darrers-anys\/\",\"name\":\"Los expertos opinan: \u00bfc\u00f3mo ha sido la evoluci\u00f3n del sector inmobiliario en los \u00faltimos a\u00f1os? - Inmocosta API l&#039;Estartit -\",\"isPartOf\":{\"@id\":\"https:\/\/inmocosta.com\/es\/#website\"},\"datePublished\":\"2020-01-09T09:19:39+00:00\",\"dateModified\":\"2020-01-09T09:36:16+00:00\",\"breadcrumb\":{\"@id\":\"https:\/\/inmocosta.com\/es\/els-experts-opinen-com-ha-estat-levolucio-de-el-sector-immobiliari-en-els-darrers-anys\/#breadcrumb\"},\"inLanguage\":\"es\",\"potentialAction\":[{\"@type\":\"ReadAction\",\"target\":[\"https:\/\/inmocosta.com\/es\/els-experts-opinen-com-ha-estat-levolucio-de-el-sector-immobiliari-en-els-darrers-anys\/\"]}]},{\"@type\":\"BreadcrumbList\",\"@id\":\"https:\/\/inmocosta.com\/es\/els-experts-opinen-com-ha-estat-levolucio-de-el-sector-immobiliari-en-els-darrers-anys\/#breadcrumb\",\"itemListElement\":[{\"@type\":\"ListItem\",\"position\":1,\"name\":\"Home\",\"item\":\"https:\/\/inmocosta.com\/es\/\"},{\"@type\":\"ListItem\",\"position\":2,\"name\":\"Los expertos opinan: \u00bfc\u00f3mo ha sido la evoluci\u00f3n del sector inmobiliario en los \u00faltimos a\u00f1os?\"}]},{\"@type\":\"WebSite\",\"@id\":\"https:\/\/inmocosta.com\/es\/#website\",\"url\":\"https:\/\/inmocosta.com\/es\/\",\"name\":\"Inmocosta API l&#039;Estartit -\",\"description\":\"Ag\u00e8ncia immobiliaria dedicada exclusivament a la compra venda d\u00b4immobles . L&#039;assessorem en la compra del seu habitatge. Comprar cases, pisos, apartaments.\",\"publisher\":{\"@id\":\"https:\/\/inmocosta.com\/es\/#organization\"},\"potentialAction\":[{\"@type\":\"SearchAction\",\"target\":{\"@type\":\"EntryPoint\",\"urlTemplate\":\"https:\/\/inmocosta.com\/es\/?s={search_term_string}\"},\"query-input\":\"required name=search_term_string\"}],\"inLanguage\":\"es\"},{\"@type\":\"Organization\",\"@id\":\"https:\/\/inmocosta.com\/es\/#organization\",\"name\":\"Inmocosta API L'Estartit\",\"url\":\"https:\/\/inmocosta.com\/es\/\",\"logo\":{\"@type\":\"ImageObject\",\"inLanguage\":\"es\",\"@id\":\"https:\/\/inmocosta.com\/es\/#\/schema\/logo\/image\/\",\"url\":\"https:\/\/inmocosta.com\/wp-content\/uploads\/2025\/01\/imatge_usuari.png\",\"contentUrl\":\"https:\/\/inmocosta.com\/wp-content\/uploads\/2025\/01\/imatge_usuari.png\",\"width\":500,\"height\":500,\"caption\":\"Inmocosta API L'Estartit\"},\"image\":{\"@id\":\"https:\/\/inmocosta.com\/es\/#\/schema\/logo\/image\/\"},\"sameAs\":[\"https:\/\/www.facebook.com\/inmocostaapi\/\",\"https:\/\/www.instagram.com\/inmocosta_api\/\",\"https:\/\/www.youtube.com\/channel\/UCidmbkY6BpJG9MA_OQUZgYQ\"]},{\"@type\":\"Person\",\"@id\":\"https:\/\/inmocosta.com\/es\/#\/schema\/person\/c1158d0f764ec40f4b366ff7afc7ddd8\",\"name\":\"info@inmocosta.com\",\"image\":{\"@type\":\"ImageObject\",\"inLanguage\":\"es\",\"@id\":\"https:\/\/inmocosta.com\/es\/#\/schema\/person\/image\/\",\"url\":\"https:\/\/secure.gravatar.com\/avatar\/6fcb462a4ecd1323c01cea6303344762c4ebd0c5a2d8936b060b9188b467a7e9?s=96&d=mm&r=g\",\"contentUrl\":\"https:\/\/secure.gravatar.com\/avatar\/6fcb462a4ecd1323c01cea6303344762c4ebd0c5a2d8936b060b9188b467a7e9?s=96&d=mm&r=g\",\"caption\":\"info@inmocosta.com\"}}]}<\/script>\n<!-- \/ Yoast SEO plugin. -->","yoast_head_json":{"title":"Los expertos opinan: \u00bfc\u00f3mo ha sido la evoluci\u00f3n del sector inmobiliario en los \u00faltimos a\u00f1os? - Inmocosta API l&#039;Estartit -","robots":{"index":"index","follow":"follow","max-snippet":"max-snippet:-1","max-image-preview":"max-image-preview:large","max-video-preview":"max-video-preview:-1"},"canonical":"https:\/\/inmocosta.com\/es\/els-experts-opinen-com-ha-estat-levolucio-de-el-sector-immobiliari-en-els-darrers-anys\/","og_locale":"es_ES","og_type":"article","og_title":"Los expertos opinan: \u00bfc\u00f3mo ha sido la evoluci\u00f3n del sector inmobiliario en los \u00faltimos a\u00f1os? - Inmocosta API l&#039;Estartit -","og_description":"La\u00a0celebraci\u00f3n del 20 aniversario de Fotocasa\u00a0reuni\u00f3 a los m\u00e1ximos expertos del sector inmobiliario en nuestro pa\u00eds. Y quisimos aprovechar la ocasi\u00f3n para conocer sus opiniones sobre el pasado, el presente y el futuro del sector. En este v\u00eddeo recogemos sus respuestas sobre la evoluci\u00f3n vivida por el mercado en los \u00faltimos a\u00f1os, que algunos califican de verdadera revoluci\u00f3n, sobre todo por el papel que ...","og_url":"https:\/\/inmocosta.com\/es\/els-experts-opinen-com-ha-estat-levolucio-de-el-sector-immobiliari-en-els-darrers-anys\/","og_site_name":"Inmocosta API l&#039;Estartit -","article_publisher":"https:\/\/www.facebook.com\/inmocostaapi\/","article_published_time":"2020-01-09T09:19:39+00:00","article_modified_time":"2020-01-09T09:36:16+00:00","og_image":[{"width":768,"height":400,"url":"https:\/\/inmocosta.com\/wp-content\/uploads\/2020\/01\/expertos-opinan.jpg","type":"image\/jpeg"}],"author":"info@inmocosta.com","twitter_card":"summary_large_image","twitter_misc":{"Escrito por":"info@inmocosta.com","Tiempo de lectura":"1 minuto"},"schema":{"@context":"https:\/\/schema.org","@graph":[{"@type":"Article","@id":"https:\/\/inmocosta.com\/es\/els-experts-opinen-com-ha-estat-levolucio-de-el-sector-immobiliari-en-els-darrers-anys\/#article","isPartOf":{"@id":"https:\/\/inmocosta.com\/es\/els-experts-opinen-com-ha-estat-levolucio-de-el-sector-immobiliari-en-els-darrers-anys\/"},"author":{"name":"info@inmocosta.com","@id":"https:\/\/inmocosta.com\/es\/#\/schema\/person\/c1158d0f764ec40f4b366ff7afc7ddd8"},"headline":"Los expertos opinan: \u00bfc\u00f3mo ha sido la evoluci\u00f3n del sector inmobiliario en los \u00faltimos a\u00f1os?","datePublished":"2020-01-09T09:19:39+00:00","dateModified":"2020-01-09T09:36:16+00:00","mainEntityOfPage":{"@id":"https:\/\/inmocosta.com\/es\/els-experts-opinen-com-ha-estat-levolucio-de-el-sector-immobiliari-en-els-darrers-anys\/"},"wordCount":315,"publisher":{"@id":"https:\/\/inmocosta.com\/es\/#organization"},"keywords":["evoluci\u00f3n sector inmobiliario","expertos","inmobiliarias"],"articleSection":["Compra Vivendes"],"inLanguage":"es"},{"@type":"WebPage","@id":"https:\/\/inmocosta.com\/es\/els-experts-opinen-com-ha-estat-levolucio-de-el-sector-immobiliari-en-els-darrers-anys\/","url":"https:\/\/inmocosta.com\/es\/els-experts-opinen-com-ha-estat-levolucio-de-el-sector-immobiliari-en-els-darrers-anys\/","name":"Los expertos opinan: \u00bfc\u00f3mo ha sido la evoluci\u00f3n del sector inmobiliario en los \u00faltimos a\u00f1os? - Inmocosta API l&#039;Estartit -","isPartOf":{"@id":"https:\/\/inmocosta.com\/es\/#website"},"datePublished":"2020-01-09T09:19:39+00:00","dateModified":"2020-01-09T09:36:16+00:00","breadcrumb":{"@id":"https:\/\/inmocosta.com\/es\/els-experts-opinen-com-ha-estat-levolucio-de-el-sector-immobiliari-en-els-darrers-anys\/#breadcrumb"},"inLanguage":"es","potentialAction":[{"@type":"ReadAction","target":["https:\/\/inmocosta.com\/es\/els-experts-opinen-com-ha-estat-levolucio-de-el-sector-immobiliari-en-els-darrers-anys\/"]}]},{"@type":"BreadcrumbList","@id":"https:\/\/inmocosta.com\/es\/els-experts-opinen-com-ha-estat-levolucio-de-el-sector-immobiliari-en-els-darrers-anys\/#breadcrumb","itemListElement":[{"@type":"ListItem","position":1,"name":"Home","item":"https:\/\/inmocosta.com\/es\/"},{"@type":"ListItem","position":2,"name":"Los expertos opinan: \u00bfc\u00f3mo ha sido la evoluci\u00f3n del sector inmobiliario en los \u00faltimos a\u00f1os?"}]},{"@type":"WebSite","@id":"https:\/\/inmocosta.com\/es\/#website","url":"https:\/\/inmocosta.com\/es\/","name":"Inmocosta API l&#039;Estartit -","description":"Ag\u00e8ncia immobiliaria dedicada exclusivament a la compra venda d\u00b4immobles . L&#039;assessorem en la compra del seu habitatge. Comprar cases, pisos, apartaments.","publisher":{"@id":"https:\/\/inmocosta.com\/es\/#organization"},"potentialAction":[{"@type":"SearchAction","target":{"@type":"EntryPoint","urlTemplate":"https:\/\/inmocosta.com\/es\/?s={search_term_string}"},"query-input":"required name=search_term_string"}],"inLanguage":"es"},{"@type":"Organization","@id":"https:\/\/inmocosta.com\/es\/#organization","name":"Inmocosta API L'Estartit","url":"https:\/\/inmocosta.com\/es\/","logo":{"@type":"ImageObject","inLanguage":"es","@id":"https:\/\/inmocosta.com\/es\/#\/schema\/logo\/image\/","url":"https:\/\/inmocosta.com\/wp-content\/uploads\/2025\/01\/imatge_usuari.png","contentUrl":"https:\/\/inmocosta.com\/wp-content\/uploads\/2025\/01\/imatge_usuari.png","width":500,"height":500,"caption":"Inmocosta API L'Estartit"},"image":{"@id":"https:\/\/inmocosta.com\/es\/#\/schema\/logo\/image\/"},"sameAs":["https:\/\/www.facebook.com\/inmocostaapi\/","https:\/\/www.instagram.com\/inmocosta_api\/","https:\/\/www.youtube.com\/channel\/UCidmbkY6BpJG9MA_OQUZgYQ"]},{"@type":"Person","@id":"https:\/\/inmocosta.com\/es\/#\/schema\/person\/c1158d0f764ec40f4b366ff7afc7ddd8","name":"info@inmocosta.com","image":{"@type":"ImageObject","inLanguage":"es","@id":"https:\/\/inmocosta.com\/es\/#\/schema\/person\/image\/","url":"https:\/\/secure.gravatar.com\/avatar\/6fcb462a4ecd1323c01cea6303344762c4ebd0c5a2d8936b060b9188b467a7e9?s=96&d=mm&r=g","contentUrl":"https:\/\/secure.gravatar.com\/avatar\/6fcb462a4ecd1323c01cea6303344762c4ebd0c5a2d8936b060b9188b467a7e9?s=96&d=mm&r=g","caption":"info@inmocosta.com"}}]}},"_links":{"self":[{"href":"https:\/\/inmocosta.com\/es\/wp-json\/wp\/v2\/posts\/56479","targetHints":{"allow":["GET"]}}],"collection":[{"href":"https:\/\/inmocosta.com\/es\/wp-json\/wp\/v2\/posts"}],"about":[{"href":"https:\/\/inmocosta.com\/es\/wp-json\/wp\/v2\/types\/post"}],"author":[{"embeddable":true,"href":"https:\/\/inmocosta.com\/es\/wp-json\/wp\/v2\/users\/1"}],"replies":[{"embeddable":true,"href":"https:\/\/inmocosta.com\/es\/wp-json\/wp\/v2\/comments?post=56479"}],"version-history":[{"count":2,"href":"https:\/\/inmocosta.com\/es\/wp-json\/wp\/v2\/posts\/56479\/revisions"}],"predecessor-version":[{"id":56484,"href":"https:\/\/inmocosta.com\/es\/wp-json\/wp\/v2\/posts\/56479\/revisions\/56484"}],"wp:featuredmedia":[{"embeddable":true,"href":"https:\/\/inmocosta.com\/es\/wp-json\/wp\/v2\/media\/56476"}],"wp:attachment":[{"href":"https:\/\/inmocosta.com\/es\/wp-json\/wp\/v2\/media?parent=56479"}],"wp:term":[{"taxonomy":"category","embeddable":true,"href":"https:\/\/inmocosta.com\/es\/wp-json\/wp\/v2\/categories?post=56479"},{"taxonomy":"post_tag","embeddable":true,"href":"https:\/\/inmocosta.com\/es\/wp-json\/wp\/v2\/tags?post=56479"}],"curies":[{"name":"wp","href":"https:\/\/api.w.org\/{rel}","templated":true}]}}