{"id":28038,"date":"2017-05-11T16:05:49","date_gmt":"2017-05-11T15:05:49","guid":{"rendered":"http:\/\/inmocosta.com\/?p=28038\/"},"modified":"2018-06-28T10:28:53","modified_gmt":"2018-06-28T09:28:53","slug":"voulez-vous-un-week-end-magique-venez-a-fimag-2017-en-juin-prochain","status":"publish","type":"post","link":"https:\/\/inmocosta.com\/fr\/voulez-vous-un-week-end-magique-venez-a-fimag-2017-en-juin-prochain\/","title":{"rendered":"Voulez-vous un week-end magique? Venez \u00e0 Fimag 2017 en juin prochain"},"content":{"rendered":"<p>Le 6\u00e8me Salon International de la Magie de Torroella de Montgr\u00ed, FIMAG 2017, aura lieu du 9 au 11 juin.<\/p>\n<p>Dans cette \u00e9dition, il y a des spectacles pr\u00e9vus par plus de 50 artistes de 7 pays, plus de 50 spectacles, 200 repr\u00e9sentations et 22 salles de spectacle.<\/p>\n<p>Les jours avant la foire, des activit\u00e9s de solidarit\u00e9 auront lieu, avec des spectacles dans les h\u00f4pitaux et les centres pour personnes \u00e2g\u00e9es, et l&rsquo;inauguration de l&rsquo;exposition de magie.<\/p>\n<div class=\"video-container\">\n<blockquote data-secret=\"gzwZ0ylhE4\" class=\"wp-embedded-content\"><p><a href=\"http:\/\/fimag-magia.com\/blog\/presentacio-als-mitjans-fimag17\/\">PRESENTACI\u00d3 ALS MITJANS FIMAG&#8217;17<\/a><\/p><\/blockquote>\n<p><iframe class=\"wp-embedded-content\" sandbox=\"allow-scripts\" security=\"restricted\" style=\"position: absolute; clip: rect(1px, 1px, 1px, 1px);\" src=\"http:\/\/fimag-magia.com\/blog\/presentacio-als-mitjans-fimag17\/embed\/#?secret=gzwZ0ylhE4\" data-secret=\"gzwZ0ylhE4\" width=\"600\" height=\"338\" title=\"&#8220;PRESENTACI\u00d3 ALS MITJANS FIMAG&#8217;17&#8221; &#8212; Fimag M\u00e0gia\" frameborder=\"0\" marginwidth=\"0\" marginheight=\"0\" scrolling=\"no\"><\/iframe><\/div>\n<p>&nbsp;<\/p>\n","protected":false},"excerpt":{"rendered":"<p>Le 6\u00e8me Salon International de la Magie de Torroella de Montgr\u00ed, FIMAG 2017, aura lieu du 9 au 11 juin. Dans cette \u00e9dition, il y a des spectacles pr\u00e9vus par plus de 50 artistes de 7 pays, plus de 50 spectacles, 200 repr\u00e9sentations et 22 salles de spectacle. Les jours avant la foire, des activit\u00e9s de solidarit\u00e9 auront lieu, avec des spectacles dans les &#8230;<\/p>\n","protected":false},"author":1,"featured_media":0,"comment_status":"closed","ping_status":"closed","sticky":false,"template":"","format":"standard","meta":{"footnotes":""},"categories":[308],"tags":[1088,1087,1090,1089,383,1086,391,1085],"class_list":["post-28038","post","type-post","status-publish","format-standard","hentry","category-alentours","tag-exposition-de-magie","tag-200-representations-et-22-salles-de-spectacle","tag-9-au-11-juin","tag-activites-de-solidarite","tag-fimag","tag-le-6eme-salon-international-de-la-magie-de-torroella-de-montgri","tag-magie","tag-tour-de-magie"],"yoast_head":"<!-- This site is optimized with the Yoast SEO plugin v21.8 - https:\/\/yoast.com\/wordpress\/plugins\/seo\/ -->\n<title>Voulez-vous un week-end magique? Venez \u00e0 Fimag 2017 en juin prochain<\/title>\n<meta name=\"description\" content=\"Le 6\u00e8me Salon International de la Magie de Torroella de Montgr\u00ed, FIMAG 2017, aura lieu du 9 au 11 juin. Dans cette \u00e9dition, il y a des spectacles pr\u00e9vus par plus de 50 artistes de 7 pays, plus de 50 spectacles, 200 repr\u00e9sentations et 22 salles de spectacle.\" \/>\n<meta name=\"robots\" content=\"index, follow, max-snippet:-1, max-image-preview:large, max-video-preview:-1\" \/>\n<link rel=\"canonical\" href=\"https:\/\/inmocosta.com\/fr\/voulez-vous-un-week-end-magique-venez-a-fimag-2017-en-juin-prochain\/\" \/>\n<meta property=\"og:locale\" content=\"fr_FR\" \/>\n<meta property=\"og:type\" content=\"article\" \/>\n<meta property=\"og:title\" content=\"Voulez-vous un week-end magique? Venez \u00e0 Fimag 2017 en juin prochain\" \/>\n<meta property=\"og:description\" content=\"Le 6\u00e8me Salon International de la Magie de Torroella de Montgr\u00ed, FIMAG 2017, aura lieu du 9 au 11 juin. Dans cette \u00e9dition, il y a des spectacles pr\u00e9vus par plus de 50 artistes de 7 pays, plus de 50 spectacles, 200 repr\u00e9sentations et 22 salles de spectacle.\" \/>\n<meta property=\"og:url\" content=\"https:\/\/inmocosta.com\/fr\/voulez-vous-un-week-end-magique-venez-a-fimag-2017-en-juin-prochain\/\" \/>\n<meta property=\"og:site_name\" content=\"- Inmocosta API l&#039;Estartit\" \/>\n<meta property=\"article:publisher\" content=\"https:\/\/www.facebook.com\/inmocostaapi\/\" \/>\n<meta property=\"article:published_time\" content=\"2017-05-11T15:05:49+00:00\" \/>\n<meta property=\"article:modified_time\" content=\"2018-06-28T09:28:53+00:00\" \/>\n<meta property=\"og:image\" content=\"https:\/\/inmocosta.com\/wp-content\/uploads\/2017\/05\/fimag.jpeg\" \/>\n\t<meta property=\"og:image:width\" content=\"700\" \/>\n\t<meta property=\"og:image:height\" content=\"990\" \/>\n\t<meta property=\"og:image:type\" content=\"image\/jpeg\" \/>\n<meta name=\"author\" content=\"info@inmocosta.com\" \/>\n<meta name=\"twitter:card\" content=\"summary_large_image\" \/>\n<meta name=\"twitter:label1\" content=\"\u00c9crit par\" \/>\n\t<meta name=\"twitter:data1\" content=\"info@inmocosta.com\" \/>\n<script type=\"application\/ld+json\" class=\"yoast-schema-graph\">{\"@context\":\"https:\/\/schema.org\",\"@graph\":[{\"@type\":\"Article\",\"@id\":\"https:\/\/inmocosta.com\/fr\/voulez-vous-un-week-end-magique-venez-a-fimag-2017-en-juin-prochain\/#article\",\"isPartOf\":{\"@id\":\"https:\/\/inmocosta.com\/fr\/voulez-vous-un-week-end-magique-venez-a-fimag-2017-en-juin-prochain\/\"},\"author\":{\"name\":\"info@inmocosta.com\",\"@id\":\"https:\/\/inmocosta.com\/fr\/#\/schema\/person\/c1158d0f764ec40f4b366ff7afc7ddd8\"},\"headline\":\"Voulez-vous un week-end magique? Venez \u00e0 Fimag 2017 en juin prochain\",\"datePublished\":\"2017-05-11T15:05:49+00:00\",\"dateModified\":\"2018-06-28T09:28:53+00:00\",\"mainEntityOfPage\":{\"@id\":\"https:\/\/inmocosta.com\/fr\/voulez-vous-un-week-end-magique-venez-a-fimag-2017-en-juin-prochain\/\"},\"wordCount\":91,\"publisher\":{\"@id\":\"https:\/\/inmocosta.com\/fr\/#organization\"},\"keywords\":[\"'exposition de magie\",\"200 repr\u00e9sentations et 22 salles de spectacle\",\"9 au 11 juin\",\"activit\u00e9s de solidarit\u00e9\",\"Fimag\",\"Le 6\u00e8me Salon International de la Magie de Torroella de Montgr\u00ed\",\"Magie\",\"tour de magie\"],\"articleSection\":[\"alentours\"],\"inLanguage\":\"fr-FR\"},{\"@type\":\"WebPage\",\"@id\":\"https:\/\/inmocosta.com\/fr\/voulez-vous-un-week-end-magique-venez-a-fimag-2017-en-juin-prochain\/\",\"url\":\"https:\/\/inmocosta.com\/fr\/voulez-vous-un-week-end-magique-venez-a-fimag-2017-en-juin-prochain\/\",\"name\":\"Voulez-vous un week-end magique? Venez \u00e0 Fimag 2017 en juin prochain\",\"isPartOf\":{\"@id\":\"https:\/\/inmocosta.com\/fr\/#website\"},\"datePublished\":\"2017-05-11T15:05:49+00:00\",\"dateModified\":\"2018-06-28T09:28:53+00:00\",\"description\":\"Le 6\u00e8me Salon International de la Magie de Torroella de Montgr\u00ed, FIMAG 2017, aura lieu du 9 au 11 juin. Dans cette \u00e9dition, il y a des spectacles pr\u00e9vus par plus de 50 artistes de 7 pays, plus de 50 spectacles, 200 repr\u00e9sentations et 22 salles de spectacle.\",\"breadcrumb\":{\"@id\":\"https:\/\/inmocosta.com\/fr\/voulez-vous-un-week-end-magique-venez-a-fimag-2017-en-juin-prochain\/#breadcrumb\"},\"inLanguage\":\"fr-FR\",\"potentialAction\":[{\"@type\":\"ReadAction\",\"target\":[\"https:\/\/inmocosta.com\/fr\/voulez-vous-un-week-end-magique-venez-a-fimag-2017-en-juin-prochain\/\"]}]},{\"@type\":\"BreadcrumbList\",\"@id\":\"https:\/\/inmocosta.com\/fr\/voulez-vous-un-week-end-magique-venez-a-fimag-2017-en-juin-prochain\/#breadcrumb\",\"itemListElement\":[{\"@type\":\"ListItem\",\"position\":1,\"name\":\"Home\",\"item\":\"https:\/\/inmocosta.com\/fr\/\"},{\"@type\":\"ListItem\",\"position\":2,\"name\":\"Voulez-vous un week-end magique? Venez \u00e0 Fimag 2017 en juin prochain\"}]},{\"@type\":\"WebSite\",\"@id\":\"https:\/\/inmocosta.com\/fr\/#website\",\"url\":\"https:\/\/inmocosta.com\/fr\/\",\"name\":\"- Inmocosta API l&#039;Estartit\",\"description\":\"Ag\u00e8ncia immobiliaria dedicada exclusivament a la compra venda d\u00b4immobles . L&#039;assessorem en la compra del seu habitatge. Comprar cases, pisos, apartaments.\",\"publisher\":{\"@id\":\"https:\/\/inmocosta.com\/fr\/#organization\"},\"potentialAction\":[{\"@type\":\"SearchAction\",\"target\":{\"@type\":\"EntryPoint\",\"urlTemplate\":\"https:\/\/inmocosta.com\/fr\/?s={search_term_string}\"},\"query-input\":\"required name=search_term_string\"}],\"inLanguage\":\"fr-FR\"},{\"@type\":\"Organization\",\"@id\":\"https:\/\/inmocosta.com\/fr\/#organization\",\"name\":\"Inmocosta API L'Estartit\",\"url\":\"https:\/\/inmocosta.com\/fr\/\",\"logo\":{\"@type\":\"ImageObject\",\"inLanguage\":\"fr-FR\",\"@id\":\"https:\/\/inmocosta.com\/fr\/#\/schema\/logo\/image\/\",\"url\":\"https:\/\/inmocosta.com\/wp-content\/uploads\/2025\/01\/imatge_usuari.png\",\"contentUrl\":\"https:\/\/inmocosta.com\/wp-content\/uploads\/2025\/01\/imatge_usuari.png\",\"width\":500,\"height\":500,\"caption\":\"Inmocosta API L'Estartit\"},\"image\":{\"@id\":\"https:\/\/inmocosta.com\/fr\/#\/schema\/logo\/image\/\"},\"sameAs\":[\"https:\/\/www.facebook.com\/inmocostaapi\/\",\"https:\/\/www.instagram.com\/inmocosta_api\/\",\"https:\/\/www.youtube.com\/channel\/UCidmbkY6BpJG9MA_OQUZgYQ\"]},{\"@type\":\"Person\",\"@id\":\"https:\/\/inmocosta.com\/fr\/#\/schema\/person\/c1158d0f764ec40f4b366ff7afc7ddd8\",\"name\":\"info@inmocosta.com\",\"image\":{\"@type\":\"ImageObject\",\"inLanguage\":\"fr-FR\",\"@id\":\"https:\/\/inmocosta.com\/fr\/#\/schema\/person\/image\/\",\"url\":\"https:\/\/secure.gravatar.com\/avatar\/6fcb462a4ecd1323c01cea6303344762c4ebd0c5a2d8936b060b9188b467a7e9?s=96&d=mm&r=g\",\"contentUrl\":\"https:\/\/secure.gravatar.com\/avatar\/6fcb462a4ecd1323c01cea6303344762c4ebd0c5a2d8936b060b9188b467a7e9?s=96&d=mm&r=g\",\"caption\":\"info@inmocosta.com\"}}]}<\/script>\n<!-- \/ Yoast SEO plugin. -->","yoast_head_json":{"title":"Voulez-vous un week-end magique? Venez \u00e0 Fimag 2017 en juin prochain","description":"Le 6\u00e8me Salon International de la Magie de Torroella de Montgr\u00ed, FIMAG 2017, aura lieu du 9 au 11 juin. Dans cette \u00e9dition, il y a des spectacles pr\u00e9vus par plus de 50 artistes de 7 pays, plus de 50 spectacles, 200 repr\u00e9sentations et 22 salles de spectacle.","robots":{"index":"index","follow":"follow","max-snippet":"max-snippet:-1","max-image-preview":"max-image-preview:large","max-video-preview":"max-video-preview:-1"},"canonical":"https:\/\/inmocosta.com\/fr\/voulez-vous-un-week-end-magique-venez-a-fimag-2017-en-juin-prochain\/","og_locale":"fr_FR","og_type":"article","og_title":"Voulez-vous un week-end magique? Venez \u00e0 Fimag 2017 en juin prochain","og_description":"Le 6\u00e8me Salon International de la Magie de Torroella de Montgr\u00ed, FIMAG 2017, aura lieu du 9 au 11 juin. Dans cette \u00e9dition, il y a des spectacles pr\u00e9vus par plus de 50 artistes de 7 pays, plus de 50 spectacles, 200 repr\u00e9sentations et 22 salles de spectacle.","og_url":"https:\/\/inmocosta.com\/fr\/voulez-vous-un-week-end-magique-venez-a-fimag-2017-en-juin-prochain\/","og_site_name":"- Inmocosta API l&#039;Estartit","article_publisher":"https:\/\/www.facebook.com\/inmocostaapi\/","article_published_time":"2017-05-11T15:05:49+00:00","article_modified_time":"2018-06-28T09:28:53+00:00","og_image":[{"width":700,"height":990,"url":"https:\/\/inmocosta.com\/wp-content\/uploads\/2017\/05\/fimag.jpeg","type":"image\/jpeg"}],"author":"info@inmocosta.com","twitter_card":"summary_large_image","twitter_misc":{"\u00c9crit par":"info@inmocosta.com"},"schema":{"@context":"https:\/\/schema.org","@graph":[{"@type":"Article","@id":"https:\/\/inmocosta.com\/fr\/voulez-vous-un-week-end-magique-venez-a-fimag-2017-en-juin-prochain\/#article","isPartOf":{"@id":"https:\/\/inmocosta.com\/fr\/voulez-vous-un-week-end-magique-venez-a-fimag-2017-en-juin-prochain\/"},"author":{"name":"info@inmocosta.com","@id":"https:\/\/inmocosta.com\/fr\/#\/schema\/person\/c1158d0f764ec40f4b366ff7afc7ddd8"},"headline":"Voulez-vous un week-end magique? Venez \u00e0 Fimag 2017 en juin prochain","datePublished":"2017-05-11T15:05:49+00:00","dateModified":"2018-06-28T09:28:53+00:00","mainEntityOfPage":{"@id":"https:\/\/inmocosta.com\/fr\/voulez-vous-un-week-end-magique-venez-a-fimag-2017-en-juin-prochain\/"},"wordCount":91,"publisher":{"@id":"https:\/\/inmocosta.com\/fr\/#organization"},"keywords":["'exposition de magie","200 repr\u00e9sentations et 22 salles de spectacle","9 au 11 juin","activit\u00e9s de solidarit\u00e9","Fimag","Le 6\u00e8me Salon International de la Magie de Torroella de Montgr\u00ed","Magie","tour de magie"],"articleSection":["alentours"],"inLanguage":"fr-FR"},{"@type":"WebPage","@id":"https:\/\/inmocosta.com\/fr\/voulez-vous-un-week-end-magique-venez-a-fimag-2017-en-juin-prochain\/","url":"https:\/\/inmocosta.com\/fr\/voulez-vous-un-week-end-magique-venez-a-fimag-2017-en-juin-prochain\/","name":"Voulez-vous un week-end magique? Venez \u00e0 Fimag 2017 en juin prochain","isPartOf":{"@id":"https:\/\/inmocosta.com\/fr\/#website"},"datePublished":"2017-05-11T15:05:49+00:00","dateModified":"2018-06-28T09:28:53+00:00","description":"Le 6\u00e8me Salon International de la Magie de Torroella de Montgr\u00ed, FIMAG 2017, aura lieu du 9 au 11 juin. Dans cette \u00e9dition, il y a des spectacles pr\u00e9vus par plus de 50 artistes de 7 pays, plus de 50 spectacles, 200 repr\u00e9sentations et 22 salles de spectacle.","breadcrumb":{"@id":"https:\/\/inmocosta.com\/fr\/voulez-vous-un-week-end-magique-venez-a-fimag-2017-en-juin-prochain\/#breadcrumb"},"inLanguage":"fr-FR","potentialAction":[{"@type":"ReadAction","target":["https:\/\/inmocosta.com\/fr\/voulez-vous-un-week-end-magique-venez-a-fimag-2017-en-juin-prochain\/"]}]},{"@type":"BreadcrumbList","@id":"https:\/\/inmocosta.com\/fr\/voulez-vous-un-week-end-magique-venez-a-fimag-2017-en-juin-prochain\/#breadcrumb","itemListElement":[{"@type":"ListItem","position":1,"name":"Home","item":"https:\/\/inmocosta.com\/fr\/"},{"@type":"ListItem","position":2,"name":"Voulez-vous un week-end magique? Venez \u00e0 Fimag 2017 en juin prochain"}]},{"@type":"WebSite","@id":"https:\/\/inmocosta.com\/fr\/#website","url":"https:\/\/inmocosta.com\/fr\/","name":"- Inmocosta API l&#039;Estartit","description":"Ag\u00e8ncia immobiliaria dedicada exclusivament a la compra venda d\u00b4immobles . L&#039;assessorem en la compra del seu habitatge. Comprar cases, pisos, apartaments.","publisher":{"@id":"https:\/\/inmocosta.com\/fr\/#organization"},"potentialAction":[{"@type":"SearchAction","target":{"@type":"EntryPoint","urlTemplate":"https:\/\/inmocosta.com\/fr\/?s={search_term_string}"},"query-input":"required name=search_term_string"}],"inLanguage":"fr-FR"},{"@type":"Organization","@id":"https:\/\/inmocosta.com\/fr\/#organization","name":"Inmocosta API L'Estartit","url":"https:\/\/inmocosta.com\/fr\/","logo":{"@type":"ImageObject","inLanguage":"fr-FR","@id":"https:\/\/inmocosta.com\/fr\/#\/schema\/logo\/image\/","url":"https:\/\/inmocosta.com\/wp-content\/uploads\/2025\/01\/imatge_usuari.png","contentUrl":"https:\/\/inmocosta.com\/wp-content\/uploads\/2025\/01\/imatge_usuari.png","width":500,"height":500,"caption":"Inmocosta API L'Estartit"},"image":{"@id":"https:\/\/inmocosta.com\/fr\/#\/schema\/logo\/image\/"},"sameAs":["https:\/\/www.facebook.com\/inmocostaapi\/","https:\/\/www.instagram.com\/inmocosta_api\/","https:\/\/www.youtube.com\/channel\/UCidmbkY6BpJG9MA_OQUZgYQ"]},{"@type":"Person","@id":"https:\/\/inmocosta.com\/fr\/#\/schema\/person\/c1158d0f764ec40f4b366ff7afc7ddd8","name":"info@inmocosta.com","image":{"@type":"ImageObject","inLanguage":"fr-FR","@id":"https:\/\/inmocosta.com\/fr\/#\/schema\/person\/image\/","url":"https:\/\/secure.gravatar.com\/avatar\/6fcb462a4ecd1323c01cea6303344762c4ebd0c5a2d8936b060b9188b467a7e9?s=96&d=mm&r=g","contentUrl":"https:\/\/secure.gravatar.com\/avatar\/6fcb462a4ecd1323c01cea6303344762c4ebd0c5a2d8936b060b9188b467a7e9?s=96&d=mm&r=g","caption":"info@inmocosta.com"}}]}},"_links":{"self":[{"href":"https:\/\/inmocosta.com\/fr\/wp-json\/wp\/v2\/posts\/28038","targetHints":{"allow":["GET"]}}],"collection":[{"href":"https:\/\/inmocosta.com\/fr\/wp-json\/wp\/v2\/posts"}],"about":[{"href":"https:\/\/inmocosta.com\/fr\/wp-json\/wp\/v2\/types\/post"}],"author":[{"embeddable":true,"href":"https:\/\/inmocosta.com\/fr\/wp-json\/wp\/v2\/users\/1"}],"replies":[{"embeddable":true,"href":"https:\/\/inmocosta.com\/fr\/wp-json\/wp\/v2\/comments?post=28038"}],"version-history":[{"count":3,"href":"https:\/\/inmocosta.com\/fr\/wp-json\/wp\/v2\/posts\/28038\/revisions"}],"predecessor-version":[{"id":40495,"href":"https:\/\/inmocosta.com\/fr\/wp-json\/wp\/v2\/posts\/28038\/revisions\/40495"}],"wp:attachment":[{"href":"https:\/\/inmocosta.com\/fr\/wp-json\/wp\/v2\/media?parent=28038"}],"wp:term":[{"taxonomy":"category","embeddable":true,"href":"https:\/\/inmocosta.com\/fr\/wp-json\/wp\/v2\/categories?post=28038"},{"taxonomy":"post_tag","embeddable":true,"href":"https:\/\/inmocosta.com\/fr\/wp-json\/wp\/v2\/tags?post=28038"}],"curies":[{"name":"wp","href":"https:\/\/api.w.org\/{rel}","templated":true}]}}