{"id":33206,"date":"2017-08-21T17:40:35","date_gmt":"2017-08-21T16:40:35","guid":{"rendered":"http:\/\/inmocosta.com\/fent-embustiada-per-el-baix-emporda\/"},"modified":"2018-06-28T10:11:26","modified_gmt":"2018-06-28T09:11:26","slug":"calendriers-baix-emporda","status":"publish","type":"post","link":"https:\/\/inmocosta.com\/fr\/calendriers-baix-emporda\/","title":{"rendered":"Calendriers Baix Empord\u00e0"},"content":{"rendered":"<p>Avez-vous re\u00e7u notre calendrier dans la bo\u00eete aux lettres?<\/p>\n<p>Je suis venu le chercher au bureau<\/p>\n","protected":false},"excerpt":{"rendered":"<p>Avez-vous re\u00e7u notre calendrier dans la bo\u00eete aux lettres? Je suis venu le chercher au bureau<\/p>\n","protected":false},"author":1,"featured_media":0,"comment_status":"closed","ping_status":"open","sticky":false,"template":"","format":"standard","meta":{"footnotes":""},"categories":[308,424,306,318],"tags":[1067,1065,1064,1066,437],"class_list":["post-33206","post","type-post","status-publish","format-standard","hentry","category-alentours","category-compra-vivendes-fr","category-decoration-fr","category-immobiliere","tag-avez-vous-recu-notre-calendrier","tag-boites-aux-lettres","tag-calendriers","tag-calendriers-baix-emporda","tag-embustiada-fr"],"yoast_head":"<!-- This site is optimized with the Yoast SEO plugin v21.8 - https:\/\/yoast.com\/wordpress\/plugins\/seo\/ -->\n<title>Calendriers Baix Empord\u00e0<\/title>\n<meta name=\"description\" content=\"Avez-vous re\u00e7u notre calendrier dans la bo\u00eete aux lettres? Je suis venu le chercher au bureau\" \/>\n<meta name=\"robots\" content=\"index, follow, max-snippet:-1, max-image-preview:large, max-video-preview:-1\" \/>\n<link rel=\"canonical\" href=\"https:\/\/inmocosta.com\/fr\/calendriers-baix-emporda\/\" \/>\n<meta property=\"og:locale\" content=\"fr_FR\" \/>\n<meta property=\"og:type\" content=\"article\" \/>\n<meta property=\"og:title\" content=\"Calendriers Baix Empord\u00e0\" \/>\n<meta property=\"og:description\" content=\"Avez-vous re\u00e7u notre calendrier dans la bo\u00eete aux lettres? Je suis venu le chercher au bureau\" \/>\n<meta property=\"og:url\" content=\"https:\/\/inmocosta.com\/fr\/calendriers-baix-emporda\/\" \/>\n<meta property=\"og:site_name\" content=\"- Inmocosta API l&#039;Estartit\" \/>\n<meta property=\"article:publisher\" content=\"https:\/\/www.facebook.com\/inmocostaapi\/\" \/>\n<meta property=\"article:published_time\" content=\"2017-08-21T16:40:35+00:00\" \/>\n<meta property=\"article:modified_time\" content=\"2018-06-28T09:11:26+00:00\" \/>\n<meta property=\"og:image\" content=\"https:\/\/inmocosta.com\/wp-content\/uploads\/2017\/08\/IMG_5457-1024x768.jpg\" \/>\n\t<meta property=\"og:image:width\" content=\"1024\" \/>\n\t<meta property=\"og:image:height\" content=\"768\" \/>\n\t<meta property=\"og:image:type\" content=\"image\/jpeg\" \/>\n<meta name=\"author\" content=\"info@inmocosta.com\" \/>\n<meta name=\"twitter:card\" content=\"summary_large_image\" \/>\n<meta name=\"twitter:label1\" content=\"\u00c9crit par\" \/>\n\t<meta name=\"twitter:data1\" content=\"info@inmocosta.com\" \/>\n<script type=\"application\/ld+json\" class=\"yoast-schema-graph\">{\"@context\":\"https:\/\/schema.org\",\"@graph\":[{\"@type\":\"Article\",\"@id\":\"https:\/\/inmocosta.com\/fr\/calendriers-baix-emporda\/#article\",\"isPartOf\":{\"@id\":\"https:\/\/inmocosta.com\/fr\/calendriers-baix-emporda\/\"},\"author\":{\"name\":\"info@inmocosta.com\",\"@id\":\"https:\/\/inmocosta.com\/fr\/#\/schema\/person\/c1158d0f764ec40f4b366ff7afc7ddd8\"},\"headline\":\"Calendriers Baix Empord\u00e0\",\"datePublished\":\"2017-08-21T16:40:35+00:00\",\"dateModified\":\"2018-06-28T09:11:26+00:00\",\"mainEntityOfPage\":{\"@id\":\"https:\/\/inmocosta.com\/fr\/calendriers-baix-emporda\/\"},\"wordCount\":21,\"publisher\":{\"@id\":\"https:\/\/inmocosta.com\/fr\/#organization\"},\"keywords\":[\"Avez-vous re\u00e7u notre calendrier\",\"boites aux lettres\",\"calendriers\",\"Calendriers Baix Empord\u00e0\",\"embustiada\"],\"articleSection\":[\"alentours\",\"Compra Vivendes\",\"d\u00e9coration\",\"immobili\u00e8re\"],\"inLanguage\":\"fr-FR\"},{\"@type\":\"WebPage\",\"@id\":\"https:\/\/inmocosta.com\/fr\/calendriers-baix-emporda\/\",\"url\":\"https:\/\/inmocosta.com\/fr\/calendriers-baix-emporda\/\",\"name\":\"Calendriers Baix Empord\u00e0\",\"isPartOf\":{\"@id\":\"https:\/\/inmocosta.com\/fr\/#website\"},\"datePublished\":\"2017-08-21T16:40:35+00:00\",\"dateModified\":\"2018-06-28T09:11:26+00:00\",\"description\":\"Avez-vous re\u00e7u notre calendrier dans la bo\u00eete aux lettres? Je suis venu le chercher au bureau\",\"breadcrumb\":{\"@id\":\"https:\/\/inmocosta.com\/fr\/calendriers-baix-emporda\/#breadcrumb\"},\"inLanguage\":\"fr-FR\",\"potentialAction\":[{\"@type\":\"ReadAction\",\"target\":[\"https:\/\/inmocosta.com\/fr\/calendriers-baix-emporda\/\"]}]},{\"@type\":\"BreadcrumbList\",\"@id\":\"https:\/\/inmocosta.com\/fr\/calendriers-baix-emporda\/#breadcrumb\",\"itemListElement\":[{\"@type\":\"ListItem\",\"position\":1,\"name\":\"Home\",\"item\":\"https:\/\/inmocosta.com\/fr\/\"},{\"@type\":\"ListItem\",\"position\":2,\"name\":\"Calendriers Baix Empord\u00e0\"}]},{\"@type\":\"WebSite\",\"@id\":\"https:\/\/inmocosta.com\/fr\/#website\",\"url\":\"https:\/\/inmocosta.com\/fr\/\",\"name\":\"- Inmocosta API l&#039;Estartit\",\"description\":\"Ag\u00e8ncia immobiliaria dedicada exclusivament a la compra venda d\u00b4immobles . L&#039;assessorem en la compra del seu habitatge. Comprar cases, pisos, apartaments.\",\"publisher\":{\"@id\":\"https:\/\/inmocosta.com\/fr\/#organization\"},\"potentialAction\":[{\"@type\":\"SearchAction\",\"target\":{\"@type\":\"EntryPoint\",\"urlTemplate\":\"https:\/\/inmocosta.com\/fr\/?s={search_term_string}\"},\"query-input\":\"required name=search_term_string\"}],\"inLanguage\":\"fr-FR\"},{\"@type\":\"Organization\",\"@id\":\"https:\/\/inmocosta.com\/fr\/#organization\",\"name\":\"Inmocosta API L'Estartit\",\"url\":\"https:\/\/inmocosta.com\/fr\/\",\"logo\":{\"@type\":\"ImageObject\",\"inLanguage\":\"fr-FR\",\"@id\":\"https:\/\/inmocosta.com\/fr\/#\/schema\/logo\/image\/\",\"url\":\"https:\/\/inmocosta.com\/wp-content\/uploads\/2025\/01\/imatge_usuari.png\",\"contentUrl\":\"https:\/\/inmocosta.com\/wp-content\/uploads\/2025\/01\/imatge_usuari.png\",\"width\":500,\"height\":500,\"caption\":\"Inmocosta API L'Estartit\"},\"image\":{\"@id\":\"https:\/\/inmocosta.com\/fr\/#\/schema\/logo\/image\/\"},\"sameAs\":[\"https:\/\/www.facebook.com\/inmocostaapi\/\",\"https:\/\/www.instagram.com\/inmocosta_api\/\",\"https:\/\/www.youtube.com\/channel\/UCidmbkY6BpJG9MA_OQUZgYQ\"]},{\"@type\":\"Person\",\"@id\":\"https:\/\/inmocosta.com\/fr\/#\/schema\/person\/c1158d0f764ec40f4b366ff7afc7ddd8\",\"name\":\"info@inmocosta.com\",\"image\":{\"@type\":\"ImageObject\",\"inLanguage\":\"fr-FR\",\"@id\":\"https:\/\/inmocosta.com\/fr\/#\/schema\/person\/image\/\",\"url\":\"https:\/\/secure.gravatar.com\/avatar\/6fcb462a4ecd1323c01cea6303344762c4ebd0c5a2d8936b060b9188b467a7e9?s=96&d=mm&r=g\",\"contentUrl\":\"https:\/\/secure.gravatar.com\/avatar\/6fcb462a4ecd1323c01cea6303344762c4ebd0c5a2d8936b060b9188b467a7e9?s=96&d=mm&r=g\",\"caption\":\"info@inmocosta.com\"}}]}<\/script>\n<!-- \/ Yoast SEO plugin. -->","yoast_head_json":{"title":"Calendriers Baix Empord\u00e0","description":"Avez-vous re\u00e7u notre calendrier dans la bo\u00eete aux lettres? Je suis venu le chercher au bureau","robots":{"index":"index","follow":"follow","max-snippet":"max-snippet:-1","max-image-preview":"max-image-preview:large","max-video-preview":"max-video-preview:-1"},"canonical":"https:\/\/inmocosta.com\/fr\/calendriers-baix-emporda\/","og_locale":"fr_FR","og_type":"article","og_title":"Calendriers Baix Empord\u00e0","og_description":"Avez-vous re\u00e7u notre calendrier dans la bo\u00eete aux lettres? Je suis venu le chercher au bureau","og_url":"https:\/\/inmocosta.com\/fr\/calendriers-baix-emporda\/","og_site_name":"- Inmocosta API l&#039;Estartit","article_publisher":"https:\/\/www.facebook.com\/inmocostaapi\/","article_published_time":"2017-08-21T16:40:35+00:00","article_modified_time":"2018-06-28T09:11:26+00:00","og_image":[{"width":1024,"height":768,"url":"https:\/\/inmocosta.com\/wp-content\/uploads\/2017\/08\/IMG_5457-1024x768.jpg","type":"image\/jpeg"}],"author":"info@inmocosta.com","twitter_card":"summary_large_image","twitter_misc":{"\u00c9crit par":"info@inmocosta.com"},"schema":{"@context":"https:\/\/schema.org","@graph":[{"@type":"Article","@id":"https:\/\/inmocosta.com\/fr\/calendriers-baix-emporda\/#article","isPartOf":{"@id":"https:\/\/inmocosta.com\/fr\/calendriers-baix-emporda\/"},"author":{"name":"info@inmocosta.com","@id":"https:\/\/inmocosta.com\/fr\/#\/schema\/person\/c1158d0f764ec40f4b366ff7afc7ddd8"},"headline":"Calendriers Baix Empord\u00e0","datePublished":"2017-08-21T16:40:35+00:00","dateModified":"2018-06-28T09:11:26+00:00","mainEntityOfPage":{"@id":"https:\/\/inmocosta.com\/fr\/calendriers-baix-emporda\/"},"wordCount":21,"publisher":{"@id":"https:\/\/inmocosta.com\/fr\/#organization"},"keywords":["Avez-vous re\u00e7u notre calendrier","boites aux lettres","calendriers","Calendriers Baix Empord\u00e0","embustiada"],"articleSection":["alentours","Compra Vivendes","d\u00e9coration","immobili\u00e8re"],"inLanguage":"fr-FR"},{"@type":"WebPage","@id":"https:\/\/inmocosta.com\/fr\/calendriers-baix-emporda\/","url":"https:\/\/inmocosta.com\/fr\/calendriers-baix-emporda\/","name":"Calendriers Baix Empord\u00e0","isPartOf":{"@id":"https:\/\/inmocosta.com\/fr\/#website"},"datePublished":"2017-08-21T16:40:35+00:00","dateModified":"2018-06-28T09:11:26+00:00","description":"Avez-vous re\u00e7u notre calendrier dans la bo\u00eete aux lettres? Je suis venu le chercher au bureau","breadcrumb":{"@id":"https:\/\/inmocosta.com\/fr\/calendriers-baix-emporda\/#breadcrumb"},"inLanguage":"fr-FR","potentialAction":[{"@type":"ReadAction","target":["https:\/\/inmocosta.com\/fr\/calendriers-baix-emporda\/"]}]},{"@type":"BreadcrumbList","@id":"https:\/\/inmocosta.com\/fr\/calendriers-baix-emporda\/#breadcrumb","itemListElement":[{"@type":"ListItem","position":1,"name":"Home","item":"https:\/\/inmocosta.com\/fr\/"},{"@type":"ListItem","position":2,"name":"Calendriers Baix Empord\u00e0"}]},{"@type":"WebSite","@id":"https:\/\/inmocosta.com\/fr\/#website","url":"https:\/\/inmocosta.com\/fr\/","name":"- Inmocosta API l&#039;Estartit","description":"Ag\u00e8ncia immobiliaria dedicada exclusivament a la compra venda d\u00b4immobles . L&#039;assessorem en la compra del seu habitatge. Comprar cases, pisos, apartaments.","publisher":{"@id":"https:\/\/inmocosta.com\/fr\/#organization"},"potentialAction":[{"@type":"SearchAction","target":{"@type":"EntryPoint","urlTemplate":"https:\/\/inmocosta.com\/fr\/?s={search_term_string}"},"query-input":"required name=search_term_string"}],"inLanguage":"fr-FR"},{"@type":"Organization","@id":"https:\/\/inmocosta.com\/fr\/#organization","name":"Inmocosta API L'Estartit","url":"https:\/\/inmocosta.com\/fr\/","logo":{"@type":"ImageObject","inLanguage":"fr-FR","@id":"https:\/\/inmocosta.com\/fr\/#\/schema\/logo\/image\/","url":"https:\/\/inmocosta.com\/wp-content\/uploads\/2025\/01\/imatge_usuari.png","contentUrl":"https:\/\/inmocosta.com\/wp-content\/uploads\/2025\/01\/imatge_usuari.png","width":500,"height":500,"caption":"Inmocosta API L'Estartit"},"image":{"@id":"https:\/\/inmocosta.com\/fr\/#\/schema\/logo\/image\/"},"sameAs":["https:\/\/www.facebook.com\/inmocostaapi\/","https:\/\/www.instagram.com\/inmocosta_api\/","https:\/\/www.youtube.com\/channel\/UCidmbkY6BpJG9MA_OQUZgYQ"]},{"@type":"Person","@id":"https:\/\/inmocosta.com\/fr\/#\/schema\/person\/c1158d0f764ec40f4b366ff7afc7ddd8","name":"info@inmocosta.com","image":{"@type":"ImageObject","inLanguage":"fr-FR","@id":"https:\/\/inmocosta.com\/fr\/#\/schema\/person\/image\/","url":"https:\/\/secure.gravatar.com\/avatar\/6fcb462a4ecd1323c01cea6303344762c4ebd0c5a2d8936b060b9188b467a7e9?s=96&d=mm&r=g","contentUrl":"https:\/\/secure.gravatar.com\/avatar\/6fcb462a4ecd1323c01cea6303344762c4ebd0c5a2d8936b060b9188b467a7e9?s=96&d=mm&r=g","caption":"info@inmocosta.com"}}]}},"_links":{"self":[{"href":"https:\/\/inmocosta.com\/fr\/wp-json\/wp\/v2\/posts\/33206","targetHints":{"allow":["GET"]}}],"collection":[{"href":"https:\/\/inmocosta.com\/fr\/wp-json\/wp\/v2\/posts"}],"about":[{"href":"https:\/\/inmocosta.com\/fr\/wp-json\/wp\/v2\/types\/post"}],"author":[{"embeddable":true,"href":"https:\/\/inmocosta.com\/fr\/wp-json\/wp\/v2\/users\/1"}],"replies":[{"embeddable":true,"href":"https:\/\/inmocosta.com\/fr\/wp-json\/wp\/v2\/comments?post=33206"}],"version-history":[{"count":3,"href":"https:\/\/inmocosta.com\/fr\/wp-json\/wp\/v2\/posts\/33206\/revisions"}],"predecessor-version":[{"id":40485,"href":"https:\/\/inmocosta.com\/fr\/wp-json\/wp\/v2\/posts\/33206\/revisions\/40485"}],"wp:attachment":[{"href":"https:\/\/inmocosta.com\/fr\/wp-json\/wp\/v2\/media?parent=33206"}],"wp:term":[{"taxonomy":"category","embeddable":true,"href":"https:\/\/inmocosta.com\/fr\/wp-json\/wp\/v2\/categories?post=33206"},{"taxonomy":"post_tag","embeddable":true,"href":"https:\/\/inmocosta.com\/fr\/wp-json\/wp\/v2\/tags?post=33206"}],"curies":[{"name":"wp","href":"https:\/\/api.w.org\/{rel}","templated":true}]}}