{"id":33611,"date":"2017-09-04T09:40:19","date_gmt":"2017-09-04T08:40:19","guid":{"rendered":"http:\/\/inmocosta.com\/fira-de-pirates-corsaris-de-les-illes-medes\/"},"modified":"2018-06-28T09:57:54","modified_gmt":"2018-06-28T08:57:54","slug":"pirates-et-corsaires-des-les-illes-medes","status":"publish","type":"post","link":"https:\/\/inmocosta.com\/fr\/pirates-et-corsaires-des-les-illes-medes\/","title":{"rendered":"Pirates et Corsaires des les Illes Medes"},"content":{"rendered":"<h1 class=\"row\" style=\"text-align: center;\">Pirates et Corsaires des les Illes Medes<\/h1>\n<div class=\"row\">\n<div class=\"columns small-12\">\n<div class=\"descripcio\">\n<div class=\"row\">\n<div class=\"columns medium-5 small-12\"><a href=\"http:\/\/www.agendatorroella.com\/pujades\/files\/PROGRAMA_PIRATES_2016.pdf\"><img decoding=\"async\" class=\"alignleft\" src=\"http:\/\/www.agendatorroella.com\/pujades\/images\/Fira_Pirates_Corsaris.jpg\" \/><\/a>Les Medes ont \u00e9t\u00e9, depuis le 16\u00e8me si\u00e8cle, un refuge pour les pirates et les corsaires, puisqu&rsquo;ils pr\u00e9paraient des attaques sur le continent. Pour faire m\u00e9moire de ces temps, les Estartens et les visiteurs appr\u00e9cient un festival plein de spectacles et d&rsquo;activit\u00e9s pour les enfants et les adultes. La foire est c\u00e9l\u00e9br\u00e9e le troisi\u00e8me week-end de septembre et les rues du centre sont remplies de stands de produits traditionnels et artisanaux. Il y a des animations destin\u00e9es aux enfants, des d\u00e9fil\u00e9s dans les rues de la municipalit\u00e9, des spectacles de pirates, des d\u00e9barquements de corsaires, des ateliers pour enfants, des visites guid\u00e9es d&rsquo;expositions, entre autres.<\/div>\n<div class=\"columns medium-7 small-12\">\n<p>Edition: 13\u00e8me \u00e9dition<br \/>\nFr\u00e9quence: Annuelle<br \/>\nDates: du 22 au 24 septembre 2017<br \/>\nHoraires: de 10 heures du matin \u00e0 8 heures du soir<br \/>\nLieu: rues de l&rsquo;Estartit<br \/>\nSecteurs: commercial, dynamisme des enfants<br \/>\nOrganis\u00e9 par: Estaci\u00f3 N\u00e0utica Estartit &#8211; Illes Medes, avec la collaboration de la Mairie de Torroella de Montgr\u00ed et de l&rsquo;EMD de l&rsquo;Estartit.<br \/>\nLocalisation Gps: lat: 42,00114050 &#8211; lont: 2,333558444<\/p>\n<\/div>\n<\/div>\n<\/div>\n<\/div>\n<\/div>\n","protected":false},"excerpt":{"rendered":"<p>Pirates et Corsaires des les Illes Medes Les Medes ont \u00e9t\u00e9, depuis le 16\u00e8me si\u00e8cle, un refuge pour les pirates et les corsaires, puisqu&rsquo;ils pr\u00e9paraient des attaques sur le continent. Pour faire m\u00e9moire de ces temps, les Estartens et les visiteurs appr\u00e9cient un festival plein de spectacles et d&rsquo;activit\u00e9s pour les enfants et les adultes. La foire est c\u00e9l\u00e9br\u00e9e le troisi\u00e8me week-end de septembre &#8230;<\/p>\n","protected":false},"author":1,"featured_media":33661,"comment_status":"closed","ping_status":"closed","sticky":false,"template":"","format":"standard","meta":{"footnotes":""},"categories":[308,424],"tags":[852,1036,1034,820,496,828,1035,814,825,819,826,1037],"class_list":["post-33611","post","type-post","status-publish","format-standard","has-post-thumbnail","hentry","category-alentours","category-compra-vivendes-fr","tag-activites","tag-animations","tag-commemorations","tag-corsaires","tag-corsaris-estartit-fr","tag-evenement","tag-expos","tag-iles-medes","tag-marche","tag-pirates","tag-spectacles","tag-tous-ages"],"yoast_head":"<!-- This site is optimized with the Yoast SEO plugin v21.8 - https:\/\/yoast.com\/wordpress\/plugins\/seo\/ -->\n<title>Pirates et Corsaires des les Illes Medes<\/title>\n<meta name=\"description\" content=\"Les Medes ont \u00e9t\u00e9, depuis le 16\u00e8me si\u00e8cle, un refuge pour les pirates et les corsaires, puisqu&#039;ils pr\u00e9paraient des attaques sur le continent. Pour faire m\u00e9moire de ces temps, les Estartens et les visiteurs appr\u00e9cient un festival plein de spectacles et d&#039;activit\u00e9s pour les enfants et les adultes.\" \/>\n<meta name=\"robots\" content=\"index, follow, max-snippet:-1, max-image-preview:large, max-video-preview:-1\" \/>\n<link rel=\"canonical\" href=\"https:\/\/inmocosta.com\/fr\/pirates-et-corsaires-des-les-illes-medes\/\" \/>\n<meta property=\"og:locale\" content=\"fr_FR\" \/>\n<meta property=\"og:type\" content=\"article\" \/>\n<meta property=\"og:title\" content=\"Pirates et Corsaires des les Illes Medes\" \/>\n<meta property=\"og:description\" content=\"Les Medes ont \u00e9t\u00e9, depuis le 16\u00e8me si\u00e8cle, un refuge pour les pirates et les corsaires, puisqu&#039;ils pr\u00e9paraient des attaques sur le continent. Pour faire m\u00e9moire de ces temps, les Estartens et les visiteurs appr\u00e9cient un festival plein de spectacles et d&#039;activit\u00e9s pour les enfants et les adultes.\" \/>\n<meta property=\"og:url\" content=\"https:\/\/inmocosta.com\/fr\/pirates-et-corsaires-des-les-illes-medes\/\" \/>\n<meta property=\"og:site_name\" content=\"- Inmocosta API l&#039;Estartit\" \/>\n<meta property=\"article:publisher\" content=\"https:\/\/www.facebook.com\/inmocostaapi\/\" \/>\n<meta property=\"article:published_time\" content=\"2017-09-04T08:40:19+00:00\" \/>\n<meta property=\"article:modified_time\" content=\"2018-06-28T08:57:54+00:00\" \/>\n<meta property=\"og:image\" content=\"https:\/\/inmocosta.com\/wp-content\/uploads\/2017\/09\/IMG_5666.jpg\" \/>\n\t<meta property=\"og:image:width\" content=\"768\" \/>\n\t<meta property=\"og:image:height\" content=\"1024\" \/>\n\t<meta property=\"og:image:type\" content=\"image\/jpeg\" \/>\n<meta name=\"author\" content=\"info@inmocosta.com\" \/>\n<meta name=\"twitter:card\" content=\"summary_large_image\" \/>\n<meta name=\"twitter:label1\" content=\"\u00c9crit par\" \/>\n\t<meta name=\"twitter:data1\" content=\"info@inmocosta.com\" \/>\n\t<meta name=\"twitter:label2\" content=\"Dur\u00e9e de lecture estim\u00e9e\" \/>\n\t<meta name=\"twitter:data2\" content=\"1 minute\" \/>\n<script type=\"application\/ld+json\" class=\"yoast-schema-graph\">{\"@context\":\"https:\/\/schema.org\",\"@graph\":[{\"@type\":\"Article\",\"@id\":\"https:\/\/inmocosta.com\/fr\/pirates-et-corsaires-des-les-illes-medes\/#article\",\"isPartOf\":{\"@id\":\"https:\/\/inmocosta.com\/fr\/pirates-et-corsaires-des-les-illes-medes\/\"},\"author\":{\"name\":\"info@inmocosta.com\",\"@id\":\"https:\/\/inmocosta.com\/fr\/#\/schema\/person\/c1158d0f764ec40f4b366ff7afc7ddd8\"},\"headline\":\"Pirates et Corsaires des les Illes Medes\",\"datePublished\":\"2017-09-04T08:40:19+00:00\",\"dateModified\":\"2018-06-28T08:57:54+00:00\",\"mainEntityOfPage\":{\"@id\":\"https:\/\/inmocosta.com\/fr\/pirates-et-corsaires-des-les-illes-medes\/\"},\"wordCount\":195,\"publisher\":{\"@id\":\"https:\/\/inmocosta.com\/fr\/#organization\"},\"keywords\":[\"activit\u00e9s\",\"animations\",\"comm\u00e9morations\",\"corsaires\",\"Corsaris Estartit\",\"\u00e9v\u00e8nement\",\"expos\",\"iles medes\",\"march\u00e9\",\"pirates\",\"spectacles\",\"tous ages\"],\"articleSection\":[\"alentours\",\"Compra Vivendes\"],\"inLanguage\":\"fr-FR\"},{\"@type\":\"WebPage\",\"@id\":\"https:\/\/inmocosta.com\/fr\/pirates-et-corsaires-des-les-illes-medes\/\",\"url\":\"https:\/\/inmocosta.com\/fr\/pirates-et-corsaires-des-les-illes-medes\/\",\"name\":\"Pirates et Corsaires des les Illes Medes\",\"isPartOf\":{\"@id\":\"https:\/\/inmocosta.com\/fr\/#website\"},\"datePublished\":\"2017-09-04T08:40:19+00:00\",\"dateModified\":\"2018-06-28T08:57:54+00:00\",\"description\":\"Les Medes ont \u00e9t\u00e9, depuis le 16\u00e8me si\u00e8cle, un refuge pour les pirates et les corsaires, puisqu'ils pr\u00e9paraient des attaques sur le continent. Pour faire m\u00e9moire de ces temps, les Estartens et les visiteurs appr\u00e9cient un festival plein de spectacles et d'activit\u00e9s pour les enfants et les adultes.\",\"breadcrumb\":{\"@id\":\"https:\/\/inmocosta.com\/fr\/pirates-et-corsaires-des-les-illes-medes\/#breadcrumb\"},\"inLanguage\":\"fr-FR\",\"potentialAction\":[{\"@type\":\"ReadAction\",\"target\":[\"https:\/\/inmocosta.com\/fr\/pirates-et-corsaires-des-les-illes-medes\/\"]}]},{\"@type\":\"BreadcrumbList\",\"@id\":\"https:\/\/inmocosta.com\/fr\/pirates-et-corsaires-des-les-illes-medes\/#breadcrumb\",\"itemListElement\":[{\"@type\":\"ListItem\",\"position\":1,\"name\":\"Home\",\"item\":\"https:\/\/inmocosta.com\/fr\/\"},{\"@type\":\"ListItem\",\"position\":2,\"name\":\"Pirates et Corsaires des les Illes Medes\"}]},{\"@type\":\"WebSite\",\"@id\":\"https:\/\/inmocosta.com\/fr\/#website\",\"url\":\"https:\/\/inmocosta.com\/fr\/\",\"name\":\"- Inmocosta API l&#039;Estartit\",\"description\":\"Ag\u00e8ncia immobiliaria dedicada exclusivament a la compra venda d\u00b4immobles . L&#039;assessorem en la compra del seu habitatge. Comprar cases, pisos, apartaments.\",\"publisher\":{\"@id\":\"https:\/\/inmocosta.com\/fr\/#organization\"},\"potentialAction\":[{\"@type\":\"SearchAction\",\"target\":{\"@type\":\"EntryPoint\",\"urlTemplate\":\"https:\/\/inmocosta.com\/fr\/?s={search_term_string}\"},\"query-input\":\"required name=search_term_string\"}],\"inLanguage\":\"fr-FR\"},{\"@type\":\"Organization\",\"@id\":\"https:\/\/inmocosta.com\/fr\/#organization\",\"name\":\"Inmocosta API L'Estartit\",\"url\":\"https:\/\/inmocosta.com\/fr\/\",\"logo\":{\"@type\":\"ImageObject\",\"inLanguage\":\"fr-FR\",\"@id\":\"https:\/\/inmocosta.com\/fr\/#\/schema\/logo\/image\/\",\"url\":\"https:\/\/inmocosta.com\/wp-content\/uploads\/2025\/01\/imatge_usuari.png\",\"contentUrl\":\"https:\/\/inmocosta.com\/wp-content\/uploads\/2025\/01\/imatge_usuari.png\",\"width\":500,\"height\":500,\"caption\":\"Inmocosta API L'Estartit\"},\"image\":{\"@id\":\"https:\/\/inmocosta.com\/fr\/#\/schema\/logo\/image\/\"},\"sameAs\":[\"https:\/\/www.facebook.com\/inmocostaapi\/\",\"https:\/\/www.instagram.com\/inmocosta_api\/\",\"https:\/\/www.youtube.com\/channel\/UCidmbkY6BpJG9MA_OQUZgYQ\"]},{\"@type\":\"Person\",\"@id\":\"https:\/\/inmocosta.com\/fr\/#\/schema\/person\/c1158d0f764ec40f4b366ff7afc7ddd8\",\"name\":\"info@inmocosta.com\",\"image\":{\"@type\":\"ImageObject\",\"inLanguage\":\"fr-FR\",\"@id\":\"https:\/\/inmocosta.com\/fr\/#\/schema\/person\/image\/\",\"url\":\"https:\/\/secure.gravatar.com\/avatar\/6fcb462a4ecd1323c01cea6303344762c4ebd0c5a2d8936b060b9188b467a7e9?s=96&d=mm&r=g\",\"contentUrl\":\"https:\/\/secure.gravatar.com\/avatar\/6fcb462a4ecd1323c01cea6303344762c4ebd0c5a2d8936b060b9188b467a7e9?s=96&d=mm&r=g\",\"caption\":\"info@inmocosta.com\"}}]}<\/script>\n<!-- \/ Yoast SEO plugin. -->","yoast_head_json":{"title":"Pirates et Corsaires des les Illes Medes","description":"Les Medes ont \u00e9t\u00e9, depuis le 16\u00e8me si\u00e8cle, un refuge pour les pirates et les corsaires, puisqu'ils pr\u00e9paraient des attaques sur le continent. Pour faire m\u00e9moire de ces temps, les Estartens et les visiteurs appr\u00e9cient un festival plein de spectacles et d'activit\u00e9s pour les enfants et les adultes.","robots":{"index":"index","follow":"follow","max-snippet":"max-snippet:-1","max-image-preview":"max-image-preview:large","max-video-preview":"max-video-preview:-1"},"canonical":"https:\/\/inmocosta.com\/fr\/pirates-et-corsaires-des-les-illes-medes\/","og_locale":"fr_FR","og_type":"article","og_title":"Pirates et Corsaires des les Illes Medes","og_description":"Les Medes ont \u00e9t\u00e9, depuis le 16\u00e8me si\u00e8cle, un refuge pour les pirates et les corsaires, puisqu'ils pr\u00e9paraient des attaques sur le continent. Pour faire m\u00e9moire de ces temps, les Estartens et les visiteurs appr\u00e9cient un festival plein de spectacles et d'activit\u00e9s pour les enfants et les adultes.","og_url":"https:\/\/inmocosta.com\/fr\/pirates-et-corsaires-des-les-illes-medes\/","og_site_name":"- Inmocosta API l&#039;Estartit","article_publisher":"https:\/\/www.facebook.com\/inmocostaapi\/","article_published_time":"2017-09-04T08:40:19+00:00","article_modified_time":"2018-06-28T08:57:54+00:00","og_image":[{"width":768,"height":1024,"url":"https:\/\/inmocosta.com\/wp-content\/uploads\/2017\/09\/IMG_5666.jpg","type":"image\/jpeg"}],"author":"info@inmocosta.com","twitter_card":"summary_large_image","twitter_misc":{"\u00c9crit par":"info@inmocosta.com","Dur\u00e9e de lecture estim\u00e9e":"1 minute"},"schema":{"@context":"https:\/\/schema.org","@graph":[{"@type":"Article","@id":"https:\/\/inmocosta.com\/fr\/pirates-et-corsaires-des-les-illes-medes\/#article","isPartOf":{"@id":"https:\/\/inmocosta.com\/fr\/pirates-et-corsaires-des-les-illes-medes\/"},"author":{"name":"info@inmocosta.com","@id":"https:\/\/inmocosta.com\/fr\/#\/schema\/person\/c1158d0f764ec40f4b366ff7afc7ddd8"},"headline":"Pirates et Corsaires des les Illes Medes","datePublished":"2017-09-04T08:40:19+00:00","dateModified":"2018-06-28T08:57:54+00:00","mainEntityOfPage":{"@id":"https:\/\/inmocosta.com\/fr\/pirates-et-corsaires-des-les-illes-medes\/"},"wordCount":195,"publisher":{"@id":"https:\/\/inmocosta.com\/fr\/#organization"},"keywords":["activit\u00e9s","animations","comm\u00e9morations","corsaires","Corsaris Estartit","\u00e9v\u00e8nement","expos","iles medes","march\u00e9","pirates","spectacles","tous ages"],"articleSection":["alentours","Compra Vivendes"],"inLanguage":"fr-FR"},{"@type":"WebPage","@id":"https:\/\/inmocosta.com\/fr\/pirates-et-corsaires-des-les-illes-medes\/","url":"https:\/\/inmocosta.com\/fr\/pirates-et-corsaires-des-les-illes-medes\/","name":"Pirates et Corsaires des les Illes Medes","isPartOf":{"@id":"https:\/\/inmocosta.com\/fr\/#website"},"datePublished":"2017-09-04T08:40:19+00:00","dateModified":"2018-06-28T08:57:54+00:00","description":"Les Medes ont \u00e9t\u00e9, depuis le 16\u00e8me si\u00e8cle, un refuge pour les pirates et les corsaires, puisqu'ils pr\u00e9paraient des attaques sur le continent. Pour faire m\u00e9moire de ces temps, les Estartens et les visiteurs appr\u00e9cient un festival plein de spectacles et d'activit\u00e9s pour les enfants et les adultes.","breadcrumb":{"@id":"https:\/\/inmocosta.com\/fr\/pirates-et-corsaires-des-les-illes-medes\/#breadcrumb"},"inLanguage":"fr-FR","potentialAction":[{"@type":"ReadAction","target":["https:\/\/inmocosta.com\/fr\/pirates-et-corsaires-des-les-illes-medes\/"]}]},{"@type":"BreadcrumbList","@id":"https:\/\/inmocosta.com\/fr\/pirates-et-corsaires-des-les-illes-medes\/#breadcrumb","itemListElement":[{"@type":"ListItem","position":1,"name":"Home","item":"https:\/\/inmocosta.com\/fr\/"},{"@type":"ListItem","position":2,"name":"Pirates et Corsaires des les Illes Medes"}]},{"@type":"WebSite","@id":"https:\/\/inmocosta.com\/fr\/#website","url":"https:\/\/inmocosta.com\/fr\/","name":"- Inmocosta API l&#039;Estartit","description":"Ag\u00e8ncia immobiliaria dedicada exclusivament a la compra venda d\u00b4immobles . L&#039;assessorem en la compra del seu habitatge. Comprar cases, pisos, apartaments.","publisher":{"@id":"https:\/\/inmocosta.com\/fr\/#organization"},"potentialAction":[{"@type":"SearchAction","target":{"@type":"EntryPoint","urlTemplate":"https:\/\/inmocosta.com\/fr\/?s={search_term_string}"},"query-input":"required name=search_term_string"}],"inLanguage":"fr-FR"},{"@type":"Organization","@id":"https:\/\/inmocosta.com\/fr\/#organization","name":"Inmocosta API L'Estartit","url":"https:\/\/inmocosta.com\/fr\/","logo":{"@type":"ImageObject","inLanguage":"fr-FR","@id":"https:\/\/inmocosta.com\/fr\/#\/schema\/logo\/image\/","url":"https:\/\/inmocosta.com\/wp-content\/uploads\/2025\/01\/imatge_usuari.png","contentUrl":"https:\/\/inmocosta.com\/wp-content\/uploads\/2025\/01\/imatge_usuari.png","width":500,"height":500,"caption":"Inmocosta API L'Estartit"},"image":{"@id":"https:\/\/inmocosta.com\/fr\/#\/schema\/logo\/image\/"},"sameAs":["https:\/\/www.facebook.com\/inmocostaapi\/","https:\/\/www.instagram.com\/inmocosta_api\/","https:\/\/www.youtube.com\/channel\/UCidmbkY6BpJG9MA_OQUZgYQ"]},{"@type":"Person","@id":"https:\/\/inmocosta.com\/fr\/#\/schema\/person\/c1158d0f764ec40f4b366ff7afc7ddd8","name":"info@inmocosta.com","image":{"@type":"ImageObject","inLanguage":"fr-FR","@id":"https:\/\/inmocosta.com\/fr\/#\/schema\/person\/image\/","url":"https:\/\/secure.gravatar.com\/avatar\/6fcb462a4ecd1323c01cea6303344762c4ebd0c5a2d8936b060b9188b467a7e9?s=96&d=mm&r=g","contentUrl":"https:\/\/secure.gravatar.com\/avatar\/6fcb462a4ecd1323c01cea6303344762c4ebd0c5a2d8936b060b9188b467a7e9?s=96&d=mm&r=g","caption":"info@inmocosta.com"}}]}},"_links":{"self":[{"href":"https:\/\/inmocosta.com\/fr\/wp-json\/wp\/v2\/posts\/33611","targetHints":{"allow":["GET"]}}],"collection":[{"href":"https:\/\/inmocosta.com\/fr\/wp-json\/wp\/v2\/posts"}],"about":[{"href":"https:\/\/inmocosta.com\/fr\/wp-json\/wp\/v2\/types\/post"}],"author":[{"embeddable":true,"href":"https:\/\/inmocosta.com\/fr\/wp-json\/wp\/v2\/users\/1"}],"replies":[{"embeddable":true,"href":"https:\/\/inmocosta.com\/fr\/wp-json\/wp\/v2\/comments?post=33611"}],"version-history":[{"count":3,"href":"https:\/\/inmocosta.com\/fr\/wp-json\/wp\/v2\/posts\/33611\/revisions"}],"predecessor-version":[{"id":40480,"href":"https:\/\/inmocosta.com\/fr\/wp-json\/wp\/v2\/posts\/33611\/revisions\/40480"}],"wp:featuredmedia":[{"embeddable":true,"href":"https:\/\/inmocosta.com\/fr\/wp-json\/wp\/v2\/media\/33661"}],"wp:attachment":[{"href":"https:\/\/inmocosta.com\/fr\/wp-json\/wp\/v2\/media?parent=33611"}],"wp:term":[{"taxonomy":"category","embeddable":true,"href":"https:\/\/inmocosta.com\/fr\/wp-json\/wp\/v2\/categories?post=33611"},{"taxonomy":"post_tag","embeddable":true,"href":"https:\/\/inmocosta.com\/fr\/wp-json\/wp\/v2\/tags?post=33611"}],"curies":[{"name":"wp","href":"https:\/\/api.w.org\/{rel}","templated":true}]}}