{"id":36158,"date":"2018-01-29T17:48:14","date_gmt":"2018-01-29T16:48:14","guid":{"rendered":"http:\/\/inmocosta.com\/tendencies-disseny-en-decoracio-per-2018\/"},"modified":"2018-06-28T08:54:50","modified_gmt":"2018-06-28T07:54:50","slug":"tendances-et-design-en-decoration-pour-2018","status":"publish","type":"post","link":"https:\/\/inmocosta.com\/fr\/tendances-et-design-en-decoration-pour-2018\/","title":{"rendered":"Tendances et design en d\u00e9coration pour 2018"},"content":{"rendered":"<p>En g\u00e9n\u00e9ral, la maison est perceptive, plus que d&rsquo;un refuge face \u00e0 un ext\u00e9rieur stressant et instable. Le suavitat dans les mat\u00e9riaux, avec le vellut al capdavant, la cl\u00f4ture d&rsquo;entiers naturels et d&rsquo;espais sur feutre-\u00eatre certains d&rsquo;entre eux en 2018.<\/p>\n<div id=\"attachment_36152\" style=\"width: 700px\" class=\"wp-caption alignnone\"><a href=\"http:\/\/inmocosta.com\/wp-content\/uploads\/2018\/01\/tendencies1.jpg\"><img fetchpriority=\"high\" decoding=\"async\" aria-describedby=\"caption-attachment-36152\" class=\"size-large wp-image-36152\" src=\"http:\/\/inmocosta.com\/wp-content\/uploads\/2018\/01\/tendencies1.jpg\" alt=\"\" width=\"690\" height=\"390\" \/><\/a><p id=\"caption-attachment-36152\" class=\"wp-caption-text\">Interior of modern kitchen. 3d render. Photo behind the window was made by me.<\/p><\/div>\n<p>&nbsp;<\/p>\n<p>C&rsquo;est ce qu&rsquo;on appelle le JoMO (Joy of Missing Out), un pas au-del\u00e0 du Hygge qui a triomph\u00e9 en 2017. Donc, en g\u00e9n\u00e9ral, les formes deviennent courbes et plus enveloppantes, les dimensions des pi\u00e8ces cl\u00e9s, comme les canap\u00e9s, ils grandissent: tout pour faire de la maison un espace \u00e0 partir duquel fuir le bruit et le stress. Ce sont les tendances et le design en d\u00e9coration pour 2018, selon Houzz.es.<\/p>\n<p>&nbsp;<\/p>\n<h2>Une salle<\/h2>\n<p>La premi\u00e8re tendance remarquable, selon Houzz.es, est l&rsquo;int\u00e9r\u00eat pour les espaces tr\u00e8s aseptiques, avec des lignes simples et droites, o\u00f9 le point chaud est mis par des mat\u00e9riaux naturels comme le bois. Le blanc et le gris sont les deux couleurs utilis\u00e9es pour fa\u00e7onner les espaces neutres et, dans de nombreux cas, sont accompagn\u00e9es des derniers d\u00e9veloppements en mati\u00e8re de domotique.<\/p>\n<p>En tout cas, il y a un certain int\u00e9r\u00eat \u00e0 faire de la salle de bain un lieu de caract\u00e8re, \u00e0 mi-chemin entre naturel et romantique. Le papier peint avec de grands motifs v\u00e9g\u00e9taux, de grandes feuilles de monstera, des bananes ou des motifs plus complexes est l&rsquo;une des tendances les plus \u00e9videntes. En outre, la finition dor\u00e9e atteint des accessoires tels que des miroirs ou des robinets.<\/p>\n<p>&nbsp;<\/p>\n<h2>Cuisine<\/h2>\n<p>Le &lsquo;Total White&rsquo; est termin\u00e9. De plus en plus, nous voyons des options telles que les grandes armoires blanches et les meubles bas en gris, par exemple: une combinaison qui agrandit visuellement les cuisines. En outre, de nouvelles couleurs sont introduites, comme le bleu marine. Le noir et le gris sont tendance. Aussi l&rsquo;utilisation de mat\u00e9riaux qui contribuent \u00e0 la cuisine un aspect v\u00e9cu, voir des imitations de ciment, aussi d&rsquo;acier oxyd\u00e9, de pierres naturelles.<\/p>\n<p>Quant \u00e0 l&rsquo;espace, la simplicit\u00e9 pr\u00e9vaut. L&rsquo;espace de stockage est r\u00e9duit au minimum. En ce sens, les cuisines d\u00e9barrass\u00e9es, sans meubles frontaux, gagnent des adeptes. De l&rsquo;espace est lib\u00e9r\u00e9 sur l&rsquo;eau et la zone de pr\u00e9paration afin d&rsquo;obtenir une meilleure int\u00e9gration visuelle dans la zone jour. Les tapis de vinyle conqui\u00e8rent \u00e9galement la cuisine.<\/p>\n<h3>tend\u00e8ncies 2018<\/h3>\n<div id=\"attachment_36148\" style=\"width: 700px\" class=\"wp-caption alignnone\"><a href=\"http:\/\/inmocosta.com\/wp-content\/uploads\/2018\/01\/tendencies2.jpg\"><img decoding=\"async\" aria-describedby=\"caption-attachment-36148\" class=\"size-full wp-image-36148\" src=\"http:\/\/inmocosta.com\/wp-content\/uploads\/2018\/01\/tendencies2.jpg\" alt=\"\" width=\"690\" height=\"536\" \/><\/a><p id=\"caption-attachment-36148\" class=\"wp-caption-text\">Vintage classic elegant living room with grey velvet sofa, side tables and a vase with pink flowers<\/p><\/div>\n<p>&nbsp;<\/p>\n<p>Font :<\/p>\n<div id=\"attachment_35257\" style=\"width: 448px\" class=\"wp-caption alignnone\"><a href=\"http:\/\/inmocosta.com\/wp-content\/uploads\/2017\/11\/Fotocasa-Academy-Girona-Sergi-Marcos.jpg\"><img decoding=\"async\" aria-describedby=\"caption-attachment-35257\" class=\"size-full wp-image-35257\" src=\"http:\/\/inmocosta.com\/wp-content\/uploads\/2017\/11\/Fotocasa-Academy-Girona-Sergi-Marcos.jpg\" alt=\"Fotocasa Academy Girona Sergi Marcos\" width=\"438\" height=\"167\" \/><\/a><p id=\"caption-attachment-35257\" class=\"wp-caption-text\">Fotocasa Academy Girona Sergi Marcos<\/p><\/div>\n","protected":false},"excerpt":{"rendered":"<p>En g\u00e9n\u00e9ral, la maison est perceptive, plus que d&rsquo;un refuge face \u00e0 un ext\u00e9rieur stressant et instable. Le suavitat dans les mat\u00e9riaux, avec le vellut al capdavant, la cl\u00f4ture d&rsquo;entiers naturels et d&rsquo;espais sur feutre-\u00eatre certains d&rsquo;entre eux en 2018. &nbsp; C&rsquo;est ce qu&rsquo;on appelle le JoMO (Joy of Missing Out), un pas au-del\u00e0 du Hygge qui a triomph\u00e9 en 2017. Donc, en g\u00e9n\u00e9ral, &#8230;<\/p>\n","protected":false},"author":1,"featured_media":0,"comment_status":"closed","ping_status":"open","sticky":false,"template":"","format":"standard","meta":{"footnotes":""},"categories":[308,312,424,306,318,303,319],"tags":[638,958,949,639,945,656,352,657,957,959,950,948,947,955,954,953,952,956,960,951,944,658,946],"class_list":["post-36158","post","type-post","status-publish","format-standard","hentry","category-alentours","category-api-fr","category-compra-vivendes-fr","category-decoration-fr","category-immobiliere","category-occasion","category-ventes","tag-bany-fr","tag-complexe","tag-courbes","tag-cuina-fr","tag-cuisine","tag-decoracio-fr","tag-design","tag-disseny-fr","tag-evolution","tag-finitions","tag-fins","tag-formes","tag-jomo","tag-mode","tag-motif","tag-papier-peint","tag-raffine","tag-renouveaux","tag-salle","tag-style","tag-tendances","tag-tendencies-fr","tag-total-white"],"yoast_head":"<!-- This site is optimized with the Yoast SEO plugin v21.8 - https:\/\/yoast.com\/wordpress\/plugins\/seo\/ -->\n<title>Tendances et design en d\u00e9coration pour 2018 Fotocasa Inmocosta API<\/title>\n<meta name=\"description\" content=\"En general, la casa es percep avui, m\u00e9s que mai, com un refugi enfront d&#039;un exterior estresante i inestable. La suavitat en els materials, amb el vellut al capdavant, la cerca d&#039;acabats naturals i d&#039;espais on sentir-se b\u00e9 s\u00f3n algunes de les claus pel 2018.\" \/>\n<meta name=\"robots\" content=\"index, follow, max-snippet:-1, max-image-preview:large, max-video-preview:-1\" \/>\n<link rel=\"canonical\" href=\"https:\/\/inmocosta.com\/fr\/tendances-et-design-en-decoration-pour-2018\/\" \/>\n<meta property=\"og:locale\" content=\"fr_FR\" \/>\n<meta property=\"og:type\" content=\"article\" \/>\n<meta property=\"og:title\" content=\"Tendances et design en d\u00e9coration pour 2018 Fotocasa Inmocosta API\" \/>\n<meta property=\"og:description\" content=\"En general, la casa es percep avui, m\u00e9s que mai, com un refugi enfront d&#039;un exterior estresante i inestable. La suavitat en els materials, amb el vellut al capdavant, la cerca d&#039;acabats naturals i d&#039;espais on sentir-se b\u00e9 s\u00f3n algunes de les claus pel 2018.\" \/>\n<meta property=\"og:url\" content=\"https:\/\/inmocosta.com\/fr\/tendances-et-design-en-decoration-pour-2018\/\" \/>\n<meta property=\"og:site_name\" content=\"- Inmocosta API l&#039;Estartit\" \/>\n<meta property=\"article:publisher\" content=\"https:\/\/www.facebook.com\/inmocostaapi\/\" \/>\n<meta property=\"article:published_time\" content=\"2018-01-29T16:48:14+00:00\" \/>\n<meta property=\"article:modified_time\" content=\"2018-06-28T07:54:50+00:00\" \/>\n<meta property=\"og:image\" content=\"https:\/\/inmocosta.com\/wp-content\/uploads\/2021\/03\/IMG-9022.jpg\" \/>\n\t<meta property=\"og:image:width\" content=\"450\" \/>\n\t<meta property=\"og:image:height\" content=\"600\" \/>\n\t<meta property=\"og:image:type\" content=\"image\/jpeg\" \/>\n<meta name=\"author\" content=\"info@inmocosta.com\" \/>\n<meta name=\"twitter:card\" content=\"summary_large_image\" \/>\n<meta name=\"twitter:label1\" content=\"\u00c9crit par\" \/>\n\t<meta name=\"twitter:data1\" content=\"info@inmocosta.com\" \/>\n\t<meta name=\"twitter:label2\" content=\"Dur\u00e9e de lecture estim\u00e9e\" \/>\n\t<meta name=\"twitter:data2\" content=\"2 minutes\" \/>\n<script type=\"application\/ld+json\" class=\"yoast-schema-graph\">{\"@context\":\"https:\/\/schema.org\",\"@graph\":[{\"@type\":\"Article\",\"@id\":\"https:\/\/inmocosta.com\/fr\/tendances-et-design-en-decoration-pour-2018\/#article\",\"isPartOf\":{\"@id\":\"https:\/\/inmocosta.com\/fr\/tendances-et-design-en-decoration-pour-2018\/\"},\"author\":{\"name\":\"info@inmocosta.com\",\"@id\":\"https:\/\/inmocosta.com\/fr\/#\/schema\/person\/c1158d0f764ec40f4b366ff7afc7ddd8\"},\"headline\":\"Tendances et design en d\u00e9coration pour 2018\",\"datePublished\":\"2018-01-29T16:48:14+00:00\",\"dateModified\":\"2018-06-28T07:54:50+00:00\",\"mainEntityOfPage\":{\"@id\":\"https:\/\/inmocosta.com\/fr\/tendances-et-design-en-decoration-pour-2018\/\"},\"wordCount\":488,\"publisher\":{\"@id\":\"https:\/\/inmocosta.com\/fr\/#organization\"},\"keywords\":[\"bany\",\"complexe\",\"courbes\",\"cuina\",\"cuisine\",\"decoraci\u00f3\",\"design\",\"disseny\",\"\u00e9volution\",\"finitions\",\"fins\",\"formes\",\"JoMO\",\"mode\",\"motif\",\"papier peint\",\"raffin\u00e9\",\"renouveaux\",\"salle\",\"style\",\"tendances\",\"tend\u00e8ncies\",\"Total White\"],\"articleSection\":[\"alentours\",\"API\",\"Compra Vivendes\",\"d\u00e9coration\",\"immobili\u00e8re\",\"occasion\",\"ventes\"],\"inLanguage\":\"fr-FR\"},{\"@type\":\"WebPage\",\"@id\":\"https:\/\/inmocosta.com\/fr\/tendances-et-design-en-decoration-pour-2018\/\",\"url\":\"https:\/\/inmocosta.com\/fr\/tendances-et-design-en-decoration-pour-2018\/\",\"name\":\"Tendances et design en d\u00e9coration pour 2018 Fotocasa Inmocosta API\",\"isPartOf\":{\"@id\":\"https:\/\/inmocosta.com\/fr\/#website\"},\"datePublished\":\"2018-01-29T16:48:14+00:00\",\"dateModified\":\"2018-06-28T07:54:50+00:00\",\"description\":\"En general, la casa es percep avui, m\u00e9s que mai, com un refugi enfront d'un exterior estresante i inestable. La suavitat en els materials, amb el vellut al capdavant, la cerca d'acabats naturals i d'espais on sentir-se b\u00e9 s\u00f3n algunes de les claus pel 2018.\",\"breadcrumb\":{\"@id\":\"https:\/\/inmocosta.com\/fr\/tendances-et-design-en-decoration-pour-2018\/#breadcrumb\"},\"inLanguage\":\"fr-FR\",\"potentialAction\":[{\"@type\":\"ReadAction\",\"target\":[\"https:\/\/inmocosta.com\/fr\/tendances-et-design-en-decoration-pour-2018\/\"]}]},{\"@type\":\"BreadcrumbList\",\"@id\":\"https:\/\/inmocosta.com\/fr\/tendances-et-design-en-decoration-pour-2018\/#breadcrumb\",\"itemListElement\":[{\"@type\":\"ListItem\",\"position\":1,\"name\":\"Home\",\"item\":\"https:\/\/inmocosta.com\/fr\/\"},{\"@type\":\"ListItem\",\"position\":2,\"name\":\"Tendances et design en d\u00e9coration pour 2018\"}]},{\"@type\":\"WebSite\",\"@id\":\"https:\/\/inmocosta.com\/fr\/#website\",\"url\":\"https:\/\/inmocosta.com\/fr\/\",\"name\":\"- Inmocosta API l&#039;Estartit\",\"description\":\"Ag\u00e8ncia immobiliaria dedicada exclusivament a la compra venda d\u00b4immobles . L&#039;assessorem en la compra del seu habitatge. Comprar cases, pisos, apartaments.\",\"publisher\":{\"@id\":\"https:\/\/inmocosta.com\/fr\/#organization\"},\"potentialAction\":[{\"@type\":\"SearchAction\",\"target\":{\"@type\":\"EntryPoint\",\"urlTemplate\":\"https:\/\/inmocosta.com\/fr\/?s={search_term_string}\"},\"query-input\":\"required name=search_term_string\"}],\"inLanguage\":\"fr-FR\"},{\"@type\":\"Organization\",\"@id\":\"https:\/\/inmocosta.com\/fr\/#organization\",\"name\":\"Inmocosta API L'Estartit\",\"url\":\"https:\/\/inmocosta.com\/fr\/\",\"logo\":{\"@type\":\"ImageObject\",\"inLanguage\":\"fr-FR\",\"@id\":\"https:\/\/inmocosta.com\/fr\/#\/schema\/logo\/image\/\",\"url\":\"https:\/\/inmocosta.com\/wp-content\/uploads\/2025\/01\/imatge_usuari.png\",\"contentUrl\":\"https:\/\/inmocosta.com\/wp-content\/uploads\/2025\/01\/imatge_usuari.png\",\"width\":500,\"height\":500,\"caption\":\"Inmocosta API L'Estartit\"},\"image\":{\"@id\":\"https:\/\/inmocosta.com\/fr\/#\/schema\/logo\/image\/\"},\"sameAs\":[\"https:\/\/www.facebook.com\/inmocostaapi\/\",\"https:\/\/www.instagram.com\/inmocosta_api\/\",\"https:\/\/www.youtube.com\/channel\/UCidmbkY6BpJG9MA_OQUZgYQ\"]},{\"@type\":\"Person\",\"@id\":\"https:\/\/inmocosta.com\/fr\/#\/schema\/person\/c1158d0f764ec40f4b366ff7afc7ddd8\",\"name\":\"info@inmocosta.com\",\"image\":{\"@type\":\"ImageObject\",\"inLanguage\":\"fr-FR\",\"@id\":\"https:\/\/inmocosta.com\/fr\/#\/schema\/person\/image\/\",\"url\":\"https:\/\/secure.gravatar.com\/avatar\/6fcb462a4ecd1323c01cea6303344762c4ebd0c5a2d8936b060b9188b467a7e9?s=96&d=mm&r=g\",\"contentUrl\":\"https:\/\/secure.gravatar.com\/avatar\/6fcb462a4ecd1323c01cea6303344762c4ebd0c5a2d8936b060b9188b467a7e9?s=96&d=mm&r=g\",\"caption\":\"info@inmocosta.com\"}}]}<\/script>\n<!-- \/ Yoast SEO plugin. -->","yoast_head_json":{"title":"Tendances et design en d\u00e9coration pour 2018 Fotocasa Inmocosta API","description":"En general, la casa es percep avui, m\u00e9s que mai, com un refugi enfront d'un exterior estresante i inestable. La suavitat en els materials, amb el vellut al capdavant, la cerca d'acabats naturals i d'espais on sentir-se b\u00e9 s\u00f3n algunes de les claus pel 2018.","robots":{"index":"index","follow":"follow","max-snippet":"max-snippet:-1","max-image-preview":"max-image-preview:large","max-video-preview":"max-video-preview:-1"},"canonical":"https:\/\/inmocosta.com\/fr\/tendances-et-design-en-decoration-pour-2018\/","og_locale":"fr_FR","og_type":"article","og_title":"Tendances et design en d\u00e9coration pour 2018 Fotocasa Inmocosta API","og_description":"En general, la casa es percep avui, m\u00e9s que mai, com un refugi enfront d'un exterior estresante i inestable. La suavitat en els materials, amb el vellut al capdavant, la cerca d'acabats naturals i d'espais on sentir-se b\u00e9 s\u00f3n algunes de les claus pel 2018.","og_url":"https:\/\/inmocosta.com\/fr\/tendances-et-design-en-decoration-pour-2018\/","og_site_name":"- Inmocosta API l&#039;Estartit","article_publisher":"https:\/\/www.facebook.com\/inmocostaapi\/","article_published_time":"2018-01-29T16:48:14+00:00","article_modified_time":"2018-06-28T07:54:50+00:00","og_image":[{"width":450,"height":600,"url":"https:\/\/inmocosta.com\/wp-content\/uploads\/2021\/03\/IMG-9022.jpg","type":"image\/jpeg"}],"author":"info@inmocosta.com","twitter_card":"summary_large_image","twitter_misc":{"\u00c9crit par":"info@inmocosta.com","Dur\u00e9e de lecture estim\u00e9e":"2 minutes"},"schema":{"@context":"https:\/\/schema.org","@graph":[{"@type":"Article","@id":"https:\/\/inmocosta.com\/fr\/tendances-et-design-en-decoration-pour-2018\/#article","isPartOf":{"@id":"https:\/\/inmocosta.com\/fr\/tendances-et-design-en-decoration-pour-2018\/"},"author":{"name":"info@inmocosta.com","@id":"https:\/\/inmocosta.com\/fr\/#\/schema\/person\/c1158d0f764ec40f4b366ff7afc7ddd8"},"headline":"Tendances et design en d\u00e9coration pour 2018","datePublished":"2018-01-29T16:48:14+00:00","dateModified":"2018-06-28T07:54:50+00:00","mainEntityOfPage":{"@id":"https:\/\/inmocosta.com\/fr\/tendances-et-design-en-decoration-pour-2018\/"},"wordCount":488,"publisher":{"@id":"https:\/\/inmocosta.com\/fr\/#organization"},"keywords":["bany","complexe","courbes","cuina","cuisine","decoraci\u00f3","design","disseny","\u00e9volution","finitions","fins","formes","JoMO","mode","motif","papier peint","raffin\u00e9","renouveaux","salle","style","tendances","tend\u00e8ncies","Total White"],"articleSection":["alentours","API","Compra Vivendes","d\u00e9coration","immobili\u00e8re","occasion","ventes"],"inLanguage":"fr-FR"},{"@type":"WebPage","@id":"https:\/\/inmocosta.com\/fr\/tendances-et-design-en-decoration-pour-2018\/","url":"https:\/\/inmocosta.com\/fr\/tendances-et-design-en-decoration-pour-2018\/","name":"Tendances et design en d\u00e9coration pour 2018 Fotocasa Inmocosta API","isPartOf":{"@id":"https:\/\/inmocosta.com\/fr\/#website"},"datePublished":"2018-01-29T16:48:14+00:00","dateModified":"2018-06-28T07:54:50+00:00","description":"En general, la casa es percep avui, m\u00e9s que mai, com un refugi enfront d'un exterior estresante i inestable. La suavitat en els materials, amb el vellut al capdavant, la cerca d'acabats naturals i d'espais on sentir-se b\u00e9 s\u00f3n algunes de les claus pel 2018.","breadcrumb":{"@id":"https:\/\/inmocosta.com\/fr\/tendances-et-design-en-decoration-pour-2018\/#breadcrumb"},"inLanguage":"fr-FR","potentialAction":[{"@type":"ReadAction","target":["https:\/\/inmocosta.com\/fr\/tendances-et-design-en-decoration-pour-2018\/"]}]},{"@type":"BreadcrumbList","@id":"https:\/\/inmocosta.com\/fr\/tendances-et-design-en-decoration-pour-2018\/#breadcrumb","itemListElement":[{"@type":"ListItem","position":1,"name":"Home","item":"https:\/\/inmocosta.com\/fr\/"},{"@type":"ListItem","position":2,"name":"Tendances et design en d\u00e9coration pour 2018"}]},{"@type":"WebSite","@id":"https:\/\/inmocosta.com\/fr\/#website","url":"https:\/\/inmocosta.com\/fr\/","name":"- Inmocosta API l&#039;Estartit","description":"Ag\u00e8ncia immobiliaria dedicada exclusivament a la compra venda d\u00b4immobles . L&#039;assessorem en la compra del seu habitatge. Comprar cases, pisos, apartaments.","publisher":{"@id":"https:\/\/inmocosta.com\/fr\/#organization"},"potentialAction":[{"@type":"SearchAction","target":{"@type":"EntryPoint","urlTemplate":"https:\/\/inmocosta.com\/fr\/?s={search_term_string}"},"query-input":"required name=search_term_string"}],"inLanguage":"fr-FR"},{"@type":"Organization","@id":"https:\/\/inmocosta.com\/fr\/#organization","name":"Inmocosta API L'Estartit","url":"https:\/\/inmocosta.com\/fr\/","logo":{"@type":"ImageObject","inLanguage":"fr-FR","@id":"https:\/\/inmocosta.com\/fr\/#\/schema\/logo\/image\/","url":"https:\/\/inmocosta.com\/wp-content\/uploads\/2025\/01\/imatge_usuari.png","contentUrl":"https:\/\/inmocosta.com\/wp-content\/uploads\/2025\/01\/imatge_usuari.png","width":500,"height":500,"caption":"Inmocosta API L'Estartit"},"image":{"@id":"https:\/\/inmocosta.com\/fr\/#\/schema\/logo\/image\/"},"sameAs":["https:\/\/www.facebook.com\/inmocostaapi\/","https:\/\/www.instagram.com\/inmocosta_api\/","https:\/\/www.youtube.com\/channel\/UCidmbkY6BpJG9MA_OQUZgYQ"]},{"@type":"Person","@id":"https:\/\/inmocosta.com\/fr\/#\/schema\/person\/c1158d0f764ec40f4b366ff7afc7ddd8","name":"info@inmocosta.com","image":{"@type":"ImageObject","inLanguage":"fr-FR","@id":"https:\/\/inmocosta.com\/fr\/#\/schema\/person\/image\/","url":"https:\/\/secure.gravatar.com\/avatar\/6fcb462a4ecd1323c01cea6303344762c4ebd0c5a2d8936b060b9188b467a7e9?s=96&d=mm&r=g","contentUrl":"https:\/\/secure.gravatar.com\/avatar\/6fcb462a4ecd1323c01cea6303344762c4ebd0c5a2d8936b060b9188b467a7e9?s=96&d=mm&r=g","caption":"info@inmocosta.com"}}]}},"_links":{"self":[{"href":"https:\/\/inmocosta.com\/fr\/wp-json\/wp\/v2\/posts\/36158","targetHints":{"allow":["GET"]}}],"collection":[{"href":"https:\/\/inmocosta.com\/fr\/wp-json\/wp\/v2\/posts"}],"about":[{"href":"https:\/\/inmocosta.com\/fr\/wp-json\/wp\/v2\/types\/post"}],"author":[{"embeddable":true,"href":"https:\/\/inmocosta.com\/fr\/wp-json\/wp\/v2\/users\/1"}],"replies":[{"embeddable":true,"href":"https:\/\/inmocosta.com\/fr\/wp-json\/wp\/v2\/comments?post=36158"}],"version-history":[{"count":2,"href":"https:\/\/inmocosta.com\/fr\/wp-json\/wp\/v2\/posts\/36158\/revisions"}],"predecessor-version":[{"id":36163,"href":"https:\/\/inmocosta.com\/fr\/wp-json\/wp\/v2\/posts\/36158\/revisions\/36163"}],"wp:attachment":[{"href":"https:\/\/inmocosta.com\/fr\/wp-json\/wp\/v2\/media?parent=36158"}],"wp:term":[{"taxonomy":"category","embeddable":true,"href":"https:\/\/inmocosta.com\/fr\/wp-json\/wp\/v2\/categories?post=36158"},{"taxonomy":"post_tag","embeddable":true,"href":"https:\/\/inmocosta.com\/fr\/wp-json\/wp\/v2\/tags?post=36158"}],"curies":[{"name":"wp","href":"https:\/\/api.w.org\/{rel}","templated":true}]}}