{"id":37099,"date":"2018-03-19T16:24:34","date_gmt":"2018-03-19T15:24:34","guid":{"rendered":"http:\/\/inmocosta.com\/un-terc-dels-habitatges-de-girona-els-compren-estrangers\/"},"modified":"2018-06-28T08:44:56","modified_gmt":"2018-06-28T07:44:56","slug":"un-tiers-des-logements-achetes-dans-la-province-de-gerone-sont-confies-a-des-etrangers","status":"publish","type":"post","link":"https:\/\/inmocosta.com\/fr\/un-tiers-des-logements-achetes-dans-la-province-de-gerone-sont-confies-a-des-etrangers\/","title":{"rendered":"Un tiers des logements de Girona sont achet\u00e9s par des \u00e9trangers"},"content":{"rendered":"<p><a href=\"http:\/\/inmocosta.com\/wp-content\/uploads\/2018\/03\/terc-habitatges-Girona-compren-estrangers_1975612731_51948155_651x656.png\"><img fetchpriority=\"high\" decoding=\"async\" class=\"size-full wp-image-37093\" src=\"http:\/\/inmocosta.com\/wp-content\/uploads\/2018\/03\/terc-habitatges-Girona-compren-estrangers_1975612731_51948155_651x656.png\" alt=\"Un ter\u00e7 dels habitatges de Girona els compren estrangers\" width=\"651\" height=\"656\" srcset=\"https:\/\/inmocosta.com\/wp-content\/uploads\/2018\/03\/terc-habitatges-Girona-compren-estrangers_1975612731_51948155_651x656.png 651w, https:\/\/inmocosta.com\/wp-content\/uploads\/2018\/03\/terc-habitatges-Girona-compren-estrangers_1975612731_51948155_651x656-150x150.png 150w, https:\/\/inmocosta.com\/wp-content\/uploads\/2018\/03\/terc-habitatges-Girona-compren-estrangers_1975612731_51948155_651x656-298x300.png 298w, https:\/\/inmocosta.com\/wp-content\/uploads\/2018\/03\/terc-habitatges-Girona-compren-estrangers_1975612731_51948155_651x656-120x120.png 120w, https:\/\/inmocosta.com\/wp-content\/uploads\/2018\/03\/terc-habitatges-Girona-compren-estrangers_1975612731_51948155_651x656-45x45.png 45w, https:\/\/inmocosta.com\/wp-content\/uploads\/2018\/03\/terc-habitatges-Girona-compren-estrangers_1975612731_51948155_651x656-36x36.png 36w\" sizes=\"(max-width: 651px) 100vw, 651px\" \/><\/a><br \/>\n<span style=\"font-size: 12pt;\">Un tiers des logements achet\u00e9s dans la province de G\u00e9rone sont confi\u00e9s \u00e0 des \u00e9trangers, notamment des Fran\u00e7ais.<\/span><\/p>\n<p><span style=\"font-size: 12pt;\">Les donn\u00e9es du Coll\u00e8ge des registraires ne laissent aucun doute.<\/span><br \/>\n<span style=\"font-size: 12pt;\">En 2017, sur les 10 353 logements vendus dans la d\u00e9marcation, 3 183 ont \u00e9t\u00e9 achet\u00e9s \u00e0 des \u00e9trangers, soit 30,7% du total.<\/span><\/p>\n<p><span style=\"font-size: 12pt;\">Un pourcentage qui est plus du double que la moyenne de l&rsquo;Etat, de 13,5%, et que la moyenne de la Catalogne, de 13,7%.<\/span><\/p>\n<p><span style=\"font-size: 12pt;\">Mais, en outre, la vente de maisons \u00e0 des \u00e9trangers dans la province a augment\u00e9 de pr\u00e8s de 20,5% l&rsquo;an dernier.<\/span><\/p>\n<p><span style=\"font-size: 12pt;\">Ainsi, \u00e0 G\u00e9rone, la vente de logements aux \u00e9trangers prend de nouveau de l&rsquo;ampleur, apr\u00e8s un recul en 2016, et figure parmi les distinctions espagnoles pr\u00e9f\u00e9r\u00e9es des acheteurs \u00e9trangers.<\/span><\/p>\n<p><span style=\"font-size: 12pt;\">En fait, le quatri\u00e8me trimestre de 2017 a d\u00e9pass\u00e9 seulement les provinces d&rsquo;Alicante, avec 42,8% des acheteurs \u00e9trangers; Tenerife, avec 38,5%, et les \u00eeles Bal\u00e9ares, avec 35,4%.<\/span><\/p>\n<p>&nbsp;<\/p>\n<p>L\u00b4article entier :\u00a0https:\/\/www.ara.cat\/economia\/terc-habitatges-Girona-compren-estrangers_0_1976202400.html<\/p>\n","protected":false},"excerpt":{"rendered":"<p>Un tiers des logements achet\u00e9s dans la province de G\u00e9rone sont confi\u00e9s \u00e0 des \u00e9trangers, notamment des Fran\u00e7ais. Les donn\u00e9es du Coll\u00e8ge des registraires ne laissent aucun doute. En 2017, sur les 10 353 logements vendus dans la d\u00e9marcation, 3 183 ont \u00e9t\u00e9 achet\u00e9s \u00e0 des \u00e9trangers, soit 30,7% du total. Un pourcentage qui est plus du double que la moyenne de l&rsquo;Etat, de &#8230;<\/p>\n","protected":false},"author":1,"featured_media":37095,"comment_status":"closed","ping_status":"open","sticky":false,"template":"","format":"standard","meta":{"footnotes":""},"categories":[308,312,424,306,318,311,319],"tags":[913,920,692,915,919,332,914,917,916,921,911,918,693,912],"class_list":["post-37099","post","type-post","status-publish","format-standard","has-post-thumbnail","hentry","category-alentours","category-api-fr","category-compra-vivendes-fr","category-decoration-fr","category-immobiliere","category-taxation-fr","category-ventes","tag-1-3","tag-3-183-ont-ete-achetes","tag-augment-vendes-fr","tag-augmentations","tag-donnees-du-college-des-registraires","tag-logements","tag-notamment-franccais","tag-nouvelle-ampleur","tag-pourcentage-impressionanat","tag-pourcentage-qui-est-plus-du-double-que-la-moyenne-de-letat","tag-province-girone","tag-schema","tag-vendes-immobles-girona-fr","tag-ventes-aux-etrangers"],"yoast_head":"<!-- This site is optimized with the Yoast SEO plugin v21.8 - https:\/\/yoast.com\/wordpress\/plugins\/seo\/ -->\n<title>Un tiers des logements achet\u00e9s dans la province de G\u00e9rone sont \u00e9trangers<\/title>\n<meta name=\"description\" content=\"Un tiers des logements achet\u00e9s dans la province de G\u00e9rone sont confi\u00e9s \u00e0 des \u00e9trangers, notamment des Fran\u00e7ais. Les donn\u00e9es du Coll\u00e8ge des registraires ne laissent aucun doute. En 2017, sur les 10 353 logements vendus dans la d\u00e9marcation, 3 183 ont \u00e9t\u00e9 achet\u00e9s \u00e0 des \u00e9trangers, soit 30,7% du total.\" \/>\n<meta name=\"robots\" content=\"index, follow, max-snippet:-1, max-image-preview:large, max-video-preview:-1\" \/>\n<link rel=\"canonical\" href=\"https:\/\/inmocosta.com\/fr\/un-tiers-des-logements-achetes-dans-la-province-de-gerone-sont-confies-a-des-etrangers\/\" \/>\n<meta property=\"og:locale\" content=\"fr_FR\" \/>\n<meta property=\"og:type\" content=\"article\" \/>\n<meta property=\"og:title\" content=\"Un tiers des logements achet\u00e9s dans la province de G\u00e9rone sont \u00e9trangers\" \/>\n<meta property=\"og:description\" content=\"Un tiers des logements achet\u00e9s dans la province de G\u00e9rone sont confi\u00e9s \u00e0 des \u00e9trangers, notamment des Fran\u00e7ais. Les donn\u00e9es du Coll\u00e8ge des registraires ne laissent aucun doute. En 2017, sur les 10 353 logements vendus dans la d\u00e9marcation, 3 183 ont \u00e9t\u00e9 achet\u00e9s \u00e0 des \u00e9trangers, soit 30,7% du total.\" \/>\n<meta property=\"og:url\" content=\"https:\/\/inmocosta.com\/fr\/un-tiers-des-logements-achetes-dans-la-province-de-gerone-sont-confies-a-des-etrangers\/\" \/>\n<meta property=\"og:site_name\" content=\"- Inmocosta API l&#039;Estartit\" \/>\n<meta property=\"article:publisher\" content=\"https:\/\/www.facebook.com\/inmocostaapi\/\" \/>\n<meta property=\"article:published_time\" content=\"2018-03-19T15:24:34+00:00\" \/>\n<meta property=\"article:modified_time\" content=\"2018-06-28T07:44:56+00:00\" \/>\n<meta property=\"og:image\" content=\"https:\/\/inmocosta.com\/wp-content\/uploads\/2018\/03\/terc-habitatges-Girona-compren-estrangers_1975612731_51948155_651x656.png\" \/>\n\t<meta property=\"og:image:width\" content=\"651\" \/>\n\t<meta property=\"og:image:height\" content=\"656\" \/>\n\t<meta property=\"og:image:type\" content=\"image\/png\" \/>\n<meta name=\"author\" content=\"info@inmocosta.com\" \/>\n<meta name=\"twitter:card\" content=\"summary_large_image\" \/>\n<meta name=\"twitter:label1\" content=\"\u00c9crit par\" \/>\n\t<meta name=\"twitter:data1\" content=\"info@inmocosta.com\" \/>\n\t<meta name=\"twitter:label2\" content=\"Dur\u00e9e de lecture estim\u00e9e\" \/>\n\t<meta name=\"twitter:data2\" content=\"1 minute\" \/>\n<script type=\"application\/ld+json\" class=\"yoast-schema-graph\">{\"@context\":\"https:\/\/schema.org\",\"@graph\":[{\"@type\":\"Article\",\"@id\":\"https:\/\/inmocosta.com\/fr\/un-tiers-des-logements-achetes-dans-la-province-de-gerone-sont-confies-a-des-etrangers\/#article\",\"isPartOf\":{\"@id\":\"https:\/\/inmocosta.com\/fr\/un-tiers-des-logements-achetes-dans-la-province-de-gerone-sont-confies-a-des-etrangers\/\"},\"author\":{\"name\":\"info@inmocosta.com\",\"@id\":\"https:\/\/inmocosta.com\/fr\/#\/schema\/person\/c1158d0f764ec40f4b366ff7afc7ddd8\"},\"headline\":\"Un tiers des logements de Girona sont achet\u00e9s par des \u00e9trangers\",\"datePublished\":\"2018-03-19T15:24:34+00:00\",\"dateModified\":\"2018-06-28T07:44:56+00:00\",\"mainEntityOfPage\":{\"@id\":\"https:\/\/inmocosta.com\/fr\/un-tiers-des-logements-achetes-dans-la-province-de-gerone-sont-confies-a-des-etrangers\/\"},\"wordCount\":177,\"publisher\":{\"@id\":\"https:\/\/inmocosta.com\/fr\/#organization\"},\"keywords\":[\"1\/3\",\"3 183 ont \u00e9t\u00e9 achet\u00e9s\",\"augment vendes\",\"augmentations\",\"donn\u00e9es du Coll\u00e8ge des registraires\",\"logements\",\"notamment franc\u00e7ais\",\"nouvelle ampleur\",\"pourcentage impressionanat\",\"pourcentage qui est plus du double que la moyenne de l'Etat\",\"province girone\",\"sch\u00e9ma\",\"vendes immobles girona\",\"ventes aux \u00e9trangers\"],\"articleSection\":[\"alentours\",\"API\",\"Compra Vivendes\",\"d\u00e9coration\",\"immobili\u00e8re\",\"taxation\",\"ventes\"],\"inLanguage\":\"fr-FR\"},{\"@type\":\"WebPage\",\"@id\":\"https:\/\/inmocosta.com\/fr\/un-tiers-des-logements-achetes-dans-la-province-de-gerone-sont-confies-a-des-etrangers\/\",\"url\":\"https:\/\/inmocosta.com\/fr\/un-tiers-des-logements-achetes-dans-la-province-de-gerone-sont-confies-a-des-etrangers\/\",\"name\":\"Un tiers des logements achet\u00e9s dans la province de G\u00e9rone sont \u00e9trangers\",\"isPartOf\":{\"@id\":\"https:\/\/inmocosta.com\/fr\/#website\"},\"datePublished\":\"2018-03-19T15:24:34+00:00\",\"dateModified\":\"2018-06-28T07:44:56+00:00\",\"description\":\"Un tiers des logements achet\u00e9s dans la province de G\u00e9rone sont confi\u00e9s \u00e0 des \u00e9trangers, notamment des Fran\u00e7ais. Les donn\u00e9es du Coll\u00e8ge des registraires ne laissent aucun doute. En 2017, sur les 10 353 logements vendus dans la d\u00e9marcation, 3 183 ont \u00e9t\u00e9 achet\u00e9s \u00e0 des \u00e9trangers, soit 30,7% du total.\",\"breadcrumb\":{\"@id\":\"https:\/\/inmocosta.com\/fr\/un-tiers-des-logements-achetes-dans-la-province-de-gerone-sont-confies-a-des-etrangers\/#breadcrumb\"},\"inLanguage\":\"fr-FR\",\"potentialAction\":[{\"@type\":\"ReadAction\",\"target\":[\"https:\/\/inmocosta.com\/fr\/un-tiers-des-logements-achetes-dans-la-province-de-gerone-sont-confies-a-des-etrangers\/\"]}]},{\"@type\":\"BreadcrumbList\",\"@id\":\"https:\/\/inmocosta.com\/fr\/un-tiers-des-logements-achetes-dans-la-province-de-gerone-sont-confies-a-des-etrangers\/#breadcrumb\",\"itemListElement\":[{\"@type\":\"ListItem\",\"position\":1,\"name\":\"Home\",\"item\":\"https:\/\/inmocosta.com\/fr\/\"},{\"@type\":\"ListItem\",\"position\":2,\"name\":\"Un tiers des logements de Girona sont achet\u00e9s par des \u00e9trangers\"}]},{\"@type\":\"WebSite\",\"@id\":\"https:\/\/inmocosta.com\/fr\/#website\",\"url\":\"https:\/\/inmocosta.com\/fr\/\",\"name\":\"- Inmocosta API l&#039;Estartit\",\"description\":\"Ag\u00e8ncia immobiliaria dedicada exclusivament a la compra venda d\u00b4immobles . L&#039;assessorem en la compra del seu habitatge. Comprar cases, pisos, apartaments.\",\"publisher\":{\"@id\":\"https:\/\/inmocosta.com\/fr\/#organization\"},\"potentialAction\":[{\"@type\":\"SearchAction\",\"target\":{\"@type\":\"EntryPoint\",\"urlTemplate\":\"https:\/\/inmocosta.com\/fr\/?s={search_term_string}\"},\"query-input\":\"required name=search_term_string\"}],\"inLanguage\":\"fr-FR\"},{\"@type\":\"Organization\",\"@id\":\"https:\/\/inmocosta.com\/fr\/#organization\",\"name\":\"Inmocosta API L'Estartit\",\"url\":\"https:\/\/inmocosta.com\/fr\/\",\"logo\":{\"@type\":\"ImageObject\",\"inLanguage\":\"fr-FR\",\"@id\":\"https:\/\/inmocosta.com\/fr\/#\/schema\/logo\/image\/\",\"url\":\"https:\/\/inmocosta.com\/wp-content\/uploads\/2025\/01\/imatge_usuari.png\",\"contentUrl\":\"https:\/\/inmocosta.com\/wp-content\/uploads\/2025\/01\/imatge_usuari.png\",\"width\":500,\"height\":500,\"caption\":\"Inmocosta API L'Estartit\"},\"image\":{\"@id\":\"https:\/\/inmocosta.com\/fr\/#\/schema\/logo\/image\/\"},\"sameAs\":[\"https:\/\/www.facebook.com\/inmocostaapi\/\",\"https:\/\/www.instagram.com\/inmocosta_api\/\",\"https:\/\/www.youtube.com\/channel\/UCidmbkY6BpJG9MA_OQUZgYQ\"]},{\"@type\":\"Person\",\"@id\":\"https:\/\/inmocosta.com\/fr\/#\/schema\/person\/c1158d0f764ec40f4b366ff7afc7ddd8\",\"name\":\"info@inmocosta.com\",\"image\":{\"@type\":\"ImageObject\",\"inLanguage\":\"fr-FR\",\"@id\":\"https:\/\/inmocosta.com\/fr\/#\/schema\/person\/image\/\",\"url\":\"https:\/\/secure.gravatar.com\/avatar\/6fcb462a4ecd1323c01cea6303344762c4ebd0c5a2d8936b060b9188b467a7e9?s=96&d=mm&r=g\",\"contentUrl\":\"https:\/\/secure.gravatar.com\/avatar\/6fcb462a4ecd1323c01cea6303344762c4ebd0c5a2d8936b060b9188b467a7e9?s=96&d=mm&r=g\",\"caption\":\"info@inmocosta.com\"}}]}<\/script>\n<!-- \/ Yoast SEO plugin. -->","yoast_head_json":{"title":"Un tiers des logements achet\u00e9s dans la province de G\u00e9rone sont \u00e9trangers","description":"Un tiers des logements achet\u00e9s dans la province de G\u00e9rone sont confi\u00e9s \u00e0 des \u00e9trangers, notamment des Fran\u00e7ais. Les donn\u00e9es du Coll\u00e8ge des registraires ne laissent aucun doute. En 2017, sur les 10 353 logements vendus dans la d\u00e9marcation, 3 183 ont \u00e9t\u00e9 achet\u00e9s \u00e0 des \u00e9trangers, soit 30,7% du total.","robots":{"index":"index","follow":"follow","max-snippet":"max-snippet:-1","max-image-preview":"max-image-preview:large","max-video-preview":"max-video-preview:-1"},"canonical":"https:\/\/inmocosta.com\/fr\/un-tiers-des-logements-achetes-dans-la-province-de-gerone-sont-confies-a-des-etrangers\/","og_locale":"fr_FR","og_type":"article","og_title":"Un tiers des logements achet\u00e9s dans la province de G\u00e9rone sont \u00e9trangers","og_description":"Un tiers des logements achet\u00e9s dans la province de G\u00e9rone sont confi\u00e9s \u00e0 des \u00e9trangers, notamment des Fran\u00e7ais. Les donn\u00e9es du Coll\u00e8ge des registraires ne laissent aucun doute. En 2017, sur les 10 353 logements vendus dans la d\u00e9marcation, 3 183 ont \u00e9t\u00e9 achet\u00e9s \u00e0 des \u00e9trangers, soit 30,7% du total.","og_url":"https:\/\/inmocosta.com\/fr\/un-tiers-des-logements-achetes-dans-la-province-de-gerone-sont-confies-a-des-etrangers\/","og_site_name":"- Inmocosta API l&#039;Estartit","article_publisher":"https:\/\/www.facebook.com\/inmocostaapi\/","article_published_time":"2018-03-19T15:24:34+00:00","article_modified_time":"2018-06-28T07:44:56+00:00","og_image":[{"width":651,"height":656,"url":"https:\/\/inmocosta.com\/wp-content\/uploads\/2018\/03\/terc-habitatges-Girona-compren-estrangers_1975612731_51948155_651x656.png","type":"image\/png"}],"author":"info@inmocosta.com","twitter_card":"summary_large_image","twitter_misc":{"\u00c9crit par":"info@inmocosta.com","Dur\u00e9e de lecture estim\u00e9e":"1 minute"},"schema":{"@context":"https:\/\/schema.org","@graph":[{"@type":"Article","@id":"https:\/\/inmocosta.com\/fr\/un-tiers-des-logements-achetes-dans-la-province-de-gerone-sont-confies-a-des-etrangers\/#article","isPartOf":{"@id":"https:\/\/inmocosta.com\/fr\/un-tiers-des-logements-achetes-dans-la-province-de-gerone-sont-confies-a-des-etrangers\/"},"author":{"name":"info@inmocosta.com","@id":"https:\/\/inmocosta.com\/fr\/#\/schema\/person\/c1158d0f764ec40f4b366ff7afc7ddd8"},"headline":"Un tiers des logements de Girona sont achet\u00e9s par des \u00e9trangers","datePublished":"2018-03-19T15:24:34+00:00","dateModified":"2018-06-28T07:44:56+00:00","mainEntityOfPage":{"@id":"https:\/\/inmocosta.com\/fr\/un-tiers-des-logements-achetes-dans-la-province-de-gerone-sont-confies-a-des-etrangers\/"},"wordCount":177,"publisher":{"@id":"https:\/\/inmocosta.com\/fr\/#organization"},"keywords":["1\/3","3 183 ont \u00e9t\u00e9 achet\u00e9s","augment vendes","augmentations","donn\u00e9es du Coll\u00e8ge des registraires","logements","notamment franc\u00e7ais","nouvelle ampleur","pourcentage impressionanat","pourcentage qui est plus du double que la moyenne de l'Etat","province girone","sch\u00e9ma","vendes immobles girona","ventes aux \u00e9trangers"],"articleSection":["alentours","API","Compra Vivendes","d\u00e9coration","immobili\u00e8re","taxation","ventes"],"inLanguage":"fr-FR"},{"@type":"WebPage","@id":"https:\/\/inmocosta.com\/fr\/un-tiers-des-logements-achetes-dans-la-province-de-gerone-sont-confies-a-des-etrangers\/","url":"https:\/\/inmocosta.com\/fr\/un-tiers-des-logements-achetes-dans-la-province-de-gerone-sont-confies-a-des-etrangers\/","name":"Un tiers des logements achet\u00e9s dans la province de G\u00e9rone sont \u00e9trangers","isPartOf":{"@id":"https:\/\/inmocosta.com\/fr\/#website"},"datePublished":"2018-03-19T15:24:34+00:00","dateModified":"2018-06-28T07:44:56+00:00","description":"Un tiers des logements achet\u00e9s dans la province de G\u00e9rone sont confi\u00e9s \u00e0 des \u00e9trangers, notamment des Fran\u00e7ais. Les donn\u00e9es du Coll\u00e8ge des registraires ne laissent aucun doute. En 2017, sur les 10 353 logements vendus dans la d\u00e9marcation, 3 183 ont \u00e9t\u00e9 achet\u00e9s \u00e0 des \u00e9trangers, soit 30,7% du total.","breadcrumb":{"@id":"https:\/\/inmocosta.com\/fr\/un-tiers-des-logements-achetes-dans-la-province-de-gerone-sont-confies-a-des-etrangers\/#breadcrumb"},"inLanguage":"fr-FR","potentialAction":[{"@type":"ReadAction","target":["https:\/\/inmocosta.com\/fr\/un-tiers-des-logements-achetes-dans-la-province-de-gerone-sont-confies-a-des-etrangers\/"]}]},{"@type":"BreadcrumbList","@id":"https:\/\/inmocosta.com\/fr\/un-tiers-des-logements-achetes-dans-la-province-de-gerone-sont-confies-a-des-etrangers\/#breadcrumb","itemListElement":[{"@type":"ListItem","position":1,"name":"Home","item":"https:\/\/inmocosta.com\/fr\/"},{"@type":"ListItem","position":2,"name":"Un tiers des logements de Girona sont achet\u00e9s par des \u00e9trangers"}]},{"@type":"WebSite","@id":"https:\/\/inmocosta.com\/fr\/#website","url":"https:\/\/inmocosta.com\/fr\/","name":"- Inmocosta API l&#039;Estartit","description":"Ag\u00e8ncia immobiliaria dedicada exclusivament a la compra venda d\u00b4immobles . L&#039;assessorem en la compra del seu habitatge. Comprar cases, pisos, apartaments.","publisher":{"@id":"https:\/\/inmocosta.com\/fr\/#organization"},"potentialAction":[{"@type":"SearchAction","target":{"@type":"EntryPoint","urlTemplate":"https:\/\/inmocosta.com\/fr\/?s={search_term_string}"},"query-input":"required name=search_term_string"}],"inLanguage":"fr-FR"},{"@type":"Organization","@id":"https:\/\/inmocosta.com\/fr\/#organization","name":"Inmocosta API L'Estartit","url":"https:\/\/inmocosta.com\/fr\/","logo":{"@type":"ImageObject","inLanguage":"fr-FR","@id":"https:\/\/inmocosta.com\/fr\/#\/schema\/logo\/image\/","url":"https:\/\/inmocosta.com\/wp-content\/uploads\/2025\/01\/imatge_usuari.png","contentUrl":"https:\/\/inmocosta.com\/wp-content\/uploads\/2025\/01\/imatge_usuari.png","width":500,"height":500,"caption":"Inmocosta API L'Estartit"},"image":{"@id":"https:\/\/inmocosta.com\/fr\/#\/schema\/logo\/image\/"},"sameAs":["https:\/\/www.facebook.com\/inmocostaapi\/","https:\/\/www.instagram.com\/inmocosta_api\/","https:\/\/www.youtube.com\/channel\/UCidmbkY6BpJG9MA_OQUZgYQ"]},{"@type":"Person","@id":"https:\/\/inmocosta.com\/fr\/#\/schema\/person\/c1158d0f764ec40f4b366ff7afc7ddd8","name":"info@inmocosta.com","image":{"@type":"ImageObject","inLanguage":"fr-FR","@id":"https:\/\/inmocosta.com\/fr\/#\/schema\/person\/image\/","url":"https:\/\/secure.gravatar.com\/avatar\/6fcb462a4ecd1323c01cea6303344762c4ebd0c5a2d8936b060b9188b467a7e9?s=96&d=mm&r=g","contentUrl":"https:\/\/secure.gravatar.com\/avatar\/6fcb462a4ecd1323c01cea6303344762c4ebd0c5a2d8936b060b9188b467a7e9?s=96&d=mm&r=g","caption":"info@inmocosta.com"}}]}},"_links":{"self":[{"href":"https:\/\/inmocosta.com\/fr\/wp-json\/wp\/v2\/posts\/37099","targetHints":{"allow":["GET"]}}],"collection":[{"href":"https:\/\/inmocosta.com\/fr\/wp-json\/wp\/v2\/posts"}],"about":[{"href":"https:\/\/inmocosta.com\/fr\/wp-json\/wp\/v2\/types\/post"}],"author":[{"embeddable":true,"href":"https:\/\/inmocosta.com\/fr\/wp-json\/wp\/v2\/users\/1"}],"replies":[{"embeddable":true,"href":"https:\/\/inmocosta.com\/fr\/wp-json\/wp\/v2\/comments?post=37099"}],"version-history":[{"count":3,"href":"https:\/\/inmocosta.com\/fr\/wp-json\/wp\/v2\/posts\/37099\/revisions"}],"predecessor-version":[{"id":40463,"href":"https:\/\/inmocosta.com\/fr\/wp-json\/wp\/v2\/posts\/37099\/revisions\/40463"}],"wp:featuredmedia":[{"embeddable":true,"href":"https:\/\/inmocosta.com\/fr\/wp-json\/wp\/v2\/media\/37095"}],"wp:attachment":[{"href":"https:\/\/inmocosta.com\/fr\/wp-json\/wp\/v2\/media?parent=37099"}],"wp:term":[{"taxonomy":"category","embeddable":true,"href":"https:\/\/inmocosta.com\/fr\/wp-json\/wp\/v2\/categories?post=37099"},{"taxonomy":"post_tag","embeddable":true,"href":"https:\/\/inmocosta.com\/fr\/wp-json\/wp\/v2\/tags?post=37099"}],"curies":[{"name":"wp","href":"https:\/\/api.w.org\/{rel}","templated":true}]}}