{"id":39773,"date":"2018-06-15T08:25:39","date_gmt":"2018-06-15T07:25:39","guid":{"rendered":"http:\/\/inmocosta.com\/diploma-de-d-e-r-e-c-o-n-e-i-x-e-m-e-n-t-a-l-e-m-p-r-e-s-a-inmocosta-api\/"},"modified":"2018-06-28T08:07:49","modified_gmt":"2018-06-28T07:07:49","slug":"diploma-de-r-e-co-n-n-a-i-s-s-a-n-c-e-de-l-e-n-t-r-e-p-r-i-s-e","status":"publish","type":"post","link":"https:\/\/inmocosta.com\/fr\/diploma-de-r-e-co-n-n-a-i-s-s-a-n-c-e-de-l-e-n-t-r-e-p-r-i-s-e\/","title":{"rendered":"Diploma de R E CO N N A I S S A N C E de L \u00b4 E N T R E P R I S E  Inmocosta API"},"content":{"rendered":"<h2>Diploma de R E CO N N A I S S A N C E de L \u00b4 E N T R E P R I S E<\/h2>\n<p>Pour son engagement \u00e0 former les \u00e9tudiants du Cycle Formatif des Activit\u00e9s Commerciales de l&rsquo;Institut Montgr\u00ed, dans un environnement de travail appropri\u00e9 dans la Double Formation (double PF).<br \/>\nLe mercredi 6 juin, la pr\u00e9sentation de 4 projets d&rsquo;entreprises par quatre \u00e9tudiants de la 2\u00e8me ann\u00e9e du Business Formative Circle a eu lieu au Mus\u00e9e de la M\u00e9diterran\u00e9e \u00e0 Torroella de Montgr\u00ed.<\/p>\n<p>C&rsquo;\u00e9tait tr\u00e8s int\u00e9ressant de voir diff\u00e9rentes approches de diff\u00e9rents points de vue.<\/p>\n<p>\u00c0 la fin de la pr\u00e9sentation, des dipl\u00f4mes ont \u00e9t\u00e9 d\u00e9cern\u00e9s aux employeurs qui ont \u00e9t\u00e9 formateurs pendant plus de 1 000 heures.<\/p>\n<p>Cristina Collier, d\u00e9tentrice d&rsquo;Inmocosta, m&rsquo;a remis le dipl\u00f4me d\u00e9livr\u00e9 par l&rsquo;Institut de Torroella de Montgr\u00ed en collaboration avec le Minist\u00e8re de l&rsquo;Education de la GENERALITAT DE CATALUNYA.<\/p>\n<p>Cristina a encore de nombreuses heures de formation dans notre entreprise et nous nous effor\u00e7ons d&rsquo;apprendre dans un environnement professionnel et de qualit\u00e9.<\/p>\n<div id=\"attachment_39784\" style=\"width: 1034px\" class=\"wp-caption alignnone\"><a href=\"http:\/\/inmocosta.com\/wp-content\/uploads\/2018\/06\/cristine-i-Eva.jpg\"><img fetchpriority=\"high\" decoding=\"async\" aria-describedby=\"caption-attachment-39784\" class=\"size-large wp-image-39784\" src=\"http:\/\/inmocosta.com\/wp-content\/uploads\/2018\/06\/cristine-i-Eva-1024x574.jpg\" alt=\"cristine i Eva\" width=\"1024\" height=\"574\" srcset=\"https:\/\/inmocosta.com\/wp-content\/uploads\/2018\/06\/cristine-i-Eva-1024x574.jpg 1024w, https:\/\/inmocosta.com\/wp-content\/uploads\/2018\/06\/cristine-i-Eva-300x168.jpg 300w, https:\/\/inmocosta.com\/wp-content\/uploads\/2018\/06\/cristine-i-Eva-768x431.jpg 768w, https:\/\/inmocosta.com\/wp-content\/uploads\/2018\/06\/cristine-i-Eva-255x143.jpg 255w, https:\/\/inmocosta.com\/wp-content\/uploads\/2018\/06\/cristine-i-Eva-835x467.jpg 835w, https:\/\/inmocosta.com\/wp-content\/uploads\/2018\/06\/cristine-i-Eva-1110x623.jpg 1110w\" sizes=\"(max-width: 1024px) 100vw, 1024px\" \/><\/a><p id=\"caption-attachment-39784\" class=\"wp-caption-text\">cristine i Eva<\/p><\/div>\n","protected":false},"excerpt":{"rendered":"<p>Diploma de R E CO N N A I S S A N C E de L \u00b4 E N T R E P R I S E Pour son engagement \u00e0 former les \u00e9tudiants du Cycle Formatif des Activit\u00e9s Commerciales de l&rsquo;Institut Montgr\u00ed, dans un environnement de travail appropri\u00e9 dans la Double Formation (double PF). Le mercredi 6 juin, la pr\u00e9sentation de 4 &#8230;<\/p>\n","protected":false},"author":1,"featured_media":39769,"comment_status":"closed","ping_status":"open","sticky":false,"template":"","format":"standard","meta":{"footnotes":""},"categories":[308,424,306,318,311],"tags":[870,254,747,875,871,868,872,873,874,748,529,530,749,869],"class_list":["post-39773","post","type-post","status-publish","format-standard","has-post-thumbnail","hentry","category-alentours","category-compra-vivendes-fr","category-decoration-fr","category-immobiliere","category-taxation-fr","tag-1000-heures","tag-api","tag-cercle-formatius-fr","tag-cristina-collier","tag-cycle-formatif-des-activites-commerciales-de-linstitut-montgri","tag-diplome","tag-double-formation","tag-employeurs","tag-formateurs","tag-generalitat-de-catalunya-fr","tag-inmocosta-fr","tag-inmocosta-api-fr","tag-institut-de-torroella-de-montgri-fr","tag-reconnaissance-de-lentreprise"],"yoast_head":"<!-- This site is optimized with the Yoast SEO plugin v21.8 - https:\/\/yoast.com\/wordpress\/plugins\/seo\/ -->\n<title>Diploma de R E CO N N A I S S A N C E de L \u00b4 E N T R E P R I S E<\/title>\n<meta name=\"description\" content=\"Diploma de R E CO N N A I S S A N C E de L \u00b4 E N T R E P R I S E Pour son engagement \u00e0 former les \u00e9tudiants du Cycle Formatif des Activit\u00e9s Commerciales de l&#039;Institut Montgr\u00ed, dans un environnement de travail appropri\u00e9 dans la Double Formation (double PF).\" \/>\n<meta name=\"robots\" content=\"index, follow, max-snippet:-1, max-image-preview:large, max-video-preview:-1\" \/>\n<link rel=\"canonical\" href=\"https:\/\/inmocosta.com\/fr\/diploma-de-r-e-co-n-n-a-i-s-s-a-n-c-e-de-l-e-n-t-r-e-p-r-i-s-e\/\" \/>\n<meta property=\"og:locale\" content=\"fr_FR\" \/>\n<meta property=\"og:type\" content=\"article\" \/>\n<meta property=\"og:title\" content=\"Diploma de R E CO N N A I S S A N C E de L \u00b4 E N T R E P R I S E\" \/>\n<meta property=\"og:description\" content=\"Diploma de R E CO N N A I S S A N C E de L \u00b4 E N T R E P R I S E Pour son engagement \u00e0 former les \u00e9tudiants du Cycle Formatif des Activit\u00e9s Commerciales de l&#039;Institut Montgr\u00ed, dans un environnement de travail appropri\u00e9 dans la Double Formation (double PF).\" \/>\n<meta property=\"og:url\" content=\"https:\/\/inmocosta.com\/fr\/diploma-de-r-e-co-n-n-a-i-s-s-a-n-c-e-de-l-e-n-t-r-e-p-r-i-s-e\/\" \/>\n<meta property=\"og:site_name\" content=\"- Inmocosta API l&#039;Estartit\" \/>\n<meta property=\"article:publisher\" content=\"https:\/\/www.facebook.com\/inmocostaapi\/\" \/>\n<meta property=\"article:published_time\" content=\"2018-06-15T07:25:39+00:00\" \/>\n<meta property=\"article:modified_time\" content=\"2018-06-28T07:07:49+00:00\" \/>\n<meta property=\"og:image\" content=\"https:\/\/inmocosta.com\/wp-content\/uploads\/2018\/06\/Diploma-empreses-InmoCosta-Generalitat-de-Catalunya-Ensenyament-Ajuntament-Torroella-de-MOntgri-e-Institut-Torroella.jpg\" \/>\n\t<meta property=\"og:image:width\" content=\"2339\" \/>\n\t<meta property=\"og:image:height\" content=\"1654\" \/>\n\t<meta property=\"og:image:type\" content=\"image\/jpeg\" \/>\n<meta name=\"author\" content=\"info@inmocosta.com\" \/>\n<meta name=\"twitter:card\" content=\"summary_large_image\" \/>\n<meta name=\"twitter:label1\" content=\"\u00c9crit par\" \/>\n\t<meta name=\"twitter:data1\" content=\"info@inmocosta.com\" \/>\n\t<meta name=\"twitter:label2\" content=\"Dur\u00e9e de lecture estim\u00e9e\" \/>\n\t<meta name=\"twitter:data2\" content=\"1 minute\" \/>\n<script type=\"application\/ld+json\" class=\"yoast-schema-graph\">{\"@context\":\"https:\/\/schema.org\",\"@graph\":[{\"@type\":\"Article\",\"@id\":\"https:\/\/inmocosta.com\/fr\/diploma-de-r-e-co-n-n-a-i-s-s-a-n-c-e-de-l-e-n-t-r-e-p-r-i-s-e\/#article\",\"isPartOf\":{\"@id\":\"https:\/\/inmocosta.com\/fr\/diploma-de-r-e-co-n-n-a-i-s-s-a-n-c-e-de-l-e-n-t-r-e-p-r-i-s-e\/\"},\"author\":{\"name\":\"info@inmocosta.com\",\"@id\":\"https:\/\/inmocosta.com\/fr\/#\/schema\/person\/c1158d0f764ec40f4b366ff7afc7ddd8\"},\"headline\":\"Diploma de R E CO N N A I S S A N C E de L \u00b4 E N T R E P R I S E Inmocosta API\",\"datePublished\":\"2018-06-15T07:25:39+00:00\",\"dateModified\":\"2018-06-28T07:07:49+00:00\",\"mainEntityOfPage\":{\"@id\":\"https:\/\/inmocosta.com\/fr\/diploma-de-r-e-co-n-n-a-i-s-s-a-n-c-e-de-l-e-n-t-r-e-p-r-i-s-e\/\"},\"wordCount\":232,\"publisher\":{\"@id\":\"https:\/\/inmocosta.com\/fr\/#organization\"},\"keywords\":[\"1000 heures\",\"API\",\"Cercle Formatius\",\"Cristina Collier\",\"Cycle Formatif des Activit\u00e9s Commerciales de l'Institut Montgr\u00ed\",\"dipl\u00f4me\",\"double formation\",\"employeurs\",\"formateurs\",\"Generalitat de Catalunya\",\"Inmocosta\",\"inmocosta api\",\"Institut de Torroella de MOntgri\",\"reconnaissance de l\u00b4entreprise\"],\"articleSection\":[\"alentours\",\"Compra Vivendes\",\"d\u00e9coration\",\"immobili\u00e8re\",\"taxation\"],\"inLanguage\":\"fr-FR\"},{\"@type\":\"WebPage\",\"@id\":\"https:\/\/inmocosta.com\/fr\/diploma-de-r-e-co-n-n-a-i-s-s-a-n-c-e-de-l-e-n-t-r-e-p-r-i-s-e\/\",\"url\":\"https:\/\/inmocosta.com\/fr\/diploma-de-r-e-co-n-n-a-i-s-s-a-n-c-e-de-l-e-n-t-r-e-p-r-i-s-e\/\",\"name\":\"Diploma de R E CO N N A I S S A N C E de L \u00b4 E N T R E P R I S E\",\"isPartOf\":{\"@id\":\"https:\/\/inmocosta.com\/fr\/#website\"},\"datePublished\":\"2018-06-15T07:25:39+00:00\",\"dateModified\":\"2018-06-28T07:07:49+00:00\",\"description\":\"Diploma de R E CO N N A I S S A N C E de L \u00b4 E N T R E P R I S E Pour son engagement \u00e0 former les \u00e9tudiants du Cycle Formatif des Activit\u00e9s Commerciales de l'Institut Montgr\u00ed, dans un environnement de travail appropri\u00e9 dans la Double Formation (double PF).\",\"breadcrumb\":{\"@id\":\"https:\/\/inmocosta.com\/fr\/diploma-de-r-e-co-n-n-a-i-s-s-a-n-c-e-de-l-e-n-t-r-e-p-r-i-s-e\/#breadcrumb\"},\"inLanguage\":\"fr-FR\",\"potentialAction\":[{\"@type\":\"ReadAction\",\"target\":[\"https:\/\/inmocosta.com\/fr\/diploma-de-r-e-co-n-n-a-i-s-s-a-n-c-e-de-l-e-n-t-r-e-p-r-i-s-e\/\"]}]},{\"@type\":\"BreadcrumbList\",\"@id\":\"https:\/\/inmocosta.com\/fr\/diploma-de-r-e-co-n-n-a-i-s-s-a-n-c-e-de-l-e-n-t-r-e-p-r-i-s-e\/#breadcrumb\",\"itemListElement\":[{\"@type\":\"ListItem\",\"position\":1,\"name\":\"Home\",\"item\":\"https:\/\/inmocosta.com\/fr\/\"},{\"@type\":\"ListItem\",\"position\":2,\"name\":\"Diploma de R E CO N N A I S S A N C E de L \u00b4 E N T R E P R I S E Inmocosta API\"}]},{\"@type\":\"WebSite\",\"@id\":\"https:\/\/inmocosta.com\/fr\/#website\",\"url\":\"https:\/\/inmocosta.com\/fr\/\",\"name\":\"- Inmocosta API l&#039;Estartit\",\"description\":\"Ag\u00e8ncia immobiliaria dedicada exclusivament a la compra venda d\u00b4immobles . L&#039;assessorem en la compra del seu habitatge. Comprar cases, pisos, apartaments.\",\"publisher\":{\"@id\":\"https:\/\/inmocosta.com\/fr\/#organization\"},\"potentialAction\":[{\"@type\":\"SearchAction\",\"target\":{\"@type\":\"EntryPoint\",\"urlTemplate\":\"https:\/\/inmocosta.com\/fr\/?s={search_term_string}\"},\"query-input\":\"required name=search_term_string\"}],\"inLanguage\":\"fr-FR\"},{\"@type\":\"Organization\",\"@id\":\"https:\/\/inmocosta.com\/fr\/#organization\",\"name\":\"Inmocosta API L'Estartit\",\"url\":\"https:\/\/inmocosta.com\/fr\/\",\"logo\":{\"@type\":\"ImageObject\",\"inLanguage\":\"fr-FR\",\"@id\":\"https:\/\/inmocosta.com\/fr\/#\/schema\/logo\/image\/\",\"url\":\"https:\/\/inmocosta.com\/wp-content\/uploads\/2025\/01\/imatge_usuari.png\",\"contentUrl\":\"https:\/\/inmocosta.com\/wp-content\/uploads\/2025\/01\/imatge_usuari.png\",\"width\":500,\"height\":500,\"caption\":\"Inmocosta API L'Estartit\"},\"image\":{\"@id\":\"https:\/\/inmocosta.com\/fr\/#\/schema\/logo\/image\/\"},\"sameAs\":[\"https:\/\/www.facebook.com\/inmocostaapi\/\",\"https:\/\/www.instagram.com\/inmocosta_api\/\",\"https:\/\/www.youtube.com\/channel\/UCidmbkY6BpJG9MA_OQUZgYQ\"]},{\"@type\":\"Person\",\"@id\":\"https:\/\/inmocosta.com\/fr\/#\/schema\/person\/c1158d0f764ec40f4b366ff7afc7ddd8\",\"name\":\"info@inmocosta.com\",\"image\":{\"@type\":\"ImageObject\",\"inLanguage\":\"fr-FR\",\"@id\":\"https:\/\/inmocosta.com\/fr\/#\/schema\/person\/image\/\",\"url\":\"https:\/\/secure.gravatar.com\/avatar\/6fcb462a4ecd1323c01cea6303344762c4ebd0c5a2d8936b060b9188b467a7e9?s=96&d=mm&r=g\",\"contentUrl\":\"https:\/\/secure.gravatar.com\/avatar\/6fcb462a4ecd1323c01cea6303344762c4ebd0c5a2d8936b060b9188b467a7e9?s=96&d=mm&r=g\",\"caption\":\"info@inmocosta.com\"}}]}<\/script>\n<!-- \/ Yoast SEO plugin. -->","yoast_head_json":{"title":"Diploma de R E CO N N A I S S A N C E de L \u00b4 E N T R E P R I S E","description":"Diploma de R E CO N N A I S S A N C E de L \u00b4 E N T R E P R I S E Pour son engagement \u00e0 former les \u00e9tudiants du Cycle Formatif des Activit\u00e9s Commerciales de l'Institut Montgr\u00ed, dans un environnement de travail appropri\u00e9 dans la Double Formation (double PF).","robots":{"index":"index","follow":"follow","max-snippet":"max-snippet:-1","max-image-preview":"max-image-preview:large","max-video-preview":"max-video-preview:-1"},"canonical":"https:\/\/inmocosta.com\/fr\/diploma-de-r-e-co-n-n-a-i-s-s-a-n-c-e-de-l-e-n-t-r-e-p-r-i-s-e\/","og_locale":"fr_FR","og_type":"article","og_title":"Diploma de R E CO N N A I S S A N C E de L \u00b4 E N T R E P R I S E","og_description":"Diploma de R E CO N N A I S S A N C E de L \u00b4 E N T R E P R I S E Pour son engagement \u00e0 former les \u00e9tudiants du Cycle Formatif des Activit\u00e9s Commerciales de l'Institut Montgr\u00ed, dans un environnement de travail appropri\u00e9 dans la Double Formation (double PF).","og_url":"https:\/\/inmocosta.com\/fr\/diploma-de-r-e-co-n-n-a-i-s-s-a-n-c-e-de-l-e-n-t-r-e-p-r-i-s-e\/","og_site_name":"- Inmocosta API l&#039;Estartit","article_publisher":"https:\/\/www.facebook.com\/inmocostaapi\/","article_published_time":"2018-06-15T07:25:39+00:00","article_modified_time":"2018-06-28T07:07:49+00:00","og_image":[{"width":2339,"height":1654,"url":"https:\/\/inmocosta.com\/wp-content\/uploads\/2018\/06\/Diploma-empreses-InmoCosta-Generalitat-de-Catalunya-Ensenyament-Ajuntament-Torroella-de-MOntgri-e-Institut-Torroella.jpg","type":"image\/jpeg"}],"author":"info@inmocosta.com","twitter_card":"summary_large_image","twitter_misc":{"\u00c9crit par":"info@inmocosta.com","Dur\u00e9e de lecture estim\u00e9e":"1 minute"},"schema":{"@context":"https:\/\/schema.org","@graph":[{"@type":"Article","@id":"https:\/\/inmocosta.com\/fr\/diploma-de-r-e-co-n-n-a-i-s-s-a-n-c-e-de-l-e-n-t-r-e-p-r-i-s-e\/#article","isPartOf":{"@id":"https:\/\/inmocosta.com\/fr\/diploma-de-r-e-co-n-n-a-i-s-s-a-n-c-e-de-l-e-n-t-r-e-p-r-i-s-e\/"},"author":{"name":"info@inmocosta.com","@id":"https:\/\/inmocosta.com\/fr\/#\/schema\/person\/c1158d0f764ec40f4b366ff7afc7ddd8"},"headline":"Diploma de R E CO N N A I S S A N C E de L \u00b4 E N T R E P R I S E Inmocosta API","datePublished":"2018-06-15T07:25:39+00:00","dateModified":"2018-06-28T07:07:49+00:00","mainEntityOfPage":{"@id":"https:\/\/inmocosta.com\/fr\/diploma-de-r-e-co-n-n-a-i-s-s-a-n-c-e-de-l-e-n-t-r-e-p-r-i-s-e\/"},"wordCount":232,"publisher":{"@id":"https:\/\/inmocosta.com\/fr\/#organization"},"keywords":["1000 heures","API","Cercle Formatius","Cristina Collier","Cycle Formatif des Activit\u00e9s Commerciales de l'Institut Montgr\u00ed","dipl\u00f4me","double formation","employeurs","formateurs","Generalitat de Catalunya","Inmocosta","inmocosta api","Institut de Torroella de MOntgri","reconnaissance de l\u00b4entreprise"],"articleSection":["alentours","Compra Vivendes","d\u00e9coration","immobili\u00e8re","taxation"],"inLanguage":"fr-FR"},{"@type":"WebPage","@id":"https:\/\/inmocosta.com\/fr\/diploma-de-r-e-co-n-n-a-i-s-s-a-n-c-e-de-l-e-n-t-r-e-p-r-i-s-e\/","url":"https:\/\/inmocosta.com\/fr\/diploma-de-r-e-co-n-n-a-i-s-s-a-n-c-e-de-l-e-n-t-r-e-p-r-i-s-e\/","name":"Diploma de R E CO N N A I S S A N C E de L \u00b4 E N T R E P R I S E","isPartOf":{"@id":"https:\/\/inmocosta.com\/fr\/#website"},"datePublished":"2018-06-15T07:25:39+00:00","dateModified":"2018-06-28T07:07:49+00:00","description":"Diploma de R E CO N N A I S S A N C E de L \u00b4 E N T R E P R I S E Pour son engagement \u00e0 former les \u00e9tudiants du Cycle Formatif des Activit\u00e9s Commerciales de l'Institut Montgr\u00ed, dans un environnement de travail appropri\u00e9 dans la Double Formation (double PF).","breadcrumb":{"@id":"https:\/\/inmocosta.com\/fr\/diploma-de-r-e-co-n-n-a-i-s-s-a-n-c-e-de-l-e-n-t-r-e-p-r-i-s-e\/#breadcrumb"},"inLanguage":"fr-FR","potentialAction":[{"@type":"ReadAction","target":["https:\/\/inmocosta.com\/fr\/diploma-de-r-e-co-n-n-a-i-s-s-a-n-c-e-de-l-e-n-t-r-e-p-r-i-s-e\/"]}]},{"@type":"BreadcrumbList","@id":"https:\/\/inmocosta.com\/fr\/diploma-de-r-e-co-n-n-a-i-s-s-a-n-c-e-de-l-e-n-t-r-e-p-r-i-s-e\/#breadcrumb","itemListElement":[{"@type":"ListItem","position":1,"name":"Home","item":"https:\/\/inmocosta.com\/fr\/"},{"@type":"ListItem","position":2,"name":"Diploma de R E CO N N A I S S A N C E de L \u00b4 E N T R E P R I S E Inmocosta API"}]},{"@type":"WebSite","@id":"https:\/\/inmocosta.com\/fr\/#website","url":"https:\/\/inmocosta.com\/fr\/","name":"- Inmocosta API l&#039;Estartit","description":"Ag\u00e8ncia immobiliaria dedicada exclusivament a la compra venda d\u00b4immobles . L&#039;assessorem en la compra del seu habitatge. Comprar cases, pisos, apartaments.","publisher":{"@id":"https:\/\/inmocosta.com\/fr\/#organization"},"potentialAction":[{"@type":"SearchAction","target":{"@type":"EntryPoint","urlTemplate":"https:\/\/inmocosta.com\/fr\/?s={search_term_string}"},"query-input":"required name=search_term_string"}],"inLanguage":"fr-FR"},{"@type":"Organization","@id":"https:\/\/inmocosta.com\/fr\/#organization","name":"Inmocosta API L'Estartit","url":"https:\/\/inmocosta.com\/fr\/","logo":{"@type":"ImageObject","inLanguage":"fr-FR","@id":"https:\/\/inmocosta.com\/fr\/#\/schema\/logo\/image\/","url":"https:\/\/inmocosta.com\/wp-content\/uploads\/2025\/01\/imatge_usuari.png","contentUrl":"https:\/\/inmocosta.com\/wp-content\/uploads\/2025\/01\/imatge_usuari.png","width":500,"height":500,"caption":"Inmocosta API L'Estartit"},"image":{"@id":"https:\/\/inmocosta.com\/fr\/#\/schema\/logo\/image\/"},"sameAs":["https:\/\/www.facebook.com\/inmocostaapi\/","https:\/\/www.instagram.com\/inmocosta_api\/","https:\/\/www.youtube.com\/channel\/UCidmbkY6BpJG9MA_OQUZgYQ"]},{"@type":"Person","@id":"https:\/\/inmocosta.com\/fr\/#\/schema\/person\/c1158d0f764ec40f4b366ff7afc7ddd8","name":"info@inmocosta.com","image":{"@type":"ImageObject","inLanguage":"fr-FR","@id":"https:\/\/inmocosta.com\/fr\/#\/schema\/person\/image\/","url":"https:\/\/secure.gravatar.com\/avatar\/6fcb462a4ecd1323c01cea6303344762c4ebd0c5a2d8936b060b9188b467a7e9?s=96&d=mm&r=g","contentUrl":"https:\/\/secure.gravatar.com\/avatar\/6fcb462a4ecd1323c01cea6303344762c4ebd0c5a2d8936b060b9188b467a7e9?s=96&d=mm&r=g","caption":"info@inmocosta.com"}}]}},"_links":{"self":[{"href":"https:\/\/inmocosta.com\/fr\/wp-json\/wp\/v2\/posts\/39773","targetHints":{"allow":["GET"]}}],"collection":[{"href":"https:\/\/inmocosta.com\/fr\/wp-json\/wp\/v2\/posts"}],"about":[{"href":"https:\/\/inmocosta.com\/fr\/wp-json\/wp\/v2\/types\/post"}],"author":[{"embeddable":true,"href":"https:\/\/inmocosta.com\/fr\/wp-json\/wp\/v2\/users\/1"}],"replies":[{"embeddable":true,"href":"https:\/\/inmocosta.com\/fr\/wp-json\/wp\/v2\/comments?post=39773"}],"version-history":[{"count":3,"href":"https:\/\/inmocosta.com\/fr\/wp-json\/wp\/v2\/posts\/39773\/revisions"}],"predecessor-version":[{"id":39792,"href":"https:\/\/inmocosta.com\/fr\/wp-json\/wp\/v2\/posts\/39773\/revisions\/39792"}],"wp:featuredmedia":[{"embeddable":true,"href":"https:\/\/inmocosta.com\/fr\/wp-json\/wp\/v2\/media\/39769"}],"wp:attachment":[{"href":"https:\/\/inmocosta.com\/fr\/wp-json\/wp\/v2\/media?parent=39773"}],"wp:term":[{"taxonomy":"category","embeddable":true,"href":"https:\/\/inmocosta.com\/fr\/wp-json\/wp\/v2\/categories?post=39773"},{"taxonomy":"post_tag","embeddable":true,"href":"https:\/\/inmocosta.com\/fr\/wp-json\/wp\/v2\/tags?post=39773"}],"curies":[{"name":"wp","href":"https:\/\/api.w.org\/{rel}","templated":true}]}}