{"id":39911,"date":"2018-06-21T15:57:04","date_gmt":"2018-06-21T14:57:04","guid":{"rendered":"http:\/\/inmocosta.com\/rutes-a-parc-natural-del-montgri-illes-medes-i-baix-ter\/"},"modified":"2018-06-29T16:45:13","modified_gmt":"2018-06-29T15:45:13","slug":"itineraires-dans-le-parc-naturel-du-montgri-iles-medes","status":"publish","type":"post","link":"https:\/\/inmocosta.com\/fr\/itineraires-dans-le-parc-naturel-du-montgri-iles-medes\/","title":{"rendered":"Itin\u00e9raires dans le parc naturel du Montgr\u00ed, \u00eeles Medes"},"content":{"rendered":"<h2>Itin\u00e9raires dans le parc naturel du Montgr\u00ed, \u00celes Medes &#8211; InmocostaAPI<\/h2>\n<h2><strong><span style=\"font-size: 14pt;\">Entrez dans ce parc naturel fantastique o\u00f9 vous pourrez d\u00e9couvrir tout un monde de couleurs \u00e0 port\u00e9e de main.<\/span><\/strong><\/h2>\n<p>Ici, nous vous laissons quelques-uns des meilleurs itin\u00e9raires dans la r\u00e9gion, \u00e0 faire pendant ces vacances d&rsquo;\u00e9t\u00e9!<\/p>\n<h4>Itin\u00e9raires avec d\u00e9part \u00e0 l&rsquo;Estartit:<\/h4>\n<ul>\n<li><strong>Route vers la gorge de Ter (\u00e0 pied ou \u00e0 v\u00e9lo):\u00a0<\/strong>Nous vous sugg\u00e9rons de voyager confortablement avec les zones d&rsquo;int\u00e9r\u00eat \u00e9cologique de la c\u00f4te de Baix Ter. C&rsquo;est un itin\u00e9raire de 4,95 kilom\u00e8tres avec une dur\u00e9e de 1 heure et 25 minutes. C&rsquo;est un itin\u00e9raire tr\u00e8s facile, adapt\u00e9 aux familles.<\/li>\n<li><strong>Courte pause pour Montgr\u00ed (\u00e0 v\u00e9lo):<\/strong> courte piste cyclable relie L&rsquo;Estartit et Torroella le long des contreforts de Montpl\u00e0. C&rsquo;est un itin\u00e9raire de 16, 60 kilom\u00e8tres avec une dur\u00e9e de 2 heures. C&rsquo;est une route de difficult\u00e9 moyenne.<\/li>\n<\/ul>\n<h4>Itin\u00e9raires \u00e0 partir de Torroella de Montgr\u00ed:<\/h4>\n<ul>\n<li><strong>Route vers le ch\u00e2teau de Montgr\u00ed (\u00e0 pied):<\/strong> nous nous approcherons du plus c\u00e9l\u00e8bre Montgr\u00ed, o\u00f9 nous d\u00e9couvrirons des lieux d&rsquo;un grand int\u00e9r\u00eat historique. C&rsquo;est un itin\u00e9raire de 3,30 kilom\u00e8tres avec une dur\u00e9e de 1 heure et 10 minutes. C&rsquo;est un itin\u00e9raire relativement facile.<\/li>\n<li><strong>Ull\u00e0 et le Gran Muntanya (\u00e0 v\u00e9lo):<\/strong> plat et montagne de Montgr\u00ed. Itin\u00e9raire tr\u00e8s complet \u00e0 faire en btt, avec des environnements diff\u00e9rents et des difficult\u00e9s vari\u00e9es. C&rsquo;est un itin\u00e9raire de 32.60 kilom\u00e8tres avec une dur\u00e9e de 2 heures et 27 minutes. C&rsquo;est une route d&rsquo;une difficult\u00e9 moyenne.<\/li>\n<\/ul>\n<p>[vc_row][vc_column]<span id=\"creative-link-wrap-4064\" class=\"ult_main_cl ult-adjust-bottom-margin  \" >\r\n\t \t\t\t<span class=\"  ult_crlink\" >\r\n\t\t\t\t\t<a  data-ultimate-target='#creative-link-wrap-4064 .ult_colorlink'  data-responsive-json-new='{\"font-size\":\"desktop:18px;\",\"line-height\":\"\"}'  href=\"http:\/\/www.naturalocal.net\/itineraris?aid=&tid=&did=&typ=&kw=&coid=2&pid=2-17&ciid=134\" target=\"_blank\" rel=\"noopener\"  class=\"ult_colorlink ult-responsive  ult_createlink\" style=\"font-weight:bold; \"  data-textcolor=\"#333333\" data-texthover=\"#333333\"data-style=\"\">\r\n\t\t\t\t\t\t\r\n\t\t\t\t\t\t<span data-hover=\"Clique ici pour plus d&#039;itin\u00e9raires!\" style=\"color:#333333;;;\" class=\"ult_btn10_span   \">Clique ici pour plus d'itin\u00e9raires!<\/span>\r\n\t\t\t\t\t\t\r\n\t\t\t\t\t<\/a>\r\n\t\t\t\t<\/span>\r\n\t\t\t<\/span>[\/vc_column][\/vc_row][vc_row][vc_column][vc_column_text]<\/p>\n<p>[\/vc_column_text][\/vc_column][\/vc_row]<\/p>\n","protected":false},"excerpt":{"rendered":"<p>Itin\u00e9raires dans le parc naturel du Montgr\u00ed, \u00celes Medes &#8211; InmocostaAPI Entrez dans ce parc naturel fantastique o\u00f9 vous pourrez d\u00e9couvrir tout un monde de couleurs \u00e0 port\u00e9e de main. Ici, nous vous laissons quelques-uns des meilleurs itin\u00e9raires dans la r\u00e9gion, \u00e0 faire pendant ces vacances d&rsquo;\u00e9t\u00e9! Itin\u00e9raires avec d\u00e9part \u00e0 l&rsquo;Estartit: Route vers la gorge de Ter (\u00e0 pied ou \u00e0 v\u00e9lo):\u00a0Nous vous &#8230;<\/p>\n","protected":false},"author":1,"featured_media":39901,"comment_status":"closed","ping_status":"open","sticky":false,"template":"","format":"standard","meta":{"footnotes":""},"categories":[308,312,424,306,318],"tags":[757,863,758,867,864,811,814,862,865,861,866],"class_list":["post-39911","post","type-post","status-publish","format-standard","has-post-thumbnail","hentry","category-alentours","category-api-fr","category-compra-vivendes-fr","category-decoration-fr","category-immobiliere","tag-baix-ter-fr","tag-chemins","tag-entorn-fr","tag-ete","tag-fantastique","tag-faune-et-flore","tag-iles-medes","tag-itineraires","tag-monde-de-couelurs","tag-parc-naturel-montgri","tag-vacances"],"yoast_head":"<!-- This site is optimized with the Yoast SEO plugin v21.8 - https:\/\/yoast.com\/wordpress\/plugins\/seo\/ -->\n<title>Itin\u00e9raires dans le parc naturel du Montgr\u00ed, \u00eeles Medes - InmocostaAPI<\/title>\n<meta name=\"description\" content=\"Itin\u00e9raires dans le parc naturel du Montgr\u00ed, \u00eeles Medes Entrez dans ce parc naturel fantastique o\u00f9 vous pourrez d\u00e9couvrir tout un monde de couleurs \u00e0 port\u00e9e de main. Ici, nous vous laissons quelques-uns des meilleurs itin\u00e9raires dans la r\u00e9gion, \u00e0 faire pendant ces vacances d&#039;\u00e9t\u00e9!\" \/>\n<meta name=\"robots\" content=\"index, follow, max-snippet:-1, max-image-preview:large, max-video-preview:-1\" \/>\n<link rel=\"canonical\" href=\"https:\/\/inmocosta.com\/fr\/itineraires-dans-le-parc-naturel-du-montgri-iles-medes\/\" \/>\n<meta property=\"og:locale\" content=\"fr_FR\" \/>\n<meta property=\"og:type\" content=\"article\" \/>\n<meta property=\"og:title\" content=\"Itin\u00e9raires dans le parc naturel du Montgr\u00ed, \u00eeles Medes - InmocostaAPI\" \/>\n<meta property=\"og:description\" content=\"Itin\u00e9raires dans le parc naturel du Montgr\u00ed, \u00eeles Medes Entrez dans ce parc naturel fantastique o\u00f9 vous pourrez d\u00e9couvrir tout un monde de couleurs \u00e0 port\u00e9e de main. Ici, nous vous laissons quelques-uns des meilleurs itin\u00e9raires dans la r\u00e9gion, \u00e0 faire pendant ces vacances d&#039;\u00e9t\u00e9!\" \/>\n<meta property=\"og:url\" content=\"https:\/\/inmocosta.com\/fr\/itineraires-dans-le-parc-naturel-du-montgri-iles-medes\/\" \/>\n<meta property=\"og:site_name\" content=\"- Inmocosta API l&#039;Estartit\" \/>\n<meta property=\"article:publisher\" content=\"https:\/\/www.facebook.com\/inmocostaapi\/\" \/>\n<meta property=\"article:published_time\" content=\"2018-06-21T14:57:04+00:00\" \/>\n<meta property=\"article:modified_time\" content=\"2018-06-29T15:45:13+00:00\" \/>\n<meta property=\"og:image\" content=\"https:\/\/inmocosta.com\/wp-content\/uploads\/2018\/06\/Torroella-lEstartit-Ruta-a-peu-fam\u00edlia3_1000x500.jpg\" \/>\n\t<meta property=\"og:image:width\" content=\"850\" \/>\n\t<meta property=\"og:image:height\" content=\"425\" \/>\n\t<meta property=\"og:image:type\" content=\"image\/jpeg\" \/>\n<meta name=\"author\" content=\"info@inmocosta.com\" \/>\n<meta name=\"twitter:card\" content=\"summary_large_image\" \/>\n<meta name=\"twitter:label1\" content=\"\u00c9crit par\" \/>\n\t<meta name=\"twitter:data1\" content=\"info@inmocosta.com\" \/>\n\t<meta name=\"twitter:label2\" content=\"Dur\u00e9e de lecture estim\u00e9e\" \/>\n\t<meta name=\"twitter:data2\" content=\"2 minutes\" \/>\n<script type=\"application\/ld+json\" class=\"yoast-schema-graph\">{\"@context\":\"https:\/\/schema.org\",\"@graph\":[{\"@type\":\"Article\",\"@id\":\"https:\/\/inmocosta.com\/fr\/itineraires-dans-le-parc-naturel-du-montgri-iles-medes\/#article\",\"isPartOf\":{\"@id\":\"https:\/\/inmocosta.com\/fr\/itineraires-dans-le-parc-naturel-du-montgri-iles-medes\/\"},\"author\":{\"name\":\"info@inmocosta.com\",\"@id\":\"https:\/\/inmocosta.com\/fr\/#\/schema\/person\/c1158d0f764ec40f4b366ff7afc7ddd8\"},\"headline\":\"Itin\u00e9raires dans le parc naturel du Montgr\u00ed, \u00eeles Medes\",\"datePublished\":\"2018-06-21T14:57:04+00:00\",\"dateModified\":\"2018-06-29T15:45:13+00:00\",\"mainEntityOfPage\":{\"@id\":\"https:\/\/inmocosta.com\/fr\/itineraires-dans-le-parc-naturel-du-montgri-iles-medes\/\"},\"wordCount\":353,\"publisher\":{\"@id\":\"https:\/\/inmocosta.com\/fr\/#organization\"},\"keywords\":[\"Baix Ter\",\"chemins\",\"entorn\",\"\u00e9t\u00e9\",\"fantastique\",\"faune et flore\",\"iles medes\",\"itin\u00e9raires\",\"monde de couelurs\",\"parc naturel Montgr\u00ed\",\"vacances\"],\"articleSection\":[\"alentours\",\"API\",\"Compra Vivendes\",\"d\u00e9coration\",\"immobili\u00e8re\"],\"inLanguage\":\"fr-FR\"},{\"@type\":\"WebPage\",\"@id\":\"https:\/\/inmocosta.com\/fr\/itineraires-dans-le-parc-naturel-du-montgri-iles-medes\/\",\"url\":\"https:\/\/inmocosta.com\/fr\/itineraires-dans-le-parc-naturel-du-montgri-iles-medes\/\",\"name\":\"Itin\u00e9raires dans le parc naturel du Montgr\u00ed, \u00eeles Medes - InmocostaAPI\",\"isPartOf\":{\"@id\":\"https:\/\/inmocosta.com\/fr\/#website\"},\"datePublished\":\"2018-06-21T14:57:04+00:00\",\"dateModified\":\"2018-06-29T15:45:13+00:00\",\"description\":\"Itin\u00e9raires dans le parc naturel du Montgr\u00ed, \u00eeles Medes Entrez dans ce parc naturel fantastique o\u00f9 vous pourrez d\u00e9couvrir tout un monde de couleurs \u00e0 port\u00e9e de main. Ici, nous vous laissons quelques-uns des meilleurs itin\u00e9raires dans la r\u00e9gion, \u00e0 faire pendant ces vacances d'\u00e9t\u00e9!\",\"breadcrumb\":{\"@id\":\"https:\/\/inmocosta.com\/fr\/itineraires-dans-le-parc-naturel-du-montgri-iles-medes\/#breadcrumb\"},\"inLanguage\":\"fr-FR\",\"potentialAction\":[{\"@type\":\"ReadAction\",\"target\":[\"https:\/\/inmocosta.com\/fr\/itineraires-dans-le-parc-naturel-du-montgri-iles-medes\/\"]}]},{\"@type\":\"BreadcrumbList\",\"@id\":\"https:\/\/inmocosta.com\/fr\/itineraires-dans-le-parc-naturel-du-montgri-iles-medes\/#breadcrumb\",\"itemListElement\":[{\"@type\":\"ListItem\",\"position\":1,\"name\":\"Home\",\"item\":\"https:\/\/inmocosta.com\/fr\/\"},{\"@type\":\"ListItem\",\"position\":2,\"name\":\"Itin\u00e9raires dans le parc naturel du Montgr\u00ed, \u00eeles Medes\"}]},{\"@type\":\"WebSite\",\"@id\":\"https:\/\/inmocosta.com\/fr\/#website\",\"url\":\"https:\/\/inmocosta.com\/fr\/\",\"name\":\"- Inmocosta API l&#039;Estartit\",\"description\":\"Ag\u00e8ncia immobiliaria dedicada exclusivament a la compra venda d\u00b4immobles . L&#039;assessorem en la compra del seu habitatge. Comprar cases, pisos, apartaments.\",\"publisher\":{\"@id\":\"https:\/\/inmocosta.com\/fr\/#organization\"},\"potentialAction\":[{\"@type\":\"SearchAction\",\"target\":{\"@type\":\"EntryPoint\",\"urlTemplate\":\"https:\/\/inmocosta.com\/fr\/?s={search_term_string}\"},\"query-input\":\"required name=search_term_string\"}],\"inLanguage\":\"fr-FR\"},{\"@type\":\"Organization\",\"@id\":\"https:\/\/inmocosta.com\/fr\/#organization\",\"name\":\"Inmocosta API L'Estartit\",\"url\":\"https:\/\/inmocosta.com\/fr\/\",\"logo\":{\"@type\":\"ImageObject\",\"inLanguage\":\"fr-FR\",\"@id\":\"https:\/\/inmocosta.com\/fr\/#\/schema\/logo\/image\/\",\"url\":\"https:\/\/inmocosta.com\/wp-content\/uploads\/2025\/01\/imatge_usuari.png\",\"contentUrl\":\"https:\/\/inmocosta.com\/wp-content\/uploads\/2025\/01\/imatge_usuari.png\",\"width\":500,\"height\":500,\"caption\":\"Inmocosta API L'Estartit\"},\"image\":{\"@id\":\"https:\/\/inmocosta.com\/fr\/#\/schema\/logo\/image\/\"},\"sameAs\":[\"https:\/\/www.facebook.com\/inmocostaapi\/\",\"https:\/\/www.instagram.com\/inmocosta_api\/\",\"https:\/\/www.youtube.com\/channel\/UCidmbkY6BpJG9MA_OQUZgYQ\"]},{\"@type\":\"Person\",\"@id\":\"https:\/\/inmocosta.com\/fr\/#\/schema\/person\/c1158d0f764ec40f4b366ff7afc7ddd8\",\"name\":\"info@inmocosta.com\",\"image\":{\"@type\":\"ImageObject\",\"inLanguage\":\"fr-FR\",\"@id\":\"https:\/\/inmocosta.com\/fr\/#\/schema\/person\/image\/\",\"url\":\"https:\/\/secure.gravatar.com\/avatar\/6fcb462a4ecd1323c01cea6303344762c4ebd0c5a2d8936b060b9188b467a7e9?s=96&d=mm&r=g\",\"contentUrl\":\"https:\/\/secure.gravatar.com\/avatar\/6fcb462a4ecd1323c01cea6303344762c4ebd0c5a2d8936b060b9188b467a7e9?s=96&d=mm&r=g\",\"caption\":\"info@inmocosta.com\"}}]}<\/script>\n<!-- \/ Yoast SEO plugin. -->","yoast_head_json":{"title":"Itin\u00e9raires dans le parc naturel du Montgr\u00ed, \u00eeles Medes - InmocostaAPI","description":"Itin\u00e9raires dans le parc naturel du Montgr\u00ed, \u00eeles Medes Entrez dans ce parc naturel fantastique o\u00f9 vous pourrez d\u00e9couvrir tout un monde de couleurs \u00e0 port\u00e9e de main. Ici, nous vous laissons quelques-uns des meilleurs itin\u00e9raires dans la r\u00e9gion, \u00e0 faire pendant ces vacances d'\u00e9t\u00e9!","robots":{"index":"index","follow":"follow","max-snippet":"max-snippet:-1","max-image-preview":"max-image-preview:large","max-video-preview":"max-video-preview:-1"},"canonical":"https:\/\/inmocosta.com\/fr\/itineraires-dans-le-parc-naturel-du-montgri-iles-medes\/","og_locale":"fr_FR","og_type":"article","og_title":"Itin\u00e9raires dans le parc naturel du Montgr\u00ed, \u00eeles Medes - InmocostaAPI","og_description":"Itin\u00e9raires dans le parc naturel du Montgr\u00ed, \u00eeles Medes Entrez dans ce parc naturel fantastique o\u00f9 vous pourrez d\u00e9couvrir tout un monde de couleurs \u00e0 port\u00e9e de main. Ici, nous vous laissons quelques-uns des meilleurs itin\u00e9raires dans la r\u00e9gion, \u00e0 faire pendant ces vacances d'\u00e9t\u00e9!","og_url":"https:\/\/inmocosta.com\/fr\/itineraires-dans-le-parc-naturel-du-montgri-iles-medes\/","og_site_name":"- Inmocosta API l&#039;Estartit","article_publisher":"https:\/\/www.facebook.com\/inmocostaapi\/","article_published_time":"2018-06-21T14:57:04+00:00","article_modified_time":"2018-06-29T15:45:13+00:00","og_image":[{"width":850,"height":425,"url":"https:\/\/inmocosta.com\/wp-content\/uploads\/2018\/06\/Torroella-lEstartit-Ruta-a-peu-fam\u00edlia3_1000x500.jpg","type":"image\/jpeg"}],"author":"info@inmocosta.com","twitter_card":"summary_large_image","twitter_misc":{"\u00c9crit par":"info@inmocosta.com","Dur\u00e9e de lecture estim\u00e9e":"2 minutes"},"schema":{"@context":"https:\/\/schema.org","@graph":[{"@type":"Article","@id":"https:\/\/inmocosta.com\/fr\/itineraires-dans-le-parc-naturel-du-montgri-iles-medes\/#article","isPartOf":{"@id":"https:\/\/inmocosta.com\/fr\/itineraires-dans-le-parc-naturel-du-montgri-iles-medes\/"},"author":{"name":"info@inmocosta.com","@id":"https:\/\/inmocosta.com\/fr\/#\/schema\/person\/c1158d0f764ec40f4b366ff7afc7ddd8"},"headline":"Itin\u00e9raires dans le parc naturel du Montgr\u00ed, \u00eeles Medes","datePublished":"2018-06-21T14:57:04+00:00","dateModified":"2018-06-29T15:45:13+00:00","mainEntityOfPage":{"@id":"https:\/\/inmocosta.com\/fr\/itineraires-dans-le-parc-naturel-du-montgri-iles-medes\/"},"wordCount":353,"publisher":{"@id":"https:\/\/inmocosta.com\/fr\/#organization"},"keywords":["Baix Ter","chemins","entorn","\u00e9t\u00e9","fantastique","faune et flore","iles medes","itin\u00e9raires","monde de couelurs","parc naturel Montgr\u00ed","vacances"],"articleSection":["alentours","API","Compra Vivendes","d\u00e9coration","immobili\u00e8re"],"inLanguage":"fr-FR"},{"@type":"WebPage","@id":"https:\/\/inmocosta.com\/fr\/itineraires-dans-le-parc-naturel-du-montgri-iles-medes\/","url":"https:\/\/inmocosta.com\/fr\/itineraires-dans-le-parc-naturel-du-montgri-iles-medes\/","name":"Itin\u00e9raires dans le parc naturel du Montgr\u00ed, \u00eeles Medes - InmocostaAPI","isPartOf":{"@id":"https:\/\/inmocosta.com\/fr\/#website"},"datePublished":"2018-06-21T14:57:04+00:00","dateModified":"2018-06-29T15:45:13+00:00","description":"Itin\u00e9raires dans le parc naturel du Montgr\u00ed, \u00eeles Medes Entrez dans ce parc naturel fantastique o\u00f9 vous pourrez d\u00e9couvrir tout un monde de couleurs \u00e0 port\u00e9e de main. Ici, nous vous laissons quelques-uns des meilleurs itin\u00e9raires dans la r\u00e9gion, \u00e0 faire pendant ces vacances d'\u00e9t\u00e9!","breadcrumb":{"@id":"https:\/\/inmocosta.com\/fr\/itineraires-dans-le-parc-naturel-du-montgri-iles-medes\/#breadcrumb"},"inLanguage":"fr-FR","potentialAction":[{"@type":"ReadAction","target":["https:\/\/inmocosta.com\/fr\/itineraires-dans-le-parc-naturel-du-montgri-iles-medes\/"]}]},{"@type":"BreadcrumbList","@id":"https:\/\/inmocosta.com\/fr\/itineraires-dans-le-parc-naturel-du-montgri-iles-medes\/#breadcrumb","itemListElement":[{"@type":"ListItem","position":1,"name":"Home","item":"https:\/\/inmocosta.com\/fr\/"},{"@type":"ListItem","position":2,"name":"Itin\u00e9raires dans le parc naturel du Montgr\u00ed, \u00eeles Medes"}]},{"@type":"WebSite","@id":"https:\/\/inmocosta.com\/fr\/#website","url":"https:\/\/inmocosta.com\/fr\/","name":"- Inmocosta API l&#039;Estartit","description":"Ag\u00e8ncia immobiliaria dedicada exclusivament a la compra venda d\u00b4immobles . L&#039;assessorem en la compra del seu habitatge. Comprar cases, pisos, apartaments.","publisher":{"@id":"https:\/\/inmocosta.com\/fr\/#organization"},"potentialAction":[{"@type":"SearchAction","target":{"@type":"EntryPoint","urlTemplate":"https:\/\/inmocosta.com\/fr\/?s={search_term_string}"},"query-input":"required name=search_term_string"}],"inLanguage":"fr-FR"},{"@type":"Organization","@id":"https:\/\/inmocosta.com\/fr\/#organization","name":"Inmocosta API L'Estartit","url":"https:\/\/inmocosta.com\/fr\/","logo":{"@type":"ImageObject","inLanguage":"fr-FR","@id":"https:\/\/inmocosta.com\/fr\/#\/schema\/logo\/image\/","url":"https:\/\/inmocosta.com\/wp-content\/uploads\/2025\/01\/imatge_usuari.png","contentUrl":"https:\/\/inmocosta.com\/wp-content\/uploads\/2025\/01\/imatge_usuari.png","width":500,"height":500,"caption":"Inmocosta API L'Estartit"},"image":{"@id":"https:\/\/inmocosta.com\/fr\/#\/schema\/logo\/image\/"},"sameAs":["https:\/\/www.facebook.com\/inmocostaapi\/","https:\/\/www.instagram.com\/inmocosta_api\/","https:\/\/www.youtube.com\/channel\/UCidmbkY6BpJG9MA_OQUZgYQ"]},{"@type":"Person","@id":"https:\/\/inmocosta.com\/fr\/#\/schema\/person\/c1158d0f764ec40f4b366ff7afc7ddd8","name":"info@inmocosta.com","image":{"@type":"ImageObject","inLanguage":"fr-FR","@id":"https:\/\/inmocosta.com\/fr\/#\/schema\/person\/image\/","url":"https:\/\/secure.gravatar.com\/avatar\/6fcb462a4ecd1323c01cea6303344762c4ebd0c5a2d8936b060b9188b467a7e9?s=96&d=mm&r=g","contentUrl":"https:\/\/secure.gravatar.com\/avatar\/6fcb462a4ecd1323c01cea6303344762c4ebd0c5a2d8936b060b9188b467a7e9?s=96&d=mm&r=g","caption":"info@inmocosta.com"}}]}},"_links":{"self":[{"href":"https:\/\/inmocosta.com\/fr\/wp-json\/wp\/v2\/posts\/39911","targetHints":{"allow":["GET"]}}],"collection":[{"href":"https:\/\/inmocosta.com\/fr\/wp-json\/wp\/v2\/posts"}],"about":[{"href":"https:\/\/inmocosta.com\/fr\/wp-json\/wp\/v2\/types\/post"}],"author":[{"embeddable":true,"href":"https:\/\/inmocosta.com\/fr\/wp-json\/wp\/v2\/users\/1"}],"replies":[{"embeddable":true,"href":"https:\/\/inmocosta.com\/fr\/wp-json\/wp\/v2\/comments?post=39911"}],"version-history":[{"count":9,"href":"https:\/\/inmocosta.com\/fr\/wp-json\/wp\/v2\/posts\/39911\/revisions"}],"predecessor-version":[{"id":40863,"href":"https:\/\/inmocosta.com\/fr\/wp-json\/wp\/v2\/posts\/39911\/revisions\/40863"}],"wp:featuredmedia":[{"embeddable":true,"href":"https:\/\/inmocosta.com\/fr\/wp-json\/wp\/v2\/media\/39901"}],"wp:attachment":[{"href":"https:\/\/inmocosta.com\/fr\/wp-json\/wp\/v2\/media?parent=39911"}],"wp:term":[{"taxonomy":"category","embeddable":true,"href":"https:\/\/inmocosta.com\/fr\/wp-json\/wp\/v2\/categories?post=39911"},{"taxonomy":"post_tag","embeddable":true,"href":"https:\/\/inmocosta.com\/fr\/wp-json\/wp\/v2\/tags?post=39911"}],"curies":[{"name":"wp","href":"https:\/\/api.w.org\/{rel}","templated":true}]}}