{"id":41005,"date":"2018-07-05T08:49:10","date_gmt":"2018-07-05T07:49:10","guid":{"rendered":"http:\/\/inmocosta.com\/festa-major-de-lestartit-2018\/"},"modified":"2018-07-05T17:14:07","modified_gmt":"2018-07-05T16:14:07","slug":"festa-major-de-lestartit-2018","status":"publish","type":"post","link":"https:\/\/inmocosta.com\/fr\/festa-major-de-lestartit-2018\/","title":{"rendered":"Festival de L&rsquo;Estartit 2018."},"content":{"rendered":"<h2>Pour <span class=\"error misspelling\" title=\"Faute de frappe possible trouv\u00e9e\" data-type=\"misspelling\" data-suggestions=\"[{&quot;value&quot;:&quot;Santal&quot;},{&quot;value&quot;:&quot;Sana&quot;},{&quot;value&quot;:&quot;Hanta&quot;},{&quot;value&quot;:&quot;Ganta&quot;},{&quot;value&quot;:&quot;Sant\u00e9&quot;},{&quot;value&quot;:&quot;Sanza&quot;},{&quot;value&quot;:&quot;Sauta&quot;}]\" data-rule=\"FR_SPELLING_RULE\" data-word=\"Santa\">Santa<\/span> Ana ici dans <span class=\"error misspelling\" title=\"Faute de frappe possible trouv\u00e9e\" data-type=\"misspelling\" data-suggestions=\"[{&quot;value&quot;:&quot;l'essartait&quot;},{&quot;value&quot;:&quot;l'estarie&quot;},{&quot;value&quot;:&quot;l'essart\u00e2t&quot;},{&quot;value&quot;:&quot;l'estradiot&quot;},{&quot;value&quot;:&quot;l'essartant&quot;},{&quot;value&quot;:&quot;l'essartent&quot;},{&quot;value&quot;:&quot;l'estourbit&quot;}]\" data-rule=\"FR_SPELLING_RULE\" data-word=\"l'Estartit\">l&rsquo;Estartit<\/span>, nous c\u00e9l\u00e9brons la Fiesta <span class=\"error misspelling\" title=\"Faute de frappe possible trouv\u00e9e\" data-type=\"misspelling\" data-suggestions=\"[{&quot;value&quot;:&quot;Maye&quot;},{&quot;value&quot;:&quot;Fayot&quot;},{&quot;value&quot;:&quot;Maya&quot;},{&quot;value&quot;:&quot;Layon&quot;},{&quot;value&quot;:&quot;Mayas&quot;},{&quot;value&quot;:&quot;Mayen&quot;},{&quot;value&quot;:&quot;Mayes&quot;}]\" data-rule=\"FR_SPELLING_RULE\" data-word=\"Mayor\">Mayor<\/span>.<\/h2>\n<p><span style=\"font-size: 14pt;\">Cette ann\u00e9e nous la c\u00e9l\u00e9brons du 26 au 29 juillet, le 26 \u00e9tant le jour de <span class=\"error misspelling\" title=\"Faute de frappe possible trouv\u00e9e\" data-type=\"misspelling\" data-suggestions=\"[{&quot;value&quot;:&quot;Santal&quot;},{&quot;value&quot;:&quot;Sana&quot;},{&quot;value&quot;:&quot;Hanta&quot;},{&quot;value&quot;:&quot;Ganta&quot;},{&quot;value&quot;:&quot;Sant\u00e9&quot;},{&quot;value&quot;:&quot;Sanza&quot;},{&quot;value&quot;:&quot;Sauta&quot;}]\" data-rule=\"FR_SPELLING_RULE\" data-word=\"Santa\">Santa<\/span> Anna.<\/span><\/p>\n<p><span style=\"font-size: 14pt;\"> C&rsquo;est une f\u00eate traditionnelle, avec des danses et de la musique, du cin\u00e9ma de rue, des sardanes avec copla, des foires artisanales et d&rsquo;autres activit\u00e9s, pour les gens de la ville et pour tous ceux qui veulent faire la f\u00eate. <\/span><\/p>\n<p><span style=\"font-size: 14pt;\">Ci-dessous vous avez la programmation d\u00e9taill\u00e9e.<\/span><\/p>\n<p><a href=\"http:\/\/inmocosta.com\/wp-content\/uploads\/2018\/07\/Captura-de-pantalla-2018-07-05-a-les-17.40.42.png\"><img fetchpriority=\"high\" decoding=\"async\" class=\"size-full wp-image-41111 aligncenter\" src=\"http:\/\/inmocosta.com\/wp-content\/uploads\/2018\/07\/Captura-de-pantalla-2018-07-05-a-les-17.40.42.png\" alt=\"\" width=\"540\" height=\"782\" srcset=\"https:\/\/inmocosta.com\/wp-content\/uploads\/2018\/07\/Captura-de-pantalla-2018-07-05-a-les-17.40.42.png 540w, https:\/\/inmocosta.com\/wp-content\/uploads\/2018\/07\/Captura-de-pantalla-2018-07-05-a-les-17.40.42-207x300.png 207w\" sizes=\"(max-width: 540px) 100vw, 540px\" \/><\/a><\/p>\n","protected":false},"excerpt":{"rendered":"<p>Pour Santa Ana ici dans l&rsquo;Estartit, nous c\u00e9l\u00e9brons la Fiesta Mayor. Cette ann\u00e9e nous la c\u00e9l\u00e9brons du 26 au 29 juillet, le 26 \u00e9tant le jour de Santa Anna. C&rsquo;est une f\u00eate traditionnelle, avec des danses et de la musique, du cin\u00e9ma de rue, des sardanes avec copla, des foires artisanales et d&rsquo;autres activit\u00e9s, pour les gens de la ville et pour tous ceux &#8230;<\/p>\n","protected":false},"author":1,"featured_media":41032,"comment_status":"closed","ping_status":"open","sticky":false,"template":"","format":"standard","meta":{"footnotes":""},"categories":[312,424,303,319],"tags":[780,910],"class_list":["post-41005","post","type-post","status-publish","format-standard","has-post-thumbnail","hentry","category-api-fr","category-compra-vivendes-fr","category-occasion","category-ventes","tag-estartit-fr","tag-inmocosta-api-estartit"],"yoast_head":"<!-- This site is optimized with the Yoast SEO plugin v21.8 - https:\/\/yoast.com\/wordpress\/plugins\/seo\/ -->\n<title>Festival de L&#039;Estartit 2018. - Inmocosta API l&#039;Estartit<\/title>\n<meta name=\"description\" content=\"Festival de L&#039;Estartit 2018. La Sainte Anne est un \u00e9v\u00e8nement majeur \u00e0 l&#039;Estartit. Cette ann\u00e9e elle a lieu du 26 juillet au 29 juillet 2018. Elle propose un large programme accessible \u00e0 tous\u00a0: une messe, un festival, des chants ainsi que la travers\u00e9e des Iles M\u00e8des.\" \/>\n<meta name=\"robots\" content=\"index, follow, max-snippet:-1, max-image-preview:large, max-video-preview:-1\" \/>\n<link rel=\"canonical\" href=\"https:\/\/inmocosta.com\/fr\/festa-major-de-lestartit-2018\/\" \/>\n<meta property=\"og:locale\" content=\"fr_FR\" \/>\n<meta property=\"og:type\" content=\"article\" \/>\n<meta property=\"og:title\" content=\"Festival de L&#039;Estartit 2018. - Inmocosta API l&#039;Estartit\" \/>\n<meta property=\"og:description\" content=\"Festival de L&#039;Estartit 2018. La Sainte Anne est un \u00e9v\u00e8nement majeur \u00e0 l&#039;Estartit. Cette ann\u00e9e elle a lieu du 26 juillet au 29 juillet 2018. Elle propose un large programme accessible \u00e0 tous\u00a0: une messe, un festival, des chants ainsi que la travers\u00e9e des Iles M\u00e8des.\" \/>\n<meta property=\"og:url\" content=\"https:\/\/inmocosta.com\/fr\/festa-major-de-lestartit-2018\/\" \/>\n<meta property=\"og:site_name\" content=\"- Inmocosta API l&#039;Estartit\" \/>\n<meta property=\"article:publisher\" content=\"https:\/\/www.facebook.com\/inmocostaapi\/\" \/>\n<meta property=\"article:published_time\" content=\"2018-07-05T07:49:10+00:00\" \/>\n<meta property=\"article:modified_time\" content=\"2018-07-05T16:14:07+00:00\" \/>\n<meta property=\"og:image\" content=\"https:\/\/inmocosta.com\/wp-content\/uploads\/2018\/07\/Festa-Major-Estartit.png\" \/>\n\t<meta property=\"og:image:width\" content=\"551\" \/>\n\t<meta property=\"og:image:height\" content=\"789\" \/>\n\t<meta property=\"og:image:type\" content=\"image\/png\" \/>\n<meta name=\"author\" content=\"info@inmocosta.com\" \/>\n<meta name=\"twitter:card\" content=\"summary_large_image\" \/>\n<meta name=\"twitter:label1\" content=\"\u00c9crit par\" \/>\n\t<meta name=\"twitter:data1\" content=\"info@inmocosta.com\" \/>\n<script type=\"application\/ld+json\" class=\"yoast-schema-graph\">{\"@context\":\"https:\/\/schema.org\",\"@graph\":[{\"@type\":\"Article\",\"@id\":\"https:\/\/inmocosta.com\/fr\/festa-major-de-lestartit-2018\/#article\",\"isPartOf\":{\"@id\":\"https:\/\/inmocosta.com\/fr\/festa-major-de-lestartit-2018\/\"},\"author\":{\"name\":\"info@inmocosta.com\",\"@id\":\"https:\/\/inmocosta.com\/fr\/#\/schema\/person\/c1158d0f764ec40f4b366ff7afc7ddd8\"},\"headline\":\"Festival de L&rsquo;Estartit 2018.\",\"datePublished\":\"2018-07-05T07:49:10+00:00\",\"dateModified\":\"2018-07-05T16:14:07+00:00\",\"mainEntityOfPage\":{\"@id\":\"https:\/\/inmocosta.com\/fr\/festa-major-de-lestartit-2018\/\"},\"wordCount\":90,\"publisher\":{\"@id\":\"https:\/\/inmocosta.com\/fr\/#organization\"},\"keywords\":[\"estartit\",\"Inmocosta API Estartit\"],\"articleSection\":[\"API\",\"Compra Vivendes\",\"occasion\",\"ventes\"],\"inLanguage\":\"fr-FR\"},{\"@type\":\"WebPage\",\"@id\":\"https:\/\/inmocosta.com\/fr\/festa-major-de-lestartit-2018\/\",\"url\":\"https:\/\/inmocosta.com\/fr\/festa-major-de-lestartit-2018\/\",\"name\":\"Festival de L'Estartit 2018. - Inmocosta API l&#039;Estartit\",\"isPartOf\":{\"@id\":\"https:\/\/inmocosta.com\/fr\/#website\"},\"datePublished\":\"2018-07-05T07:49:10+00:00\",\"dateModified\":\"2018-07-05T16:14:07+00:00\",\"description\":\"Festival de L'Estartit 2018. La Sainte Anne est un \u00e9v\u00e8nement majeur \u00e0 l'Estartit. Cette ann\u00e9e elle a lieu du 26 juillet au 29 juillet 2018. Elle propose un large programme accessible \u00e0 tous\u00a0: une messe, un festival, des chants ainsi que la travers\u00e9e des Iles M\u00e8des.\",\"breadcrumb\":{\"@id\":\"https:\/\/inmocosta.com\/fr\/festa-major-de-lestartit-2018\/#breadcrumb\"},\"inLanguage\":\"fr-FR\",\"potentialAction\":[{\"@type\":\"ReadAction\",\"target\":[\"https:\/\/inmocosta.com\/fr\/festa-major-de-lestartit-2018\/\"]}]},{\"@type\":\"BreadcrumbList\",\"@id\":\"https:\/\/inmocosta.com\/fr\/festa-major-de-lestartit-2018\/#breadcrumb\",\"itemListElement\":[{\"@type\":\"ListItem\",\"position\":1,\"name\":\"Home\",\"item\":\"https:\/\/inmocosta.com\/fr\/\"},{\"@type\":\"ListItem\",\"position\":2,\"name\":\"Festival de L&#8217;Estartit 2018.\"}]},{\"@type\":\"WebSite\",\"@id\":\"https:\/\/inmocosta.com\/fr\/#website\",\"url\":\"https:\/\/inmocosta.com\/fr\/\",\"name\":\"- Inmocosta API l&#039;Estartit\",\"description\":\"Ag\u00e8ncia immobiliaria dedicada exclusivament a la compra venda d\u00b4immobles . L&#039;assessorem en la compra del seu habitatge. Comprar cases, pisos, apartaments.\",\"publisher\":{\"@id\":\"https:\/\/inmocosta.com\/fr\/#organization\"},\"potentialAction\":[{\"@type\":\"SearchAction\",\"target\":{\"@type\":\"EntryPoint\",\"urlTemplate\":\"https:\/\/inmocosta.com\/fr\/?s={search_term_string}\"},\"query-input\":\"required name=search_term_string\"}],\"inLanguage\":\"fr-FR\"},{\"@type\":\"Organization\",\"@id\":\"https:\/\/inmocosta.com\/fr\/#organization\",\"name\":\"Inmocosta API L'Estartit\",\"url\":\"https:\/\/inmocosta.com\/fr\/\",\"logo\":{\"@type\":\"ImageObject\",\"inLanguage\":\"fr-FR\",\"@id\":\"https:\/\/inmocosta.com\/fr\/#\/schema\/logo\/image\/\",\"url\":\"https:\/\/inmocosta.com\/wp-content\/uploads\/2025\/01\/imatge_usuari.png\",\"contentUrl\":\"https:\/\/inmocosta.com\/wp-content\/uploads\/2025\/01\/imatge_usuari.png\",\"width\":500,\"height\":500,\"caption\":\"Inmocosta API L'Estartit\"},\"image\":{\"@id\":\"https:\/\/inmocosta.com\/fr\/#\/schema\/logo\/image\/\"},\"sameAs\":[\"https:\/\/www.facebook.com\/inmocostaapi\/\",\"https:\/\/www.instagram.com\/inmocosta_api\/\",\"https:\/\/www.youtube.com\/channel\/UCidmbkY6BpJG9MA_OQUZgYQ\"]},{\"@type\":\"Person\",\"@id\":\"https:\/\/inmocosta.com\/fr\/#\/schema\/person\/c1158d0f764ec40f4b366ff7afc7ddd8\",\"name\":\"info@inmocosta.com\",\"image\":{\"@type\":\"ImageObject\",\"inLanguage\":\"fr-FR\",\"@id\":\"https:\/\/inmocosta.com\/fr\/#\/schema\/person\/image\/\",\"url\":\"https:\/\/secure.gravatar.com\/avatar\/6fcb462a4ecd1323c01cea6303344762c4ebd0c5a2d8936b060b9188b467a7e9?s=96&d=mm&r=g\",\"contentUrl\":\"https:\/\/secure.gravatar.com\/avatar\/6fcb462a4ecd1323c01cea6303344762c4ebd0c5a2d8936b060b9188b467a7e9?s=96&d=mm&r=g\",\"caption\":\"info@inmocosta.com\"}}]}<\/script>\n<!-- \/ Yoast SEO plugin. -->","yoast_head_json":{"title":"Festival de L'Estartit 2018. - Inmocosta API l&#039;Estartit","description":"Festival de L'Estartit 2018. La Sainte Anne est un \u00e9v\u00e8nement majeur \u00e0 l'Estartit. Cette ann\u00e9e elle a lieu du 26 juillet au 29 juillet 2018. Elle propose un large programme accessible \u00e0 tous\u00a0: une messe, un festival, des chants ainsi que la travers\u00e9e des Iles M\u00e8des.","robots":{"index":"index","follow":"follow","max-snippet":"max-snippet:-1","max-image-preview":"max-image-preview:large","max-video-preview":"max-video-preview:-1"},"canonical":"https:\/\/inmocosta.com\/fr\/festa-major-de-lestartit-2018\/","og_locale":"fr_FR","og_type":"article","og_title":"Festival de L'Estartit 2018. - Inmocosta API l&#039;Estartit","og_description":"Festival de L'Estartit 2018. La Sainte Anne est un \u00e9v\u00e8nement majeur \u00e0 l'Estartit. Cette ann\u00e9e elle a lieu du 26 juillet au 29 juillet 2018. Elle propose un large programme accessible \u00e0 tous\u00a0: une messe, un festival, des chants ainsi que la travers\u00e9e des Iles M\u00e8des.","og_url":"https:\/\/inmocosta.com\/fr\/festa-major-de-lestartit-2018\/","og_site_name":"- Inmocosta API l&#039;Estartit","article_publisher":"https:\/\/www.facebook.com\/inmocostaapi\/","article_published_time":"2018-07-05T07:49:10+00:00","article_modified_time":"2018-07-05T16:14:07+00:00","og_image":[{"width":551,"height":789,"url":"https:\/\/inmocosta.com\/wp-content\/uploads\/2018\/07\/Festa-Major-Estartit.png","type":"image\/png"}],"author":"info@inmocosta.com","twitter_card":"summary_large_image","twitter_misc":{"\u00c9crit par":"info@inmocosta.com"},"schema":{"@context":"https:\/\/schema.org","@graph":[{"@type":"Article","@id":"https:\/\/inmocosta.com\/fr\/festa-major-de-lestartit-2018\/#article","isPartOf":{"@id":"https:\/\/inmocosta.com\/fr\/festa-major-de-lestartit-2018\/"},"author":{"name":"info@inmocosta.com","@id":"https:\/\/inmocosta.com\/fr\/#\/schema\/person\/c1158d0f764ec40f4b366ff7afc7ddd8"},"headline":"Festival de L&rsquo;Estartit 2018.","datePublished":"2018-07-05T07:49:10+00:00","dateModified":"2018-07-05T16:14:07+00:00","mainEntityOfPage":{"@id":"https:\/\/inmocosta.com\/fr\/festa-major-de-lestartit-2018\/"},"wordCount":90,"publisher":{"@id":"https:\/\/inmocosta.com\/fr\/#organization"},"keywords":["estartit","Inmocosta API Estartit"],"articleSection":["API","Compra Vivendes","occasion","ventes"],"inLanguage":"fr-FR"},{"@type":"WebPage","@id":"https:\/\/inmocosta.com\/fr\/festa-major-de-lestartit-2018\/","url":"https:\/\/inmocosta.com\/fr\/festa-major-de-lestartit-2018\/","name":"Festival de L'Estartit 2018. - Inmocosta API l&#039;Estartit","isPartOf":{"@id":"https:\/\/inmocosta.com\/fr\/#website"},"datePublished":"2018-07-05T07:49:10+00:00","dateModified":"2018-07-05T16:14:07+00:00","description":"Festival de L'Estartit 2018. La Sainte Anne est un \u00e9v\u00e8nement majeur \u00e0 l'Estartit. Cette ann\u00e9e elle a lieu du 26 juillet au 29 juillet 2018. Elle propose un large programme accessible \u00e0 tous\u00a0: une messe, un festival, des chants ainsi que la travers\u00e9e des Iles M\u00e8des.","breadcrumb":{"@id":"https:\/\/inmocosta.com\/fr\/festa-major-de-lestartit-2018\/#breadcrumb"},"inLanguage":"fr-FR","potentialAction":[{"@type":"ReadAction","target":["https:\/\/inmocosta.com\/fr\/festa-major-de-lestartit-2018\/"]}]},{"@type":"BreadcrumbList","@id":"https:\/\/inmocosta.com\/fr\/festa-major-de-lestartit-2018\/#breadcrumb","itemListElement":[{"@type":"ListItem","position":1,"name":"Home","item":"https:\/\/inmocosta.com\/fr\/"},{"@type":"ListItem","position":2,"name":"Festival de L&#8217;Estartit 2018."}]},{"@type":"WebSite","@id":"https:\/\/inmocosta.com\/fr\/#website","url":"https:\/\/inmocosta.com\/fr\/","name":"- Inmocosta API l&#039;Estartit","description":"Ag\u00e8ncia immobiliaria dedicada exclusivament a la compra venda d\u00b4immobles . L&#039;assessorem en la compra del seu habitatge. Comprar cases, pisos, apartaments.","publisher":{"@id":"https:\/\/inmocosta.com\/fr\/#organization"},"potentialAction":[{"@type":"SearchAction","target":{"@type":"EntryPoint","urlTemplate":"https:\/\/inmocosta.com\/fr\/?s={search_term_string}"},"query-input":"required name=search_term_string"}],"inLanguage":"fr-FR"},{"@type":"Organization","@id":"https:\/\/inmocosta.com\/fr\/#organization","name":"Inmocosta API L'Estartit","url":"https:\/\/inmocosta.com\/fr\/","logo":{"@type":"ImageObject","inLanguage":"fr-FR","@id":"https:\/\/inmocosta.com\/fr\/#\/schema\/logo\/image\/","url":"https:\/\/inmocosta.com\/wp-content\/uploads\/2025\/01\/imatge_usuari.png","contentUrl":"https:\/\/inmocosta.com\/wp-content\/uploads\/2025\/01\/imatge_usuari.png","width":500,"height":500,"caption":"Inmocosta API L'Estartit"},"image":{"@id":"https:\/\/inmocosta.com\/fr\/#\/schema\/logo\/image\/"},"sameAs":["https:\/\/www.facebook.com\/inmocostaapi\/","https:\/\/www.instagram.com\/inmocosta_api\/","https:\/\/www.youtube.com\/channel\/UCidmbkY6BpJG9MA_OQUZgYQ"]},{"@type":"Person","@id":"https:\/\/inmocosta.com\/fr\/#\/schema\/person\/c1158d0f764ec40f4b366ff7afc7ddd8","name":"info@inmocosta.com","image":{"@type":"ImageObject","inLanguage":"fr-FR","@id":"https:\/\/inmocosta.com\/fr\/#\/schema\/person\/image\/","url":"https:\/\/secure.gravatar.com\/avatar\/6fcb462a4ecd1323c01cea6303344762c4ebd0c5a2d8936b060b9188b467a7e9?s=96&d=mm&r=g","contentUrl":"https:\/\/secure.gravatar.com\/avatar\/6fcb462a4ecd1323c01cea6303344762c4ebd0c5a2d8936b060b9188b467a7e9?s=96&d=mm&r=g","caption":"info@inmocosta.com"}}]}},"_links":{"self":[{"href":"https:\/\/inmocosta.com\/fr\/wp-json\/wp\/v2\/posts\/41005","targetHints":{"allow":["GET"]}}],"collection":[{"href":"https:\/\/inmocosta.com\/fr\/wp-json\/wp\/v2\/posts"}],"about":[{"href":"https:\/\/inmocosta.com\/fr\/wp-json\/wp\/v2\/types\/post"}],"author":[{"embeddable":true,"href":"https:\/\/inmocosta.com\/fr\/wp-json\/wp\/v2\/users\/1"}],"replies":[{"embeddable":true,"href":"https:\/\/inmocosta.com\/fr\/wp-json\/wp\/v2\/comments?post=41005"}],"version-history":[{"count":6,"href":"https:\/\/inmocosta.com\/fr\/wp-json\/wp\/v2\/posts\/41005\/revisions"}],"predecessor-version":[{"id":41117,"href":"https:\/\/inmocosta.com\/fr\/wp-json\/wp\/v2\/posts\/41005\/revisions\/41117"}],"wp:featuredmedia":[{"embeddable":true,"href":"https:\/\/inmocosta.com\/fr\/wp-json\/wp\/v2\/media\/41032"}],"wp:attachment":[{"href":"https:\/\/inmocosta.com\/fr\/wp-json\/wp\/v2\/media?parent=41005"}],"wp:term":[{"taxonomy":"category","embeddable":true,"href":"https:\/\/inmocosta.com\/fr\/wp-json\/wp\/v2\/categories?post=41005"},{"taxonomy":"post_tag","embeddable":true,"href":"https:\/\/inmocosta.com\/fr\/wp-json\/wp\/v2\/tags?post=41005"}],"curies":[{"name":"wp","href":"https:\/\/api.w.org\/{rel}","templated":true}]}}