{"id":62667,"date":"2020-11-05T10:19:20","date_gmt":"2020-11-05T09:19:20","guid":{"rendered":"https:\/\/inmocosta.com\/platja-de-sa-riera\/"},"modified":"2020-11-23T12:43:11","modified_gmt":"2020-11-23T11:43:11","slug":"platja-de-sa-riera","status":"publish","type":"post","link":"https:\/\/inmocosta.com\/fr\/platja-de-sa-riera\/","title":{"rendered":"Platja de Sa Riera"},"content":{"rendered":"<h2>Platja de Sa Riera<\/h2>\n<figure><img decoding=\"async\" src=\"https:\/\/inmocosta.com\/wp-content\/uploads\/2020\/11\/Platja-de-Sa-Riera.jpg\" alt=\"\" \/><figcaption>Inmocosta api Estartit<\/figcaption><\/figure>\n<p>Situ\u00e9e \u00e0 Begur, Sa Riera est la plus grande plage de la commune avec une longueur d&rsquo;environ 300 m\u00e8tres.<\/p>\n<p>D\u00e9limit\u00e9e entre Cala des Port des Pi et Cala de Rei, Sa Riera est l&rsquo;\u0153uvre d&rsquo;un torrent qui descend de Begur dans une plaine abrupte et divise la plage en deux.<\/p>\n<p>Le fait qu&rsquo;il soit situ\u00e9 dans un environnement urbain, mais conserve en m\u00eame temps une partie du caract\u00e8re traditionnel des anciennes maisons de p\u00eacheurs, offre un grand nombre de services compl\u00e9mentaires sur la plage. Il dispose \u00e9galement d&rsquo;une rampe d&rsquo;acc\u00e8s et d&rsquo;une salle de bain et de douches adapt\u00e9es.<\/p>\n<p>En \u00e9t\u00e9, le chant traditionnel des habaneras est c\u00e9l\u00e9br\u00e9.<\/p>\n<p><iframe title=\"Platja de Sa Riera\" src=\"https:\/\/maps.google.com\/maps?q=Platja%20de%20Sa%20Riera&amp;t=m&amp;z=12&amp;output=embed&amp;iwloc=near\" frameborder=\"0\" marginwidth=\"0\" marginheight=\"0\" scrolling=\"no\" aria-label=\"Platja de Sa Riera\"><\/iframe><\/p>\n","protected":false},"excerpt":{"rendered":"<p>Platja de Sa Riera Inmocosta api Estartit Situ\u00e9e \u00e0 Begur, Sa Riera est la plus grande plage de la commune avec une longueur d&rsquo;environ 300 m\u00e8tres. D\u00e9limit\u00e9e entre Cala des Port des Pi et Cala de Rei, Sa Riera est l&rsquo;\u0153uvre d&rsquo;un torrent qui descend de Begur dans une plaine abrupte et divise la plage en deux. Le fait qu&rsquo;il soit situ\u00e9 dans un &#8230;<\/p>\n","protected":false},"author":1,"featured_media":62308,"comment_status":"closed","ping_status":"closed","sticky":false,"template":"","format":"standard","meta":{"footnotes":""},"categories":[308,312,2784,424,306,2854],"tags":[2875,2711,2919],"class_list":["post-62667","post","type-post","status-publish","format-standard","has-post-thumbnail","hentry","category-alentours","category-api-fr","category-calendari-fr","category-compra-vivendes-fr","category-decoration-fr","category-felicitacio-nadal-fr","tag-costa-brava-2-fr","tag-inmocosta-api-calendari-fr","tag-mavik-air-mini-drone-fr"],"yoast_head":"<!-- This site is optimized with the Yoast SEO plugin v21.8 - https:\/\/yoast.com\/wordpress\/plugins\/seo\/ -->\n<title>Platja de Sa Riera - Inmocosta API l&#039;Estartit<\/title>\n<meta name=\"robots\" content=\"index, follow, max-snippet:-1, max-image-preview:large, max-video-preview:-1\" \/>\n<link rel=\"canonical\" href=\"https:\/\/inmocosta.com\/fr\/platja-de-sa-riera\/\" \/>\n<meta property=\"og:locale\" content=\"fr_FR\" \/>\n<meta property=\"og:type\" content=\"article\" \/>\n<meta property=\"og:title\" content=\"Platja de Sa Riera - Inmocosta API l&#039;Estartit\" \/>\n<meta property=\"og:description\" content=\"Platja de Sa Riera Inmocosta api Estartit Situ\u00e9e \u00e0 Begur, Sa Riera est la plus grande plage de la commune avec une longueur d&rsquo;environ 300 m\u00e8tres. D\u00e9limit\u00e9e entre Cala des Port des Pi et Cala de Rei, Sa Riera est l&rsquo;\u0153uvre d&rsquo;un torrent qui descend de Begur dans une plaine abrupte et divise la plage en deux. Le fait qu&rsquo;il soit situ\u00e9 dans un ...\" \/>\n<meta property=\"og:url\" content=\"https:\/\/inmocosta.com\/fr\/platja-de-sa-riera\/\" \/>\n<meta property=\"og:site_name\" content=\"- Inmocosta API l&#039;Estartit\" \/>\n<meta property=\"article:publisher\" content=\"https:\/\/www.facebook.com\/inmocostaapi\/\" \/>\n<meta property=\"article:published_time\" content=\"2020-11-05T09:19:20+00:00\" \/>\n<meta property=\"article:modified_time\" content=\"2020-11-23T11:43:11+00:00\" \/>\n<meta property=\"og:image\" content=\"https:\/\/inmocosta.com\/wp-content\/uploads\/2020\/11\/Platja-de-Sa-Riera.jpg\" \/>\n\t<meta property=\"og:image:width\" content=\"800\" \/>\n\t<meta property=\"og:image:height\" content=\"600\" \/>\n\t<meta property=\"og:image:type\" content=\"image\/jpeg\" \/>\n<meta name=\"author\" content=\"info@inmocosta.com\" \/>\n<meta name=\"twitter:card\" content=\"summary_large_image\" \/>\n<meta name=\"twitter:label1\" content=\"\u00c9crit par\" \/>\n\t<meta name=\"twitter:data1\" content=\"info@inmocosta.com\" \/>\n\t<meta name=\"twitter:label2\" content=\"Dur\u00e9e de lecture estim\u00e9e\" \/>\n\t<meta name=\"twitter:data2\" content=\"1 minute\" \/>\n<script type=\"application\/ld+json\" class=\"yoast-schema-graph\">{\"@context\":\"https:\/\/schema.org\",\"@graph\":[{\"@type\":\"Article\",\"@id\":\"https:\/\/inmocosta.com\/fr\/platja-de-sa-riera\/#article\",\"isPartOf\":{\"@id\":\"https:\/\/inmocosta.com\/fr\/platja-de-sa-riera\/\"},\"author\":{\"name\":\"info@inmocosta.com\",\"@id\":\"https:\/\/inmocosta.com\/fr\/#\/schema\/person\/c1158d0f764ec40f4b366ff7afc7ddd8\"},\"headline\":\"Platja de Sa Riera\",\"datePublished\":\"2020-11-05T09:19:20+00:00\",\"dateModified\":\"2020-11-23T11:43:11+00:00\",\"mainEntityOfPage\":{\"@id\":\"https:\/\/inmocosta.com\/fr\/platja-de-sa-riera\/\"},\"wordCount\":136,\"publisher\":{\"@id\":\"https:\/\/inmocosta.com\/fr\/#organization\"},\"keywords\":[\"costa Brava\",\"Inmocosta API calendari\",\"Mavik Air Mini Drone\"],\"articleSection\":[\"alentours\",\"API\",\"Calendari\",\"Compra Vivendes\",\"d\u00e9coration\",\"Felicitacio Nadal\"],\"inLanguage\":\"fr-FR\"},{\"@type\":\"WebPage\",\"@id\":\"https:\/\/inmocosta.com\/fr\/platja-de-sa-riera\/\",\"url\":\"https:\/\/inmocosta.com\/fr\/platja-de-sa-riera\/\",\"name\":\"Platja de Sa Riera - Inmocosta API l&#039;Estartit\",\"isPartOf\":{\"@id\":\"https:\/\/inmocosta.com\/fr\/#website\"},\"datePublished\":\"2020-11-05T09:19:20+00:00\",\"dateModified\":\"2020-11-23T11:43:11+00:00\",\"breadcrumb\":{\"@id\":\"https:\/\/inmocosta.com\/fr\/platja-de-sa-riera\/#breadcrumb\"},\"inLanguage\":\"fr-FR\",\"potentialAction\":[{\"@type\":\"ReadAction\",\"target\":[\"https:\/\/inmocosta.com\/fr\/platja-de-sa-riera\/\"]}]},{\"@type\":\"BreadcrumbList\",\"@id\":\"https:\/\/inmocosta.com\/fr\/platja-de-sa-riera\/#breadcrumb\",\"itemListElement\":[{\"@type\":\"ListItem\",\"position\":1,\"name\":\"Home\",\"item\":\"https:\/\/inmocosta.com\/fr\/\"},{\"@type\":\"ListItem\",\"position\":2,\"name\":\"Platja de Sa Riera\"}]},{\"@type\":\"WebSite\",\"@id\":\"https:\/\/inmocosta.com\/fr\/#website\",\"url\":\"https:\/\/inmocosta.com\/fr\/\",\"name\":\"- Inmocosta API l&#039;Estartit\",\"description\":\"Ag\u00e8ncia immobiliaria dedicada exclusivament a la compra venda d\u00b4immobles . L&#039;assessorem en la compra del seu habitatge. Comprar cases, pisos, apartaments.\",\"publisher\":{\"@id\":\"https:\/\/inmocosta.com\/fr\/#organization\"},\"potentialAction\":[{\"@type\":\"SearchAction\",\"target\":{\"@type\":\"EntryPoint\",\"urlTemplate\":\"https:\/\/inmocosta.com\/fr\/?s={search_term_string}\"},\"query-input\":\"required name=search_term_string\"}],\"inLanguage\":\"fr-FR\"},{\"@type\":\"Organization\",\"@id\":\"https:\/\/inmocosta.com\/fr\/#organization\",\"name\":\"Inmocosta API L'Estartit\",\"url\":\"https:\/\/inmocosta.com\/fr\/\",\"logo\":{\"@type\":\"ImageObject\",\"inLanguage\":\"fr-FR\",\"@id\":\"https:\/\/inmocosta.com\/fr\/#\/schema\/logo\/image\/\",\"url\":\"https:\/\/inmocosta.com\/wp-content\/uploads\/2025\/01\/imatge_usuari.png\",\"contentUrl\":\"https:\/\/inmocosta.com\/wp-content\/uploads\/2025\/01\/imatge_usuari.png\",\"width\":500,\"height\":500,\"caption\":\"Inmocosta API L'Estartit\"},\"image\":{\"@id\":\"https:\/\/inmocosta.com\/fr\/#\/schema\/logo\/image\/\"},\"sameAs\":[\"https:\/\/www.facebook.com\/inmocostaapi\/\",\"https:\/\/www.instagram.com\/inmocosta_api\/\",\"https:\/\/www.youtube.com\/channel\/UCidmbkY6BpJG9MA_OQUZgYQ\"]},{\"@type\":\"Person\",\"@id\":\"https:\/\/inmocosta.com\/fr\/#\/schema\/person\/c1158d0f764ec40f4b366ff7afc7ddd8\",\"name\":\"info@inmocosta.com\",\"image\":{\"@type\":\"ImageObject\",\"inLanguage\":\"fr-FR\",\"@id\":\"https:\/\/inmocosta.com\/fr\/#\/schema\/person\/image\/\",\"url\":\"https:\/\/secure.gravatar.com\/avatar\/6fcb462a4ecd1323c01cea6303344762c4ebd0c5a2d8936b060b9188b467a7e9?s=96&d=mm&r=g\",\"contentUrl\":\"https:\/\/secure.gravatar.com\/avatar\/6fcb462a4ecd1323c01cea6303344762c4ebd0c5a2d8936b060b9188b467a7e9?s=96&d=mm&r=g\",\"caption\":\"info@inmocosta.com\"}}]}<\/script>\n<!-- \/ Yoast SEO plugin. -->","yoast_head_json":{"title":"Platja de Sa Riera - Inmocosta API l&#039;Estartit","robots":{"index":"index","follow":"follow","max-snippet":"max-snippet:-1","max-image-preview":"max-image-preview:large","max-video-preview":"max-video-preview:-1"},"canonical":"https:\/\/inmocosta.com\/fr\/platja-de-sa-riera\/","og_locale":"fr_FR","og_type":"article","og_title":"Platja de Sa Riera - Inmocosta API l&#039;Estartit","og_description":"Platja de Sa Riera Inmocosta api Estartit Situ\u00e9e \u00e0 Begur, Sa Riera est la plus grande plage de la commune avec une longueur d&rsquo;environ 300 m\u00e8tres. D\u00e9limit\u00e9e entre Cala des Port des Pi et Cala de Rei, Sa Riera est l&rsquo;\u0153uvre d&rsquo;un torrent qui descend de Begur dans une plaine abrupte et divise la plage en deux. Le fait qu&rsquo;il soit situ\u00e9 dans un ...","og_url":"https:\/\/inmocosta.com\/fr\/platja-de-sa-riera\/","og_site_name":"- Inmocosta API l&#039;Estartit","article_publisher":"https:\/\/www.facebook.com\/inmocostaapi\/","article_published_time":"2020-11-05T09:19:20+00:00","article_modified_time":"2020-11-23T11:43:11+00:00","og_image":[{"width":800,"height":600,"url":"https:\/\/inmocosta.com\/wp-content\/uploads\/2020\/11\/Platja-de-Sa-Riera.jpg","type":"image\/jpeg"}],"author":"info@inmocosta.com","twitter_card":"summary_large_image","twitter_misc":{"\u00c9crit par":"info@inmocosta.com","Dur\u00e9e de lecture estim\u00e9e":"1 minute"},"schema":{"@context":"https:\/\/schema.org","@graph":[{"@type":"Article","@id":"https:\/\/inmocosta.com\/fr\/platja-de-sa-riera\/#article","isPartOf":{"@id":"https:\/\/inmocosta.com\/fr\/platja-de-sa-riera\/"},"author":{"name":"info@inmocosta.com","@id":"https:\/\/inmocosta.com\/fr\/#\/schema\/person\/c1158d0f764ec40f4b366ff7afc7ddd8"},"headline":"Platja de Sa Riera","datePublished":"2020-11-05T09:19:20+00:00","dateModified":"2020-11-23T11:43:11+00:00","mainEntityOfPage":{"@id":"https:\/\/inmocosta.com\/fr\/platja-de-sa-riera\/"},"wordCount":136,"publisher":{"@id":"https:\/\/inmocosta.com\/fr\/#organization"},"keywords":["costa Brava","Inmocosta API calendari","Mavik Air Mini Drone"],"articleSection":["alentours","API","Calendari","Compra Vivendes","d\u00e9coration","Felicitacio Nadal"],"inLanguage":"fr-FR"},{"@type":"WebPage","@id":"https:\/\/inmocosta.com\/fr\/platja-de-sa-riera\/","url":"https:\/\/inmocosta.com\/fr\/platja-de-sa-riera\/","name":"Platja de Sa Riera - Inmocosta API l&#039;Estartit","isPartOf":{"@id":"https:\/\/inmocosta.com\/fr\/#website"},"datePublished":"2020-11-05T09:19:20+00:00","dateModified":"2020-11-23T11:43:11+00:00","breadcrumb":{"@id":"https:\/\/inmocosta.com\/fr\/platja-de-sa-riera\/#breadcrumb"},"inLanguage":"fr-FR","potentialAction":[{"@type":"ReadAction","target":["https:\/\/inmocosta.com\/fr\/platja-de-sa-riera\/"]}]},{"@type":"BreadcrumbList","@id":"https:\/\/inmocosta.com\/fr\/platja-de-sa-riera\/#breadcrumb","itemListElement":[{"@type":"ListItem","position":1,"name":"Home","item":"https:\/\/inmocosta.com\/fr\/"},{"@type":"ListItem","position":2,"name":"Platja de Sa Riera"}]},{"@type":"WebSite","@id":"https:\/\/inmocosta.com\/fr\/#website","url":"https:\/\/inmocosta.com\/fr\/","name":"- Inmocosta API l&#039;Estartit","description":"Ag\u00e8ncia immobiliaria dedicada exclusivament a la compra venda d\u00b4immobles . L&#039;assessorem en la compra del seu habitatge. Comprar cases, pisos, apartaments.","publisher":{"@id":"https:\/\/inmocosta.com\/fr\/#organization"},"potentialAction":[{"@type":"SearchAction","target":{"@type":"EntryPoint","urlTemplate":"https:\/\/inmocosta.com\/fr\/?s={search_term_string}"},"query-input":"required name=search_term_string"}],"inLanguage":"fr-FR"},{"@type":"Organization","@id":"https:\/\/inmocosta.com\/fr\/#organization","name":"Inmocosta API L'Estartit","url":"https:\/\/inmocosta.com\/fr\/","logo":{"@type":"ImageObject","inLanguage":"fr-FR","@id":"https:\/\/inmocosta.com\/fr\/#\/schema\/logo\/image\/","url":"https:\/\/inmocosta.com\/wp-content\/uploads\/2025\/01\/imatge_usuari.png","contentUrl":"https:\/\/inmocosta.com\/wp-content\/uploads\/2025\/01\/imatge_usuari.png","width":500,"height":500,"caption":"Inmocosta API L'Estartit"},"image":{"@id":"https:\/\/inmocosta.com\/fr\/#\/schema\/logo\/image\/"},"sameAs":["https:\/\/www.facebook.com\/inmocostaapi\/","https:\/\/www.instagram.com\/inmocosta_api\/","https:\/\/www.youtube.com\/channel\/UCidmbkY6BpJG9MA_OQUZgYQ"]},{"@type":"Person","@id":"https:\/\/inmocosta.com\/fr\/#\/schema\/person\/c1158d0f764ec40f4b366ff7afc7ddd8","name":"info@inmocosta.com","image":{"@type":"ImageObject","inLanguage":"fr-FR","@id":"https:\/\/inmocosta.com\/fr\/#\/schema\/person\/image\/","url":"https:\/\/secure.gravatar.com\/avatar\/6fcb462a4ecd1323c01cea6303344762c4ebd0c5a2d8936b060b9188b467a7e9?s=96&d=mm&r=g","contentUrl":"https:\/\/secure.gravatar.com\/avatar\/6fcb462a4ecd1323c01cea6303344762c4ebd0c5a2d8936b060b9188b467a7e9?s=96&d=mm&r=g","caption":"info@inmocosta.com"}}]}},"_links":{"self":[{"href":"https:\/\/inmocosta.com\/fr\/wp-json\/wp\/v2\/posts\/62667","targetHints":{"allow":["GET"]}}],"collection":[{"href":"https:\/\/inmocosta.com\/fr\/wp-json\/wp\/v2\/posts"}],"about":[{"href":"https:\/\/inmocosta.com\/fr\/wp-json\/wp\/v2\/types\/post"}],"author":[{"embeddable":true,"href":"https:\/\/inmocosta.com\/fr\/wp-json\/wp\/v2\/users\/1"}],"replies":[{"embeddable":true,"href":"https:\/\/inmocosta.com\/fr\/wp-json\/wp\/v2\/comments?post=62667"}],"version-history":[{"count":5,"href":"https:\/\/inmocosta.com\/fr\/wp-json\/wp\/v2\/posts\/62667\/revisions"}],"predecessor-version":[{"id":62766,"href":"https:\/\/inmocosta.com\/fr\/wp-json\/wp\/v2\/posts\/62667\/revisions\/62766"}],"wp:featuredmedia":[{"embeddable":true,"href":"https:\/\/inmocosta.com\/fr\/wp-json\/wp\/v2\/media\/62308"}],"wp:attachment":[{"href":"https:\/\/inmocosta.com\/fr\/wp-json\/wp\/v2\/media?parent=62667"}],"wp:term":[{"taxonomy":"category","embeddable":true,"href":"https:\/\/inmocosta.com\/fr\/wp-json\/wp\/v2\/categories?post=62667"},{"taxonomy":"post_tag","embeddable":true,"href":"https:\/\/inmocosta.com\/fr\/wp-json\/wp\/v2\/tags?post=62667"}],"curies":[{"name":"wp","href":"https:\/\/api.w.org\/{rel}","templated":true}]}}