{"id":62680,"date":"2020-11-05T10:11:26","date_gmt":"2020-11-05T09:11:26","guid":{"rendered":"https:\/\/inmocosta.com\/platja-den-balleu\/"},"modified":"2020-11-23T12:49:39","modified_gmt":"2020-11-23T11:49:39","slug":"platja-den-balleu","status":"publish","type":"post","link":"https:\/\/inmocosta.com\/fr\/platja-den-balleu\/","title":{"rendered":"Platja d&rsquo;en Balleu"},"content":{"rendered":"<h2>Platja d&rsquo;en Balleu<\/h2>\n<figure><img decoding=\"async\" src=\"https:\/\/inmocosta.com\/wp-content\/uploads\/2020\/11\/Platja-d\u00b4en-Balleu.jpg\" alt=\"\" \/><figcaption>Inmocosta api Estartit<\/figcaption><\/figure>\n<p>Situ\u00e9 \u00e0 Port de la Selva, au c\u0153ur du parc naturel du Cap de Creus, sous le monast\u00e8re de Sant Pere de Rodes.<\/p>\n<p>Pour acc\u00e9der \u00e0 cette plage en voiture, il sera plus confortable de se garer dans l&rsquo;urbanisation de Perabeua et de marcher environ 50 m\u00e8tres jusqu&rsquo;\u00e0 la plage.<\/p>\n<p>C&rsquo;est une plage pr\u00e9serv\u00e9e, d&rsquo;environ 200 m\u00e8tres de long et compos\u00e9e de diff\u00e9rentes tailles de gravier, mais son fond et ses eaux sont parfaits pour la baignade et la plong\u00e9e.<\/p>\n<p>Il a \u00e9t\u00e9 r\u00e9compens\u00e9 de 5 \u00e9toiles par la Generalitat pour sa qualit\u00e9 en 2000.<\/p>\n<p><iframe title=\"Platja d'en Balleu\" src=\"https:\/\/maps.google.com\/maps?q=Platja%20d%27en%20Balleu&amp;t=m&amp;z=12&amp;output=embed&amp;iwloc=near\" frameborder=\"0\" marginwidth=\"0\" marginheight=\"0\" scrolling=\"no\" aria-label=\"Platja d'en Balleu\"><\/iframe><\/p>\n","protected":false},"excerpt":{"rendered":"<p>Platja d&rsquo;en Balleu Inmocosta api Estartit Situ\u00e9 \u00e0 Port de la Selva, au c\u0153ur du parc naturel du Cap de Creus, sous le monast\u00e8re de Sant Pere de Rodes. Pour acc\u00e9der \u00e0 cette plage en voiture, il sera plus confortable de se garer dans l&rsquo;urbanisation de Perabeua et de marcher environ 50 m\u00e8tres jusqu&rsquo;\u00e0 la plage. C&rsquo;est une plage pr\u00e9serv\u00e9e, d&rsquo;environ 200 m\u00e8tres de &#8230;<\/p>\n","protected":false},"author":1,"featured_media":62296,"comment_status":"closed","ping_status":"closed","sticky":false,"template":"","format":"standard","meta":{"footnotes":""},"categories":[308,312,2784,424,306,2854],"tags":[2875,2919],"class_list":["post-62680","post","type-post","status-publish","format-standard","has-post-thumbnail","hentry","category-alentours","category-api-fr","category-calendari-fr","category-compra-vivendes-fr","category-decoration-fr","category-felicitacio-nadal-fr","tag-costa-brava-2-fr","tag-mavik-air-mini-drone-fr"],"yoast_head":"<!-- This site is optimized with the Yoast SEO plugin v21.8 - https:\/\/yoast.com\/wordpress\/plugins\/seo\/ -->\n<title>Platja d&#039;en Balleu - Inmocosta API l&#039;Estartit<\/title>\n<meta name=\"robots\" content=\"index, follow, max-snippet:-1, max-image-preview:large, max-video-preview:-1\" \/>\n<link rel=\"canonical\" href=\"https:\/\/inmocosta.com\/fr\/platja-den-balleu\/\" \/>\n<meta property=\"og:locale\" content=\"fr_FR\" \/>\n<meta property=\"og:type\" content=\"article\" \/>\n<meta property=\"og:title\" content=\"Platja d&#039;en Balleu - Inmocosta API l&#039;Estartit\" \/>\n<meta property=\"og:description\" content=\"Platja d&rsquo;en Balleu Inmocosta api Estartit Situ\u00e9 \u00e0 Port de la Selva, au c\u0153ur du parc naturel du Cap de Creus, sous le monast\u00e8re de Sant Pere de Rodes. Pour acc\u00e9der \u00e0 cette plage en voiture, il sera plus confortable de se garer dans l&rsquo;urbanisation de Perabeua et de marcher environ 50 m\u00e8tres jusqu&rsquo;\u00e0 la plage. C&rsquo;est une plage pr\u00e9serv\u00e9e, d&rsquo;environ 200 m\u00e8tres de ...\" \/>\n<meta property=\"og:url\" content=\"https:\/\/inmocosta.com\/fr\/platja-den-balleu\/\" \/>\n<meta property=\"og:site_name\" content=\"- Inmocosta API l&#039;Estartit\" \/>\n<meta property=\"article:publisher\" content=\"https:\/\/www.facebook.com\/inmocostaapi\/\" \/>\n<meta property=\"article:published_time\" content=\"2020-11-05T09:11:26+00:00\" \/>\n<meta property=\"article:modified_time\" content=\"2020-11-23T11:49:39+00:00\" \/>\n<meta property=\"og:image\" content=\"https:\/\/inmocosta.com\/wp-content\/uploads\/2020\/11\/Platja-d\u00b4en-Balleu.jpg\" \/>\n\t<meta property=\"og:image:width\" content=\"800\" \/>\n\t<meta property=\"og:image:height\" content=\"600\" \/>\n\t<meta property=\"og:image:type\" content=\"image\/jpeg\" \/>\n<meta name=\"author\" content=\"info@inmocosta.com\" \/>\n<meta name=\"twitter:card\" content=\"summary_large_image\" \/>\n<meta name=\"twitter:label1\" content=\"\u00c9crit par\" \/>\n\t<meta name=\"twitter:data1\" content=\"info@inmocosta.com\" \/>\n\t<meta name=\"twitter:label2\" content=\"Dur\u00e9e de lecture estim\u00e9e\" \/>\n\t<meta name=\"twitter:data2\" content=\"1 minute\" \/>\n<script type=\"application\/ld+json\" class=\"yoast-schema-graph\">{\"@context\":\"https:\/\/schema.org\",\"@graph\":[{\"@type\":\"Article\",\"@id\":\"https:\/\/inmocosta.com\/fr\/platja-den-balleu\/#article\",\"isPartOf\":{\"@id\":\"https:\/\/inmocosta.com\/fr\/platja-den-balleu\/\"},\"author\":{\"name\":\"info@inmocosta.com\",\"@id\":\"https:\/\/inmocosta.com\/fr\/#\/schema\/person\/c1158d0f764ec40f4b366ff7afc7ddd8\"},\"headline\":\"Platja d&rsquo;en Balleu\",\"datePublished\":\"2020-11-05T09:11:26+00:00\",\"dateModified\":\"2020-11-23T11:49:39+00:00\",\"mainEntityOfPage\":{\"@id\":\"https:\/\/inmocosta.com\/fr\/platja-den-balleu\/\"},\"wordCount\":114,\"publisher\":{\"@id\":\"https:\/\/inmocosta.com\/fr\/#organization\"},\"keywords\":[\"costa Brava\",\"Mavik Air Mini Drone\"],\"articleSection\":[\"alentours\",\"API\",\"Calendari\",\"Compra Vivendes\",\"d\u00e9coration\",\"Felicitacio Nadal\"],\"inLanguage\":\"fr-FR\"},{\"@type\":\"WebPage\",\"@id\":\"https:\/\/inmocosta.com\/fr\/platja-den-balleu\/\",\"url\":\"https:\/\/inmocosta.com\/fr\/platja-den-balleu\/\",\"name\":\"Platja d'en Balleu - Inmocosta API l&#039;Estartit\",\"isPartOf\":{\"@id\":\"https:\/\/inmocosta.com\/fr\/#website\"},\"datePublished\":\"2020-11-05T09:11:26+00:00\",\"dateModified\":\"2020-11-23T11:49:39+00:00\",\"breadcrumb\":{\"@id\":\"https:\/\/inmocosta.com\/fr\/platja-den-balleu\/#breadcrumb\"},\"inLanguage\":\"fr-FR\",\"potentialAction\":[{\"@type\":\"ReadAction\",\"target\":[\"https:\/\/inmocosta.com\/fr\/platja-den-balleu\/\"]}]},{\"@type\":\"BreadcrumbList\",\"@id\":\"https:\/\/inmocosta.com\/fr\/platja-den-balleu\/#breadcrumb\",\"itemListElement\":[{\"@type\":\"ListItem\",\"position\":1,\"name\":\"Home\",\"item\":\"https:\/\/inmocosta.com\/fr\/\"},{\"@type\":\"ListItem\",\"position\":2,\"name\":\"Platja d&#8217;en Balleu\"}]},{\"@type\":\"WebSite\",\"@id\":\"https:\/\/inmocosta.com\/fr\/#website\",\"url\":\"https:\/\/inmocosta.com\/fr\/\",\"name\":\"- Inmocosta API l&#039;Estartit\",\"description\":\"Ag\u00e8ncia immobiliaria dedicada exclusivament a la compra venda d\u00b4immobles . L&#039;assessorem en la compra del seu habitatge. Comprar cases, pisos, apartaments.\",\"publisher\":{\"@id\":\"https:\/\/inmocosta.com\/fr\/#organization\"},\"potentialAction\":[{\"@type\":\"SearchAction\",\"target\":{\"@type\":\"EntryPoint\",\"urlTemplate\":\"https:\/\/inmocosta.com\/fr\/?s={search_term_string}\"},\"query-input\":\"required name=search_term_string\"}],\"inLanguage\":\"fr-FR\"},{\"@type\":\"Organization\",\"@id\":\"https:\/\/inmocosta.com\/fr\/#organization\",\"name\":\"Inmocosta API L'Estartit\",\"url\":\"https:\/\/inmocosta.com\/fr\/\",\"logo\":{\"@type\":\"ImageObject\",\"inLanguage\":\"fr-FR\",\"@id\":\"https:\/\/inmocosta.com\/fr\/#\/schema\/logo\/image\/\",\"url\":\"https:\/\/inmocosta.com\/wp-content\/uploads\/2025\/01\/imatge_usuari.png\",\"contentUrl\":\"https:\/\/inmocosta.com\/wp-content\/uploads\/2025\/01\/imatge_usuari.png\",\"width\":500,\"height\":500,\"caption\":\"Inmocosta API L'Estartit\"},\"image\":{\"@id\":\"https:\/\/inmocosta.com\/fr\/#\/schema\/logo\/image\/\"},\"sameAs\":[\"https:\/\/www.facebook.com\/inmocostaapi\/\",\"https:\/\/www.instagram.com\/inmocosta_api\/\",\"https:\/\/www.youtube.com\/channel\/UCidmbkY6BpJG9MA_OQUZgYQ\"]},{\"@type\":\"Person\",\"@id\":\"https:\/\/inmocosta.com\/fr\/#\/schema\/person\/c1158d0f764ec40f4b366ff7afc7ddd8\",\"name\":\"info@inmocosta.com\",\"image\":{\"@type\":\"ImageObject\",\"inLanguage\":\"fr-FR\",\"@id\":\"https:\/\/inmocosta.com\/fr\/#\/schema\/person\/image\/\",\"url\":\"https:\/\/secure.gravatar.com\/avatar\/6fcb462a4ecd1323c01cea6303344762c4ebd0c5a2d8936b060b9188b467a7e9?s=96&d=mm&r=g\",\"contentUrl\":\"https:\/\/secure.gravatar.com\/avatar\/6fcb462a4ecd1323c01cea6303344762c4ebd0c5a2d8936b060b9188b467a7e9?s=96&d=mm&r=g\",\"caption\":\"info@inmocosta.com\"}}]}<\/script>\n<!-- \/ Yoast SEO plugin. -->","yoast_head_json":{"title":"Platja d'en Balleu - Inmocosta API l&#039;Estartit","robots":{"index":"index","follow":"follow","max-snippet":"max-snippet:-1","max-image-preview":"max-image-preview:large","max-video-preview":"max-video-preview:-1"},"canonical":"https:\/\/inmocosta.com\/fr\/platja-den-balleu\/","og_locale":"fr_FR","og_type":"article","og_title":"Platja d'en Balleu - Inmocosta API l&#039;Estartit","og_description":"Platja d&rsquo;en Balleu Inmocosta api Estartit Situ\u00e9 \u00e0 Port de la Selva, au c\u0153ur du parc naturel du Cap de Creus, sous le monast\u00e8re de Sant Pere de Rodes. Pour acc\u00e9der \u00e0 cette plage en voiture, il sera plus confortable de se garer dans l&rsquo;urbanisation de Perabeua et de marcher environ 50 m\u00e8tres jusqu&rsquo;\u00e0 la plage. C&rsquo;est une plage pr\u00e9serv\u00e9e, d&rsquo;environ 200 m\u00e8tres de ...","og_url":"https:\/\/inmocosta.com\/fr\/platja-den-balleu\/","og_site_name":"- Inmocosta API l&#039;Estartit","article_publisher":"https:\/\/www.facebook.com\/inmocostaapi\/","article_published_time":"2020-11-05T09:11:26+00:00","article_modified_time":"2020-11-23T11:49:39+00:00","og_image":[{"width":800,"height":600,"url":"https:\/\/inmocosta.com\/wp-content\/uploads\/2020\/11\/Platja-d\u00b4en-Balleu.jpg","type":"image\/jpeg"}],"author":"info@inmocosta.com","twitter_card":"summary_large_image","twitter_misc":{"\u00c9crit par":"info@inmocosta.com","Dur\u00e9e de lecture estim\u00e9e":"1 minute"},"schema":{"@context":"https:\/\/schema.org","@graph":[{"@type":"Article","@id":"https:\/\/inmocosta.com\/fr\/platja-den-balleu\/#article","isPartOf":{"@id":"https:\/\/inmocosta.com\/fr\/platja-den-balleu\/"},"author":{"name":"info@inmocosta.com","@id":"https:\/\/inmocosta.com\/fr\/#\/schema\/person\/c1158d0f764ec40f4b366ff7afc7ddd8"},"headline":"Platja d&rsquo;en Balleu","datePublished":"2020-11-05T09:11:26+00:00","dateModified":"2020-11-23T11:49:39+00:00","mainEntityOfPage":{"@id":"https:\/\/inmocosta.com\/fr\/platja-den-balleu\/"},"wordCount":114,"publisher":{"@id":"https:\/\/inmocosta.com\/fr\/#organization"},"keywords":["costa Brava","Mavik Air Mini Drone"],"articleSection":["alentours","API","Calendari","Compra Vivendes","d\u00e9coration","Felicitacio Nadal"],"inLanguage":"fr-FR"},{"@type":"WebPage","@id":"https:\/\/inmocosta.com\/fr\/platja-den-balleu\/","url":"https:\/\/inmocosta.com\/fr\/platja-den-balleu\/","name":"Platja d'en Balleu - Inmocosta API l&#039;Estartit","isPartOf":{"@id":"https:\/\/inmocosta.com\/fr\/#website"},"datePublished":"2020-11-05T09:11:26+00:00","dateModified":"2020-11-23T11:49:39+00:00","breadcrumb":{"@id":"https:\/\/inmocosta.com\/fr\/platja-den-balleu\/#breadcrumb"},"inLanguage":"fr-FR","potentialAction":[{"@type":"ReadAction","target":["https:\/\/inmocosta.com\/fr\/platja-den-balleu\/"]}]},{"@type":"BreadcrumbList","@id":"https:\/\/inmocosta.com\/fr\/platja-den-balleu\/#breadcrumb","itemListElement":[{"@type":"ListItem","position":1,"name":"Home","item":"https:\/\/inmocosta.com\/fr\/"},{"@type":"ListItem","position":2,"name":"Platja d&#8217;en Balleu"}]},{"@type":"WebSite","@id":"https:\/\/inmocosta.com\/fr\/#website","url":"https:\/\/inmocosta.com\/fr\/","name":"- Inmocosta API l&#039;Estartit","description":"Ag\u00e8ncia immobiliaria dedicada exclusivament a la compra venda d\u00b4immobles . L&#039;assessorem en la compra del seu habitatge. Comprar cases, pisos, apartaments.","publisher":{"@id":"https:\/\/inmocosta.com\/fr\/#organization"},"potentialAction":[{"@type":"SearchAction","target":{"@type":"EntryPoint","urlTemplate":"https:\/\/inmocosta.com\/fr\/?s={search_term_string}"},"query-input":"required name=search_term_string"}],"inLanguage":"fr-FR"},{"@type":"Organization","@id":"https:\/\/inmocosta.com\/fr\/#organization","name":"Inmocosta API L'Estartit","url":"https:\/\/inmocosta.com\/fr\/","logo":{"@type":"ImageObject","inLanguage":"fr-FR","@id":"https:\/\/inmocosta.com\/fr\/#\/schema\/logo\/image\/","url":"https:\/\/inmocosta.com\/wp-content\/uploads\/2025\/01\/imatge_usuari.png","contentUrl":"https:\/\/inmocosta.com\/wp-content\/uploads\/2025\/01\/imatge_usuari.png","width":500,"height":500,"caption":"Inmocosta API L'Estartit"},"image":{"@id":"https:\/\/inmocosta.com\/fr\/#\/schema\/logo\/image\/"},"sameAs":["https:\/\/www.facebook.com\/inmocostaapi\/","https:\/\/www.instagram.com\/inmocosta_api\/","https:\/\/www.youtube.com\/channel\/UCidmbkY6BpJG9MA_OQUZgYQ"]},{"@type":"Person","@id":"https:\/\/inmocosta.com\/fr\/#\/schema\/person\/c1158d0f764ec40f4b366ff7afc7ddd8","name":"info@inmocosta.com","image":{"@type":"ImageObject","inLanguage":"fr-FR","@id":"https:\/\/inmocosta.com\/fr\/#\/schema\/person\/image\/","url":"https:\/\/secure.gravatar.com\/avatar\/6fcb462a4ecd1323c01cea6303344762c4ebd0c5a2d8936b060b9188b467a7e9?s=96&d=mm&r=g","contentUrl":"https:\/\/secure.gravatar.com\/avatar\/6fcb462a4ecd1323c01cea6303344762c4ebd0c5a2d8936b060b9188b467a7e9?s=96&d=mm&r=g","caption":"info@inmocosta.com"}}]}},"_links":{"self":[{"href":"https:\/\/inmocosta.com\/fr\/wp-json\/wp\/v2\/posts\/62680","targetHints":{"allow":["GET"]}}],"collection":[{"href":"https:\/\/inmocosta.com\/fr\/wp-json\/wp\/v2\/posts"}],"about":[{"href":"https:\/\/inmocosta.com\/fr\/wp-json\/wp\/v2\/types\/post"}],"author":[{"embeddable":true,"href":"https:\/\/inmocosta.com\/fr\/wp-json\/wp\/v2\/users\/1"}],"replies":[{"embeddable":true,"href":"https:\/\/inmocosta.com\/fr\/wp-json\/wp\/v2\/comments?post=62680"}],"version-history":[{"count":3,"href":"https:\/\/inmocosta.com\/fr\/wp-json\/wp\/v2\/posts\/62680\/revisions"}],"predecessor-version":[{"id":62782,"href":"https:\/\/inmocosta.com\/fr\/wp-json\/wp\/v2\/posts\/62680\/revisions\/62782"}],"wp:featuredmedia":[{"embeddable":true,"href":"https:\/\/inmocosta.com\/fr\/wp-json\/wp\/v2\/media\/62296"}],"wp:attachment":[{"href":"https:\/\/inmocosta.com\/fr\/wp-json\/wp\/v2\/media?parent=62680"}],"wp:term":[{"taxonomy":"category","embeddable":true,"href":"https:\/\/inmocosta.com\/fr\/wp-json\/wp\/v2\/categories?post=62680"},{"taxonomy":"post_tag","embeddable":true,"href":"https:\/\/inmocosta.com\/fr\/wp-json\/wp\/v2\/tags?post=62680"}],"curies":[{"name":"wp","href":"https:\/\/api.w.org\/{rel}","templated":true}]}}