{"id":62711,"date":"2020-11-04T17:53:32","date_gmt":"2020-11-04T16:53:32","guid":{"rendered":"https:\/\/inmocosta.com\/cala-pedrosa\/"},"modified":"2020-11-23T17:20:05","modified_gmt":"2020-11-23T16:20:05","slug":"cala-pedrosa","status":"publish","type":"post","link":"https:\/\/inmocosta.com\/fr\/cala-pedrosa\/","title":{"rendered":"Cala Pedrosa"},"content":{"rendered":"<h2>Cala Pedrosa<\/h2>\n<figure><img decoding=\"async\" src=\"https:\/\/inmocosta.com\/wp-content\/uploads\/2020\/11\/Cala-Pedrosa.jpg\" alt=\"\" \/><figcaption>Inmocosta api Estartit<\/figcaption><\/figure>\n<p>Il est situ\u00e9 \u00e0 L&rsquo;Estartit dans le parc naturel du Montgr\u00ed, les \u00eeles Medes et le Baix Ter. C&rsquo;est l&rsquo;une des plus belles criques de cette r\u00e9gion.<\/p>\n<p>L&rsquo;itin\u00e9raire le plus recommand\u00e9 est depuis le port de L&rsquo;Estartit, une fois dans le port il faut monter jusqu&rsquo;\u00e0 l&rsquo;urbanisation de Cap de Barra o\u00f9 au-dessus, il y a un chemin qui nous m\u00e8ne \u00e0 la crique.<\/p>\n<p>Petite crique d&rsquo;environ 10 m\u00e8tres de long, form\u00e9e de pierres et de galets, entour\u00e9e de pins et entour\u00e9e d&rsquo;un magnifique paysage naturel accessible uniquement \u00e0 pied ou en bateau.<\/p>\n<p>Elle est prot\u00e9g\u00e9e de la mer par un gros rocher, l&rsquo;\u00eele de La Pedrosa, situ\u00e9e juste \u00e0 l&rsquo;entr\u00e9e de la crique \u00e0 la mer.<\/p>\n<p><iframe title=\"Cala Pedrosa\" src=\"https:\/\/maps.google.com\/maps?q=Cala%20Pedrosa&amp;t=m&amp;z=12&amp;output=embed&amp;iwloc=near\" frameborder=\"0\" marginwidth=\"0\" marginheight=\"0\" scrolling=\"no\" aria-label=\"Cala Pedrosa\"><\/iframe><\/p>\n","protected":false},"excerpt":{"rendered":"<p>Cala Pedrosa Inmocosta api Estartit Il est situ\u00e9 \u00e0 L&rsquo;Estartit dans le parc naturel du Montgr\u00ed, les \u00eeles Medes et le Baix Ter. C&rsquo;est l&rsquo;une des plus belles criques de cette r\u00e9gion. L&rsquo;itin\u00e9raire le plus recommand\u00e9 est depuis le port de L&rsquo;Estartit, une fois dans le port il faut monter jusqu&rsquo;\u00e0 l&rsquo;urbanisation de Cap de Barra o\u00f9 au-dessus, il y a un chemin qui &#8230;<\/p>\n","protected":false},"author":1,"featured_media":62266,"comment_status":"closed","ping_status":"closed","sticky":false,"template":"","format":"standard","meta":{"footnotes":""},"categories":[308,312,2784,424,306,2854],"tags":[],"class_list":["post-62711","post","type-post","status-publish","format-standard","has-post-thumbnail","hentry","category-alentours","category-api-fr","category-calendari-fr","category-compra-vivendes-fr","category-decoration-fr","category-felicitacio-nadal-fr"],"yoast_head":"<!-- This site is optimized with the Yoast SEO plugin v21.8 - https:\/\/yoast.com\/wordpress\/plugins\/seo\/ -->\n<title>Cala Pedrosa - Inmocosta API l&#039;Estartit<\/title>\n<meta name=\"robots\" content=\"index, follow, max-snippet:-1, max-image-preview:large, max-video-preview:-1\" \/>\n<link rel=\"canonical\" href=\"https:\/\/inmocosta.com\/fr\/cala-pedrosa\/\" \/>\n<meta property=\"og:locale\" content=\"fr_FR\" \/>\n<meta property=\"og:type\" content=\"article\" \/>\n<meta property=\"og:title\" content=\"Cala Pedrosa - Inmocosta API l&#039;Estartit\" \/>\n<meta property=\"og:description\" content=\"Cala Pedrosa Inmocosta api Estartit Il est situ\u00e9 \u00e0 L&rsquo;Estartit dans le parc naturel du Montgr\u00ed, les \u00eeles Medes et le Baix Ter. C&rsquo;est l&rsquo;une des plus belles criques de cette r\u00e9gion. L&rsquo;itin\u00e9raire le plus recommand\u00e9 est depuis le port de L&rsquo;Estartit, une fois dans le port il faut monter jusqu&rsquo;\u00e0 l&rsquo;urbanisation de Cap de Barra o\u00f9 au-dessus, il y a un chemin qui ...\" \/>\n<meta property=\"og:url\" content=\"https:\/\/inmocosta.com\/fr\/cala-pedrosa\/\" \/>\n<meta property=\"og:site_name\" content=\"- Inmocosta API l&#039;Estartit\" \/>\n<meta property=\"article:publisher\" content=\"https:\/\/www.facebook.com\/inmocostaapi\/\" \/>\n<meta property=\"article:published_time\" content=\"2020-11-04T16:53:32+00:00\" \/>\n<meta property=\"article:modified_time\" content=\"2020-11-23T16:20:05+00:00\" \/>\n<meta property=\"og:image\" content=\"https:\/\/inmocosta.com\/wp-content\/uploads\/2020\/11\/Cala-Pedrosa.jpg\" \/>\n\t<meta property=\"og:image:width\" content=\"800\" \/>\n\t<meta property=\"og:image:height\" content=\"600\" \/>\n\t<meta property=\"og:image:type\" content=\"image\/jpeg\" \/>\n<meta name=\"author\" content=\"info@inmocosta.com\" \/>\n<meta name=\"twitter:card\" content=\"summary_large_image\" \/>\n<meta name=\"twitter:label1\" content=\"\u00c9crit par\" \/>\n\t<meta name=\"twitter:data1\" content=\"info@inmocosta.com\" \/>\n\t<meta name=\"twitter:label2\" content=\"Dur\u00e9e de lecture estim\u00e9e\" \/>\n\t<meta name=\"twitter:data2\" content=\"1 minute\" \/>\n<script type=\"application\/ld+json\" class=\"yoast-schema-graph\">{\"@context\":\"https:\/\/schema.org\",\"@graph\":[{\"@type\":\"Article\",\"@id\":\"https:\/\/inmocosta.com\/fr\/cala-pedrosa\/#article\",\"isPartOf\":{\"@id\":\"https:\/\/inmocosta.com\/fr\/cala-pedrosa\/\"},\"author\":{\"name\":\"info@inmocosta.com\",\"@id\":\"https:\/\/inmocosta.com\/fr\/#\/schema\/person\/c1158d0f764ec40f4b366ff7afc7ddd8\"},\"headline\":\"Cala Pedrosa\",\"datePublished\":\"2020-11-04T16:53:32+00:00\",\"dateModified\":\"2020-11-23T16:20:05+00:00\",\"mainEntityOfPage\":{\"@id\":\"https:\/\/inmocosta.com\/fr\/cala-pedrosa\/\"},\"wordCount\":139,\"publisher\":{\"@id\":\"https:\/\/inmocosta.com\/fr\/#organization\"},\"articleSection\":[\"alentours\",\"API\",\"Calendari\",\"Compra Vivendes\",\"d\u00e9coration\",\"Felicitacio Nadal\"],\"inLanguage\":\"fr-FR\"},{\"@type\":\"WebPage\",\"@id\":\"https:\/\/inmocosta.com\/fr\/cala-pedrosa\/\",\"url\":\"https:\/\/inmocosta.com\/fr\/cala-pedrosa\/\",\"name\":\"Cala Pedrosa - Inmocosta API l&#039;Estartit\",\"isPartOf\":{\"@id\":\"https:\/\/inmocosta.com\/fr\/#website\"},\"datePublished\":\"2020-11-04T16:53:32+00:00\",\"dateModified\":\"2020-11-23T16:20:05+00:00\",\"breadcrumb\":{\"@id\":\"https:\/\/inmocosta.com\/fr\/cala-pedrosa\/#breadcrumb\"},\"inLanguage\":\"fr-FR\",\"potentialAction\":[{\"@type\":\"ReadAction\",\"target\":[\"https:\/\/inmocosta.com\/fr\/cala-pedrosa\/\"]}]},{\"@type\":\"BreadcrumbList\",\"@id\":\"https:\/\/inmocosta.com\/fr\/cala-pedrosa\/#breadcrumb\",\"itemListElement\":[{\"@type\":\"ListItem\",\"position\":1,\"name\":\"Home\",\"item\":\"https:\/\/inmocosta.com\/fr\/\"},{\"@type\":\"ListItem\",\"position\":2,\"name\":\"Cala Pedrosa\"}]},{\"@type\":\"WebSite\",\"@id\":\"https:\/\/inmocosta.com\/fr\/#website\",\"url\":\"https:\/\/inmocosta.com\/fr\/\",\"name\":\"- Inmocosta API l&#039;Estartit\",\"description\":\"Ag\u00e8ncia immobiliaria dedicada exclusivament a la compra venda d\u00b4immobles . L&#039;assessorem en la compra del seu habitatge. Comprar cases, pisos, apartaments.\",\"publisher\":{\"@id\":\"https:\/\/inmocosta.com\/fr\/#organization\"},\"potentialAction\":[{\"@type\":\"SearchAction\",\"target\":{\"@type\":\"EntryPoint\",\"urlTemplate\":\"https:\/\/inmocosta.com\/fr\/?s={search_term_string}\"},\"query-input\":\"required name=search_term_string\"}],\"inLanguage\":\"fr-FR\"},{\"@type\":\"Organization\",\"@id\":\"https:\/\/inmocosta.com\/fr\/#organization\",\"name\":\"Inmocosta API L'Estartit\",\"url\":\"https:\/\/inmocosta.com\/fr\/\",\"logo\":{\"@type\":\"ImageObject\",\"inLanguage\":\"fr-FR\",\"@id\":\"https:\/\/inmocosta.com\/fr\/#\/schema\/logo\/image\/\",\"url\":\"https:\/\/inmocosta.com\/wp-content\/uploads\/2025\/01\/imatge_usuari.png\",\"contentUrl\":\"https:\/\/inmocosta.com\/wp-content\/uploads\/2025\/01\/imatge_usuari.png\",\"width\":500,\"height\":500,\"caption\":\"Inmocosta API L'Estartit\"},\"image\":{\"@id\":\"https:\/\/inmocosta.com\/fr\/#\/schema\/logo\/image\/\"},\"sameAs\":[\"https:\/\/www.facebook.com\/inmocostaapi\/\",\"https:\/\/www.instagram.com\/inmocosta_api\/\",\"https:\/\/www.youtube.com\/channel\/UCidmbkY6BpJG9MA_OQUZgYQ\"]},{\"@type\":\"Person\",\"@id\":\"https:\/\/inmocosta.com\/fr\/#\/schema\/person\/c1158d0f764ec40f4b366ff7afc7ddd8\",\"name\":\"info@inmocosta.com\",\"image\":{\"@type\":\"ImageObject\",\"inLanguage\":\"fr-FR\",\"@id\":\"https:\/\/inmocosta.com\/fr\/#\/schema\/person\/image\/\",\"url\":\"https:\/\/secure.gravatar.com\/avatar\/6fcb462a4ecd1323c01cea6303344762c4ebd0c5a2d8936b060b9188b467a7e9?s=96&d=mm&r=g\",\"contentUrl\":\"https:\/\/secure.gravatar.com\/avatar\/6fcb462a4ecd1323c01cea6303344762c4ebd0c5a2d8936b060b9188b467a7e9?s=96&d=mm&r=g\",\"caption\":\"info@inmocosta.com\"}}]}<\/script>\n<!-- \/ Yoast SEO plugin. -->","yoast_head_json":{"title":"Cala Pedrosa - Inmocosta API l&#039;Estartit","robots":{"index":"index","follow":"follow","max-snippet":"max-snippet:-1","max-image-preview":"max-image-preview:large","max-video-preview":"max-video-preview:-1"},"canonical":"https:\/\/inmocosta.com\/fr\/cala-pedrosa\/","og_locale":"fr_FR","og_type":"article","og_title":"Cala Pedrosa - Inmocosta API l&#039;Estartit","og_description":"Cala Pedrosa Inmocosta api Estartit Il est situ\u00e9 \u00e0 L&rsquo;Estartit dans le parc naturel du Montgr\u00ed, les \u00eeles Medes et le Baix Ter. C&rsquo;est l&rsquo;une des plus belles criques de cette r\u00e9gion. L&rsquo;itin\u00e9raire le plus recommand\u00e9 est depuis le port de L&rsquo;Estartit, une fois dans le port il faut monter jusqu&rsquo;\u00e0 l&rsquo;urbanisation de Cap de Barra o\u00f9 au-dessus, il y a un chemin qui ...","og_url":"https:\/\/inmocosta.com\/fr\/cala-pedrosa\/","og_site_name":"- Inmocosta API l&#039;Estartit","article_publisher":"https:\/\/www.facebook.com\/inmocostaapi\/","article_published_time":"2020-11-04T16:53:32+00:00","article_modified_time":"2020-11-23T16:20:05+00:00","og_image":[{"width":800,"height":600,"url":"https:\/\/inmocosta.com\/wp-content\/uploads\/2020\/11\/Cala-Pedrosa.jpg","type":"image\/jpeg"}],"author":"info@inmocosta.com","twitter_card":"summary_large_image","twitter_misc":{"\u00c9crit par":"info@inmocosta.com","Dur\u00e9e de lecture estim\u00e9e":"1 minute"},"schema":{"@context":"https:\/\/schema.org","@graph":[{"@type":"Article","@id":"https:\/\/inmocosta.com\/fr\/cala-pedrosa\/#article","isPartOf":{"@id":"https:\/\/inmocosta.com\/fr\/cala-pedrosa\/"},"author":{"name":"info@inmocosta.com","@id":"https:\/\/inmocosta.com\/fr\/#\/schema\/person\/c1158d0f764ec40f4b366ff7afc7ddd8"},"headline":"Cala Pedrosa","datePublished":"2020-11-04T16:53:32+00:00","dateModified":"2020-11-23T16:20:05+00:00","mainEntityOfPage":{"@id":"https:\/\/inmocosta.com\/fr\/cala-pedrosa\/"},"wordCount":139,"publisher":{"@id":"https:\/\/inmocosta.com\/fr\/#organization"},"articleSection":["alentours","API","Calendari","Compra Vivendes","d\u00e9coration","Felicitacio Nadal"],"inLanguage":"fr-FR"},{"@type":"WebPage","@id":"https:\/\/inmocosta.com\/fr\/cala-pedrosa\/","url":"https:\/\/inmocosta.com\/fr\/cala-pedrosa\/","name":"Cala Pedrosa - Inmocosta API l&#039;Estartit","isPartOf":{"@id":"https:\/\/inmocosta.com\/fr\/#website"},"datePublished":"2020-11-04T16:53:32+00:00","dateModified":"2020-11-23T16:20:05+00:00","breadcrumb":{"@id":"https:\/\/inmocosta.com\/fr\/cala-pedrosa\/#breadcrumb"},"inLanguage":"fr-FR","potentialAction":[{"@type":"ReadAction","target":["https:\/\/inmocosta.com\/fr\/cala-pedrosa\/"]}]},{"@type":"BreadcrumbList","@id":"https:\/\/inmocosta.com\/fr\/cala-pedrosa\/#breadcrumb","itemListElement":[{"@type":"ListItem","position":1,"name":"Home","item":"https:\/\/inmocosta.com\/fr\/"},{"@type":"ListItem","position":2,"name":"Cala Pedrosa"}]},{"@type":"WebSite","@id":"https:\/\/inmocosta.com\/fr\/#website","url":"https:\/\/inmocosta.com\/fr\/","name":"- Inmocosta API l&#039;Estartit","description":"Ag\u00e8ncia immobiliaria dedicada exclusivament a la compra venda d\u00b4immobles . L&#039;assessorem en la compra del seu habitatge. Comprar cases, pisos, apartaments.","publisher":{"@id":"https:\/\/inmocosta.com\/fr\/#organization"},"potentialAction":[{"@type":"SearchAction","target":{"@type":"EntryPoint","urlTemplate":"https:\/\/inmocosta.com\/fr\/?s={search_term_string}"},"query-input":"required name=search_term_string"}],"inLanguage":"fr-FR"},{"@type":"Organization","@id":"https:\/\/inmocosta.com\/fr\/#organization","name":"Inmocosta API L'Estartit","url":"https:\/\/inmocosta.com\/fr\/","logo":{"@type":"ImageObject","inLanguage":"fr-FR","@id":"https:\/\/inmocosta.com\/fr\/#\/schema\/logo\/image\/","url":"https:\/\/inmocosta.com\/wp-content\/uploads\/2025\/01\/imatge_usuari.png","contentUrl":"https:\/\/inmocosta.com\/wp-content\/uploads\/2025\/01\/imatge_usuari.png","width":500,"height":500,"caption":"Inmocosta API L'Estartit"},"image":{"@id":"https:\/\/inmocosta.com\/fr\/#\/schema\/logo\/image\/"},"sameAs":["https:\/\/www.facebook.com\/inmocostaapi\/","https:\/\/www.instagram.com\/inmocosta_api\/","https:\/\/www.youtube.com\/channel\/UCidmbkY6BpJG9MA_OQUZgYQ"]},{"@type":"Person","@id":"https:\/\/inmocosta.com\/fr\/#\/schema\/person\/c1158d0f764ec40f4b366ff7afc7ddd8","name":"info@inmocosta.com","image":{"@type":"ImageObject","inLanguage":"fr-FR","@id":"https:\/\/inmocosta.com\/fr\/#\/schema\/person\/image\/","url":"https:\/\/secure.gravatar.com\/avatar\/6fcb462a4ecd1323c01cea6303344762c4ebd0c5a2d8936b060b9188b467a7e9?s=96&d=mm&r=g","contentUrl":"https:\/\/secure.gravatar.com\/avatar\/6fcb462a4ecd1323c01cea6303344762c4ebd0c5a2d8936b060b9188b467a7e9?s=96&d=mm&r=g","caption":"info@inmocosta.com"}}]}},"_links":{"self":[{"href":"https:\/\/inmocosta.com\/fr\/wp-json\/wp\/v2\/posts\/62711","targetHints":{"allow":["GET"]}}],"collection":[{"href":"https:\/\/inmocosta.com\/fr\/wp-json\/wp\/v2\/posts"}],"about":[{"href":"https:\/\/inmocosta.com\/fr\/wp-json\/wp\/v2\/types\/post"}],"author":[{"embeddable":true,"href":"https:\/\/inmocosta.com\/fr\/wp-json\/wp\/v2\/users\/1"}],"replies":[{"embeddable":true,"href":"https:\/\/inmocosta.com\/fr\/wp-json\/wp\/v2\/comments?post=62711"}],"version-history":[{"count":3,"href":"https:\/\/inmocosta.com\/fr\/wp-json\/wp\/v2\/posts\/62711\/revisions"}],"predecessor-version":[{"id":62817,"href":"https:\/\/inmocosta.com\/fr\/wp-json\/wp\/v2\/posts\/62711\/revisions\/62817"}],"wp:featuredmedia":[{"embeddable":true,"href":"https:\/\/inmocosta.com\/fr\/wp-json\/wp\/v2\/media\/62266"}],"wp:attachment":[{"href":"https:\/\/inmocosta.com\/fr\/wp-json\/wp\/v2\/media?parent=62711"}],"wp:term":[{"taxonomy":"category","embeddable":true,"href":"https:\/\/inmocosta.com\/fr\/wp-json\/wp\/v2\/categories?post=62711"},{"taxonomy":"post_tag","embeddable":true,"href":"https:\/\/inmocosta.com\/fr\/wp-json\/wp\/v2\/tags?post=62711"}],"curies":[{"name":"wp","href":"https:\/\/api.w.org\/{rel}","templated":true}]}}