{"id":75491,"date":"2023-01-26T12:18:04","date_gmt":"2023-01-26T11:18:04","guid":{"rendered":"https:\/\/inmocosta.com\/14-curiositats-que-potser-no-sabies-sobre-la-torre-eiffel\/"},"modified":"2023-01-26T12:46:01","modified_gmt":"2023-01-26T11:46:01","slug":"14-curiosites-que-vous-ne-connaissiez-peut-etre-pas-sur-la-tour-eiffel","status":"publish","type":"post","link":"https:\/\/inmocosta.com\/fr\/14-curiosites-que-vous-ne-connaissiez-peut-etre-pas-sur-la-tour-eiffel\/","title":{"rendered":"14 curiosit\u00e9s que vous ne connaissiez peut-\u00eatre pas sur la Tour Eiffel."},"content":{"rendered":"<p>[vc_row][vc_column][vc_column_text]<\/p>\n<h3>14 curiosit\u00e9s que vous ne connaissiez peut-\u00eatre pas sur la Tour Eiffel.<\/h3>\n<p>La Tour Eiffel \u00e0 Paris cache une multitude de curiosit\u00e9s. Ce monument, construit \u00e0 la fin du XIXe si\u00e8cle, est devenu un symbole de la ville, de la France elle-m\u00eame et, \u00e0 l&rsquo;\u00e9poque, de la modernit\u00e9 technique.<\/p>\n<p>C&rsquo;est l&rsquo;un des monuments les plus visit\u00e9s au monde et l&rsquo;un des plus reproduits au cin\u00e9ma ou dans les romans, d&rsquo;o\u00f9 son \u00e9norme popularit\u00e9. Mais la Tour Eiffel rec\u00e8le des histoires incroyables. Nous avons compil\u00e9 14 curiosit\u00e9s les plus int\u00e9ressantes sur la Tour Eiffel.<\/p>\n<p><strong>1. La Tour Eiffel a \u00e9t\u00e9 construite pour une Exposition Universelle.<\/strong><\/p>\n<p>A l&rsquo;occasion du centenaire de la R\u00e9volution fran\u00e7aise, Paris est choisie en 1889 pour accueillir l&rsquo;Exposition Universelle. L&rsquo;organisation a ouvert un concours de projets pour choisir son image principale, dont les caract\u00e9ristiques \u00e9taient qu&rsquo;elle devait \u00eatre en fer et mesurer 300 m\u00e8tres de haut. La tour Eiffel a particip\u00e9 au concours et l&rsquo;a remport\u00e9. La chose la plus curieuse est que dans le concours il y avait des propositions aussi particuli\u00e8res qu&rsquo;une guillotine g\u00e9ante.<\/p>\n<p><strong><a href=\"https:\/\/inmocosta.com\/fr\/14-curiositats-que-potser-no-sabies-sobre-la-torre-eiffel\/torre-eiffel-2\/\" rel=\"attachment wp-att-75476\"><img fetchpriority=\"high\" decoding=\"async\" class=\"aligncenter size-full wp-image-75476\" src=\"https:\/\/inmocosta.com\/wp-content\/uploads\/2023\/01\/torre-eiffel.jpeg\" alt=\"\" width=\"1441\" height=\"1920\" srcset=\"https:\/\/inmocosta.com\/wp-content\/uploads\/2023\/01\/torre-eiffel.jpeg 1441w, https:\/\/inmocosta.com\/wp-content\/uploads\/2023\/01\/torre-eiffel-225x300.jpeg 225w, https:\/\/inmocosta.com\/wp-content\/uploads\/2023\/01\/torre-eiffel-769x1024.jpeg 769w, https:\/\/inmocosta.com\/wp-content\/uploads\/2023\/01\/torre-eiffel-768x1023.jpeg 768w, https:\/\/inmocosta.com\/wp-content\/uploads\/2023\/01\/torre-eiffel-1153x1536.jpeg 1153w\" sizes=\"(max-width: 1441px) 100vw, 1441px\" \/><\/a><\/strong><\/p>\n<p><strong>2. Ante a \u00e9t\u00e9 rejet\u00e9 par Barcelone et d&rsquo;autres villes<\/strong><\/p>\n<p>En fait, le projet a \u00e9t\u00e9 pr\u00e9sent\u00e9 pour l&rsquo;Exposition universelle de Barcelone, qui s&rsquo;est tenue en 1888, mais la proposition a \u00e9t\u00e9 rejet\u00e9e par le gouvernement. De la m\u00eame mani\u00e8re, il a \u00e9galement \u00e9t\u00e9 rejet\u00e9 dans d&rsquo;autres villes europ\u00e9ennes pour ne pas correspondre \u00e0 l&rsquo;esth\u00e9tique dominante du moment.<\/p>\n<p><strong>3. Une construction \u00ab express \u00bb<\/strong><\/p>\n<p>En raison de la structure m\u00eame de la Tour Eiffel, con\u00e7ue comme un gigantesque Meccano, elle a \u00e9t\u00e9 enti\u00e8rement \u00e9rig\u00e9e en un peu plus de deux ans. Plus pr\u00e9cis\u00e9ment, 2 ans, 2 mois et 5 jours\u00a0; entre f\u00e9vrier 1887 et mars 1889. Ce tempo \u00ab express \u00bb est d\u00fb au fait qu&rsquo;une grande partie du montage a \u00e9t\u00e9 r\u00e9alis\u00e9e dans les ateliers des entreprises Eiffel. Pour la m\u00eame raison, sur place, le nombre d&rsquo;ouvriers n&rsquo;a jamais d\u00e9pass\u00e9 250.<\/p>\n<p><strong>4. Quelques d\u00e9tails techniques<\/strong><\/p>\n<p>La tour Eiffel est compos\u00e9e de 18 038 pi\u00e8ces de fer de 5 300 motifs diff\u00e9rents et son assemblage avec deux millions et demi de rivets, bien plus que n\u00e9cessaire, qui ont \u00e9t\u00e9 ajout\u00e9s par s\u00e9curit\u00e9.<\/p>\n<p><strong>5. La radio a sauv\u00e9 la Tour Eiffel<\/strong><\/p>\n<p>Monument \u00e9ph\u00e9m\u00e8re qu&rsquo;elle devait \u00eatre, la concession de la tour Eiffel a \u00e9t\u00e9 \u00e9tablie pour 20 ans. Autrement dit, en 1909, il a d\u00fb \u00eatre d\u00e9moli.<br \/>\nDe plus, hormis les nombreuses visites pendant l&rsquo;Exposition (environ 2 millions de personnes), le nombre de billets vendus diminue d&rsquo;ann\u00e9e en ann\u00e9e.<\/p>\n<p>Cependant, avant la fin de la concession, une station de radio a \u00e9t\u00e9 install\u00e9e dans la tour, ce qui confirme son int\u00e9r\u00eat strat\u00e9gique. Pour cette raison, la concession a \u00e9t\u00e9 prolong\u00e9e de 70 ans.<\/p>\n<p><strong>6. C&rsquo;\u00e9tait le plus haut b\u00e2timent du monde<\/strong><\/p>\n<p>Les 300 m\u00e8tres de la Tour Eiffel lui ont permis de se placer au premier rang des plus hauts \u00e9difices du monde. Ce record a \u00e9t\u00e9 d\u00e9tenu jusqu&rsquo;en 1930, date de la construction du Chrysler Building \u00e0 New York. Au total, la tour Eiffel a \u00e9t\u00e9 le plus haut b\u00e2timent du monde pendant 41 ans. A l&rsquo;heure actuelle, avec la nouvelle antenne install\u00e9e en 2022, la tour Eiffel culmine \u00e0 330 m\u00e8tres.<\/p>\n<p><strong><a href=\"https:\/\/inmocosta.com\/fr\/14-curiositats-que-potser-no-sabies-sobre-la-torre-eiffel\/torre-eiffel-alt-2\/\" rel=\"attachment wp-att-75480\"><img decoding=\"async\" class=\"aligncenter size-full wp-image-75480\" src=\"https:\/\/inmocosta.com\/wp-content\/uploads\/2023\/01\/torre-eiffel-alt.jpeg\" alt=\"\" width=\"1920\" height=\"1080\" srcset=\"https:\/\/inmocosta.com\/wp-content\/uploads\/2023\/01\/torre-eiffel-alt.jpeg 1920w, https:\/\/inmocosta.com\/wp-content\/uploads\/2023\/01\/torre-eiffel-alt-300x169.jpeg 300w, https:\/\/inmocosta.com\/wp-content\/uploads\/2023\/01\/torre-eiffel-alt-1024x576.jpeg 1024w, https:\/\/inmocosta.com\/wp-content\/uploads\/2023\/01\/torre-eiffel-alt-768x432.jpeg 768w, https:\/\/inmocosta.com\/wp-content\/uploads\/2023\/01\/torre-eiffel-alt-1536x864.jpeg 1536w, https:\/\/inmocosta.com\/wp-content\/uploads\/2023\/01\/torre-eiffel-alt-255x143.jpeg 255w, https:\/\/inmocosta.com\/wp-content\/uploads\/2023\/01\/torre-eiffel-alt-1110x623.jpeg 1110w\" sizes=\"(max-width: 1920px) 100vw, 1920px\" \/><\/a><\/strong><\/p>\n<p><strong>7. Enclave strat\u00e9gique pendant la Premi\u00e8re Guerre mondiale<\/strong><\/p>\n<p>La tour Eiffel a eu un r\u00f4le strat\u00e9gique tr\u00e8s important pendant la Premi\u00e8re Guerre mondiale. D&rsquo;une part, la tour servait de station d&rsquo;essai radio et t\u00e9l\u00e9communication pour l&rsquo;arm\u00e9e fran\u00e7aise. Avec cela, deux objectifs principaux \u00e9taient atteints : intercepter les signaux ennemis et diriger l&rsquo;organisation strat\u00e9gique des troupes fran\u00e7aises.<\/p>\n<p>Pour finir de lire les 14 curiosit\u00e9s de la Tour Eiffel, suivez ce lien vers IDEALISTA :<\/p>\n<p><a href=\"https:\/\/inmocosta.com\/fr\/14-curiositats-que-potser-no-sabies-sobre-la-torre-eiffel\/idealista-2\/\" rel=\"attachment wp-att-75484\"><img decoding=\"async\" class=\" wp-image-75484 alignleft\" src=\"https:\/\/inmocosta.com\/wp-content\/uploads\/2023\/01\/idealista.png\" alt=\"\" width=\"64\" height=\"64\" srcset=\"https:\/\/inmocosta.com\/wp-content\/uploads\/2023\/01\/idealista.png 225w, https:\/\/inmocosta.com\/wp-content\/uploads\/2023\/01\/idealista-150x150.png 150w, https:\/\/inmocosta.com\/wp-content\/uploads\/2023\/01\/idealista-120x120.png 120w, https:\/\/inmocosta.com\/wp-content\/uploads\/2023\/01\/idealista-45x45.png 45w, https:\/\/inmocosta.com\/wp-content\/uploads\/2023\/01\/idealista-36x36.png 36w\" sizes=\"(max-width: 64px) 100vw, 64px\" \/><\/a><a href=\"https:\/\/www.idealista.com\/news\/inmobiliario\/construccion\/2023\/01\/26\/803380-14-curiosidades-que-quizas-no-sabias-sobre-la-torre-eiffel#at_medium=email&amp;at_emailtype=retention&amp;at_campaign=1059&amp;at_creation=news_daily_20230126&amp;at_send_date=20230126&amp;at_link=m-7-titular-node-803380&amp;at_recipient_id=72430530582&amp;at_recipient_list=3&amp;utm_medium=email&amp;utm_campaign=1059&amp;utm_term=m-7-titular-node-803380\">https:\/\/www.idealista.com\/news\/inmobiliario\/construccion\/2023\/01\/26\/803380-14-curiosidades-que-quizas-no-sabias-sobre-la-torre-eiffel#at_medium=email&amp;at_emailtype=retention&amp;at_campaign=1059&amp;at_creation=news_daily_20230126&amp;at_send_date=20230126&amp;at_link=m-7-titular-node-803380&amp;at_recipient_id=72430530582&amp;at_recipient_list=3&amp;utm_medium=email&amp;utm_campaign=1059&amp;utm_term=m-7-titular-node-803380<\/a>[\/vc_column_text][\/vc_column][\/vc_row]<\/p>\n","protected":false},"excerpt":{"rendered":"<p>[vc_row][vc_column][vc_column_text] 14 curiosit\u00e9s que vous ne connaissiez peut-\u00eatre pas sur la Tour Eiffel. La Tour Eiffel \u00e0 Paris cache une multitude de curiosit\u00e9s. Ce monument, construit \u00e0 la fin du XIXe si\u00e8cle, est devenu un symbole de la ville, de la France elle-m\u00eame et, \u00e0 l&rsquo;\u00e9poque, de la modernit\u00e9 technique. C&rsquo;est l&rsquo;un des monuments les plus visit\u00e9s au monde et l&rsquo;un des plus reproduits &#8230;<\/p>\n","protected":false},"author":1,"featured_media":75478,"comment_status":"closed","ping_status":"open","sticky":false,"template":"","format":"standard","meta":{"footnotes":""},"categories":[424],"tags":[],"class_list":["post-75491","post","type-post","status-publish","format-standard","has-post-thumbnail","hentry","category-compra-vivendes-fr"],"yoast_head":"<!-- This site is optimized with the Yoast SEO plugin v21.8 - https:\/\/yoast.com\/wordpress\/plugins\/seo\/ -->\n<title>14 curiosit\u00e9s que vous ne connaissiez peut-\u00eatre pas sur la Tour Eiffel. - Inmocosta API l&#039;Estartit<\/title>\n<meta name=\"description\" content=\"14 curiosit\u00e9s que vous ne connaissiez peut-\u00eatre pas sur la Tour Eiffel. - Inmocosta API Estartit\" \/>\n<meta name=\"robots\" content=\"index, follow, max-snippet:-1, max-image-preview:large, max-video-preview:-1\" \/>\n<link rel=\"canonical\" href=\"https:\/\/inmocosta.com\/fr\/14-curiosites-que-vous-ne-connaissiez-peut-etre-pas-sur-la-tour-eiffel\/\" \/>\n<meta property=\"og:locale\" content=\"fr_FR\" \/>\n<meta property=\"og:type\" content=\"article\" \/>\n<meta property=\"og:title\" content=\"14 curiosit\u00e9s que vous ne connaissiez peut-\u00eatre pas sur la Tour Eiffel. - Inmocosta API l&#039;Estartit\" \/>\n<meta property=\"og:description\" content=\"14 curiosit\u00e9s que vous ne connaissiez peut-\u00eatre pas sur la Tour Eiffel. - Inmocosta API Estartit\" \/>\n<meta property=\"og:url\" content=\"https:\/\/inmocosta.com\/fr\/14-curiosites-que-vous-ne-connaissiez-peut-etre-pas-sur-la-tour-eiffel\/\" \/>\n<meta property=\"og:site_name\" content=\"- Inmocosta API l&#039;Estartit\" \/>\n<meta property=\"article:publisher\" content=\"https:\/\/www.facebook.com\/inmocostaapi\/\" \/>\n<meta property=\"article:published_time\" content=\"2023-01-26T11:18:04+00:00\" \/>\n<meta property=\"article:modified_time\" content=\"2023-01-26T11:46:01+00:00\" \/>\n<meta property=\"og:image\" content=\"https:\/\/inmocosta.com\/wp-content\/uploads\/2023\/01\/torre-eiffel.jpeg\" \/>\n\t<meta property=\"og:image:width\" content=\"1441\" \/>\n\t<meta property=\"og:image:height\" content=\"1920\" \/>\n\t<meta property=\"og:image:type\" content=\"image\/jpeg\" \/>\n<meta name=\"author\" content=\"info@inmocosta.com\" \/>\n<meta name=\"twitter:card\" content=\"summary_large_image\" \/>\n<meta name=\"twitter:label1\" content=\"\u00c9crit par\" \/>\n\t<meta name=\"twitter:data1\" content=\"info@inmocosta.com\" \/>\n\t<meta name=\"twitter:label2\" content=\"Dur\u00e9e de lecture estim\u00e9e\" \/>\n\t<meta name=\"twitter:data2\" content=\"4 minutes\" \/>\n<script type=\"application\/ld+json\" class=\"yoast-schema-graph\">{\"@context\":\"https:\/\/schema.org\",\"@graph\":[{\"@type\":\"Article\",\"@id\":\"https:\/\/inmocosta.com\/fr\/14-curiosites-que-vous-ne-connaissiez-peut-etre-pas-sur-la-tour-eiffel\/#article\",\"isPartOf\":{\"@id\":\"https:\/\/inmocosta.com\/fr\/14-curiosites-que-vous-ne-connaissiez-peut-etre-pas-sur-la-tour-eiffel\/\"},\"author\":{\"name\":\"info@inmocosta.com\",\"@id\":\"https:\/\/inmocosta.com\/fr\/#\/schema\/person\/c1158d0f764ec40f4b366ff7afc7ddd8\"},\"headline\":\"14 curiosit\u00e9s que vous ne connaissiez peut-\u00eatre pas sur la Tour Eiffel.\",\"datePublished\":\"2023-01-26T11:18:04+00:00\",\"dateModified\":\"2023-01-26T11:46:01+00:00\",\"mainEntityOfPage\":{\"@id\":\"https:\/\/inmocosta.com\/fr\/14-curiosites-que-vous-ne-connaissiez-peut-etre-pas-sur-la-tour-eiffel\/\"},\"wordCount\":737,\"publisher\":{\"@id\":\"https:\/\/inmocosta.com\/fr\/#organization\"},\"articleSection\":[\"Compra Vivendes\"],\"inLanguage\":\"fr-FR\"},{\"@type\":\"WebPage\",\"@id\":\"https:\/\/inmocosta.com\/fr\/14-curiosites-que-vous-ne-connaissiez-peut-etre-pas-sur-la-tour-eiffel\/\",\"url\":\"https:\/\/inmocosta.com\/fr\/14-curiosites-que-vous-ne-connaissiez-peut-etre-pas-sur-la-tour-eiffel\/\",\"name\":\"14 curiosit\u00e9s que vous ne connaissiez peut-\u00eatre pas sur la Tour Eiffel. - Inmocosta API l&#039;Estartit\",\"isPartOf\":{\"@id\":\"https:\/\/inmocosta.com\/fr\/#website\"},\"datePublished\":\"2023-01-26T11:18:04+00:00\",\"dateModified\":\"2023-01-26T11:46:01+00:00\",\"description\":\"14 curiosit\u00e9s que vous ne connaissiez peut-\u00eatre pas sur la Tour Eiffel. - Inmocosta API Estartit\",\"breadcrumb\":{\"@id\":\"https:\/\/inmocosta.com\/fr\/14-curiosites-que-vous-ne-connaissiez-peut-etre-pas-sur-la-tour-eiffel\/#breadcrumb\"},\"inLanguage\":\"fr-FR\",\"potentialAction\":[{\"@type\":\"ReadAction\",\"target\":[\"https:\/\/inmocosta.com\/fr\/14-curiosites-que-vous-ne-connaissiez-peut-etre-pas-sur-la-tour-eiffel\/\"]}]},{\"@type\":\"BreadcrumbList\",\"@id\":\"https:\/\/inmocosta.com\/fr\/14-curiosites-que-vous-ne-connaissiez-peut-etre-pas-sur-la-tour-eiffel\/#breadcrumb\",\"itemListElement\":[{\"@type\":\"ListItem\",\"position\":1,\"name\":\"Home\",\"item\":\"https:\/\/inmocosta.com\/fr\/\"},{\"@type\":\"ListItem\",\"position\":2,\"name\":\"14 curiosit\u00e9s que vous ne connaissiez peut-\u00eatre pas sur la Tour Eiffel.\"}]},{\"@type\":\"WebSite\",\"@id\":\"https:\/\/inmocosta.com\/fr\/#website\",\"url\":\"https:\/\/inmocosta.com\/fr\/\",\"name\":\"- Inmocosta API l&#039;Estartit\",\"description\":\"Ag\u00e8ncia immobiliaria dedicada exclusivament a la compra venda d\u00b4immobles . L&#039;assessorem en la compra del seu habitatge. Comprar cases, pisos, apartaments.\",\"publisher\":{\"@id\":\"https:\/\/inmocosta.com\/fr\/#organization\"},\"potentialAction\":[{\"@type\":\"SearchAction\",\"target\":{\"@type\":\"EntryPoint\",\"urlTemplate\":\"https:\/\/inmocosta.com\/fr\/?s={search_term_string}\"},\"query-input\":\"required name=search_term_string\"}],\"inLanguage\":\"fr-FR\"},{\"@type\":\"Organization\",\"@id\":\"https:\/\/inmocosta.com\/fr\/#organization\",\"name\":\"Inmocosta API L'Estartit\",\"url\":\"https:\/\/inmocosta.com\/fr\/\",\"logo\":{\"@type\":\"ImageObject\",\"inLanguage\":\"fr-FR\",\"@id\":\"https:\/\/inmocosta.com\/fr\/#\/schema\/logo\/image\/\",\"url\":\"https:\/\/inmocosta.com\/wp-content\/uploads\/2025\/01\/imatge_usuari.png\",\"contentUrl\":\"https:\/\/inmocosta.com\/wp-content\/uploads\/2025\/01\/imatge_usuari.png\",\"width\":500,\"height\":500,\"caption\":\"Inmocosta API L'Estartit\"},\"image\":{\"@id\":\"https:\/\/inmocosta.com\/fr\/#\/schema\/logo\/image\/\"},\"sameAs\":[\"https:\/\/www.facebook.com\/inmocostaapi\/\",\"https:\/\/www.instagram.com\/inmocosta_api\/\",\"https:\/\/www.youtube.com\/channel\/UCidmbkY6BpJG9MA_OQUZgYQ\"]},{\"@type\":\"Person\",\"@id\":\"https:\/\/inmocosta.com\/fr\/#\/schema\/person\/c1158d0f764ec40f4b366ff7afc7ddd8\",\"name\":\"info@inmocosta.com\",\"image\":{\"@type\":\"ImageObject\",\"inLanguage\":\"fr-FR\",\"@id\":\"https:\/\/inmocosta.com\/fr\/#\/schema\/person\/image\/\",\"url\":\"https:\/\/secure.gravatar.com\/avatar\/6fcb462a4ecd1323c01cea6303344762c4ebd0c5a2d8936b060b9188b467a7e9?s=96&d=mm&r=g\",\"contentUrl\":\"https:\/\/secure.gravatar.com\/avatar\/6fcb462a4ecd1323c01cea6303344762c4ebd0c5a2d8936b060b9188b467a7e9?s=96&d=mm&r=g\",\"caption\":\"info@inmocosta.com\"}}]}<\/script>\n<!-- \/ Yoast SEO plugin. -->","yoast_head_json":{"title":"14 curiosit\u00e9s que vous ne connaissiez peut-\u00eatre pas sur la Tour Eiffel. - Inmocosta API l&#039;Estartit","description":"14 curiosit\u00e9s que vous ne connaissiez peut-\u00eatre pas sur la Tour Eiffel. - Inmocosta API Estartit","robots":{"index":"index","follow":"follow","max-snippet":"max-snippet:-1","max-image-preview":"max-image-preview:large","max-video-preview":"max-video-preview:-1"},"canonical":"https:\/\/inmocosta.com\/fr\/14-curiosites-que-vous-ne-connaissiez-peut-etre-pas-sur-la-tour-eiffel\/","og_locale":"fr_FR","og_type":"article","og_title":"14 curiosit\u00e9s que vous ne connaissiez peut-\u00eatre pas sur la Tour Eiffel. - Inmocosta API l&#039;Estartit","og_description":"14 curiosit\u00e9s que vous ne connaissiez peut-\u00eatre pas sur la Tour Eiffel. - Inmocosta API Estartit","og_url":"https:\/\/inmocosta.com\/fr\/14-curiosites-que-vous-ne-connaissiez-peut-etre-pas-sur-la-tour-eiffel\/","og_site_name":"- Inmocosta API l&#039;Estartit","article_publisher":"https:\/\/www.facebook.com\/inmocostaapi\/","article_published_time":"2023-01-26T11:18:04+00:00","article_modified_time":"2023-01-26T11:46:01+00:00","og_image":[{"width":1441,"height":1920,"url":"https:\/\/inmocosta.com\/wp-content\/uploads\/2023\/01\/torre-eiffel.jpeg","type":"image\/jpeg"}],"author":"info@inmocosta.com","twitter_card":"summary_large_image","twitter_misc":{"\u00c9crit par":"info@inmocosta.com","Dur\u00e9e de lecture estim\u00e9e":"4 minutes"},"schema":{"@context":"https:\/\/schema.org","@graph":[{"@type":"Article","@id":"https:\/\/inmocosta.com\/fr\/14-curiosites-que-vous-ne-connaissiez-peut-etre-pas-sur-la-tour-eiffel\/#article","isPartOf":{"@id":"https:\/\/inmocosta.com\/fr\/14-curiosites-que-vous-ne-connaissiez-peut-etre-pas-sur-la-tour-eiffel\/"},"author":{"name":"info@inmocosta.com","@id":"https:\/\/inmocosta.com\/fr\/#\/schema\/person\/c1158d0f764ec40f4b366ff7afc7ddd8"},"headline":"14 curiosit\u00e9s que vous ne connaissiez peut-\u00eatre pas sur la Tour Eiffel.","datePublished":"2023-01-26T11:18:04+00:00","dateModified":"2023-01-26T11:46:01+00:00","mainEntityOfPage":{"@id":"https:\/\/inmocosta.com\/fr\/14-curiosites-que-vous-ne-connaissiez-peut-etre-pas-sur-la-tour-eiffel\/"},"wordCount":737,"publisher":{"@id":"https:\/\/inmocosta.com\/fr\/#organization"},"articleSection":["Compra Vivendes"],"inLanguage":"fr-FR"},{"@type":"WebPage","@id":"https:\/\/inmocosta.com\/fr\/14-curiosites-que-vous-ne-connaissiez-peut-etre-pas-sur-la-tour-eiffel\/","url":"https:\/\/inmocosta.com\/fr\/14-curiosites-que-vous-ne-connaissiez-peut-etre-pas-sur-la-tour-eiffel\/","name":"14 curiosit\u00e9s que vous ne connaissiez peut-\u00eatre pas sur la Tour Eiffel. - Inmocosta API l&#039;Estartit","isPartOf":{"@id":"https:\/\/inmocosta.com\/fr\/#website"},"datePublished":"2023-01-26T11:18:04+00:00","dateModified":"2023-01-26T11:46:01+00:00","description":"14 curiosit\u00e9s que vous ne connaissiez peut-\u00eatre pas sur la Tour Eiffel. - Inmocosta API Estartit","breadcrumb":{"@id":"https:\/\/inmocosta.com\/fr\/14-curiosites-que-vous-ne-connaissiez-peut-etre-pas-sur-la-tour-eiffel\/#breadcrumb"},"inLanguage":"fr-FR","potentialAction":[{"@type":"ReadAction","target":["https:\/\/inmocosta.com\/fr\/14-curiosites-que-vous-ne-connaissiez-peut-etre-pas-sur-la-tour-eiffel\/"]}]},{"@type":"BreadcrumbList","@id":"https:\/\/inmocosta.com\/fr\/14-curiosites-que-vous-ne-connaissiez-peut-etre-pas-sur-la-tour-eiffel\/#breadcrumb","itemListElement":[{"@type":"ListItem","position":1,"name":"Home","item":"https:\/\/inmocosta.com\/fr\/"},{"@type":"ListItem","position":2,"name":"14 curiosit\u00e9s que vous ne connaissiez peut-\u00eatre pas sur la Tour Eiffel."}]},{"@type":"WebSite","@id":"https:\/\/inmocosta.com\/fr\/#website","url":"https:\/\/inmocosta.com\/fr\/","name":"- Inmocosta API l&#039;Estartit","description":"Ag\u00e8ncia immobiliaria dedicada exclusivament a la compra venda d\u00b4immobles . L&#039;assessorem en la compra del seu habitatge. Comprar cases, pisos, apartaments.","publisher":{"@id":"https:\/\/inmocosta.com\/fr\/#organization"},"potentialAction":[{"@type":"SearchAction","target":{"@type":"EntryPoint","urlTemplate":"https:\/\/inmocosta.com\/fr\/?s={search_term_string}"},"query-input":"required name=search_term_string"}],"inLanguage":"fr-FR"},{"@type":"Organization","@id":"https:\/\/inmocosta.com\/fr\/#organization","name":"Inmocosta API L'Estartit","url":"https:\/\/inmocosta.com\/fr\/","logo":{"@type":"ImageObject","inLanguage":"fr-FR","@id":"https:\/\/inmocosta.com\/fr\/#\/schema\/logo\/image\/","url":"https:\/\/inmocosta.com\/wp-content\/uploads\/2025\/01\/imatge_usuari.png","contentUrl":"https:\/\/inmocosta.com\/wp-content\/uploads\/2025\/01\/imatge_usuari.png","width":500,"height":500,"caption":"Inmocosta API L'Estartit"},"image":{"@id":"https:\/\/inmocosta.com\/fr\/#\/schema\/logo\/image\/"},"sameAs":["https:\/\/www.facebook.com\/inmocostaapi\/","https:\/\/www.instagram.com\/inmocosta_api\/","https:\/\/www.youtube.com\/channel\/UCidmbkY6BpJG9MA_OQUZgYQ"]},{"@type":"Person","@id":"https:\/\/inmocosta.com\/fr\/#\/schema\/person\/c1158d0f764ec40f4b366ff7afc7ddd8","name":"info@inmocosta.com","image":{"@type":"ImageObject","inLanguage":"fr-FR","@id":"https:\/\/inmocosta.com\/fr\/#\/schema\/person\/image\/","url":"https:\/\/secure.gravatar.com\/avatar\/6fcb462a4ecd1323c01cea6303344762c4ebd0c5a2d8936b060b9188b467a7e9?s=96&d=mm&r=g","contentUrl":"https:\/\/secure.gravatar.com\/avatar\/6fcb462a4ecd1323c01cea6303344762c4ebd0c5a2d8936b060b9188b467a7e9?s=96&d=mm&r=g","caption":"info@inmocosta.com"}}]}},"_links":{"self":[{"href":"https:\/\/inmocosta.com\/fr\/wp-json\/wp\/v2\/posts\/75491","targetHints":{"allow":["GET"]}}],"collection":[{"href":"https:\/\/inmocosta.com\/fr\/wp-json\/wp\/v2\/posts"}],"about":[{"href":"https:\/\/inmocosta.com\/fr\/wp-json\/wp\/v2\/types\/post"}],"author":[{"embeddable":true,"href":"https:\/\/inmocosta.com\/fr\/wp-json\/wp\/v2\/users\/1"}],"replies":[{"embeddable":true,"href":"https:\/\/inmocosta.com\/fr\/wp-json\/wp\/v2\/comments?post=75491"}],"version-history":[{"count":3,"href":"https:\/\/inmocosta.com\/fr\/wp-json\/wp\/v2\/posts\/75491\/revisions"}],"predecessor-version":[{"id":75501,"href":"https:\/\/inmocosta.com\/fr\/wp-json\/wp\/v2\/posts\/75491\/revisions\/75501"}],"wp:featuredmedia":[{"embeddable":true,"href":"https:\/\/inmocosta.com\/fr\/wp-json\/wp\/v2\/media\/75478"}],"wp:attachment":[{"href":"https:\/\/inmocosta.com\/fr\/wp-json\/wp\/v2\/media?parent=75491"}],"wp:term":[{"taxonomy":"category","embeddable":true,"href":"https:\/\/inmocosta.com\/fr\/wp-json\/wp\/v2\/categories?post=75491"},{"taxonomy":"post_tag","embeddable":true,"href":"https:\/\/inmocosta.com\/fr\/wp-json\/wp\/v2\/tags?post=75491"}],"curies":[{"name":"wp","href":"https:\/\/api.w.org\/{rel}","templated":true}]}}